{"id":2321,"date":"2017-03-20T13:36:57","date_gmt":"2017-03-20T12:36:57","guid":{"rendered":"http:\/\/www.francas71.org\/projetscitoyens\/?p=2321"},"modified":"2019-12-16T15:05:07","modified_gmt":"2019-12-16T14:05:07","slug":"spme2017-1ere-journee-au-college-prudhon-de-cluny","status":"publish","type":"post","link":"http:\/\/projetscitoyens.francas71.org\/?p=2321","title":{"rendered":"SPME2017 \/ 1\u00e8re journ\u00e9e au coll\u00e8ge Prud&rsquo;hon de Cluny"},"content":{"rendered":"<h3><span style=\"color: #800080;\">Lundi 20 mars 2017, 10h05, quelques \u00e9l\u00e8ves du coll\u00e8ge Prud&rsquo;hon arrivent dans le CDI. Ils d\u00e9couvrent le kiosque d&rsquo;expression install\u00e9 dans l&rsquo;espace. Interrogations, h\u00e9sitations, puis apr\u00e8s un petit temps de dialogue avec Mme Cr\u00e9mona, la documentaliste et un animateur des Francas, ils prennent le temps de consulter les visuels propos\u00e9s.<\/span><\/h3>\n<p>Le temps pour eux de les parcourir, et voila d\u00e9j\u00e0 Nicolas et Timo qui se lancent pour les premiers \u00ab\u00a0billets\u00a0\u00bb courts en r\u00e9action aux affiches pr\u00e9sent\u00e9es. Puis c&rsquo;est au tour de Tristan et Liora, Eliott et Gaspard, Agathe, Boris et enfin Swann pour conclure cette premi\u00e8re s\u00e9rie d&rsquo;enregistrements.<\/p>\n<p>Bonne \u00e9coute.<\/p>\n<p>&nbsp;<\/p>\n<p><strong>Billet 1 : Nicolas et Timo (\u00e9l\u00e8ves de 6\u00e8me)<\/strong><br \/>\n<!--[if lt IE 9]><script>document.createElement('audio');<\/script><![endif]-->\n<audio class=\"wp-audio-shortcode\" id=\"audio-2321-1\" preload=\"none\" style=\"width: 100%;\" controls=\"controls\"><source type=\"audio\/mpeg\" src=\"http:\/\/www.francas71.org\/projetscitoyens\/wp-content\/uploads\/2017\/03\/lundi-g1.mp3?_=1\" \/><a href=\"http:\/\/www.francas71.org\/projetscitoyens\/wp-content\/uploads\/2017\/03\/lundi-g1.mp3\">http:\/\/www.francas71.org\/projetscitoyens\/wp-content\/uploads\/2017\/03\/lundi-g1.mp3<\/a><\/audio><\/p>\n<p><strong>Billet 2 : Tristan (\u00e9l\u00e8ve de 5\u00e8me) et Liora (\u00e9l\u00e8ve de 6\u00e8me)<\/strong><br \/>\n<audio class=\"wp-audio-shortcode\" id=\"audio-2321-2\" preload=\"none\" style=\"width: 100%;\" controls=\"controls\"><source type=\"audio\/mpeg\" src=\"http:\/\/www.francas71.org\/projetscitoyens\/wp-content\/uploads\/2017\/03\/lundi-g2.mp3?_=2\" \/><a href=\"http:\/\/www.francas71.org\/projetscitoyens\/wp-content\/uploads\/2017\/03\/lundi-g2.mp3\">http:\/\/www.francas71.org\/projetscitoyens\/wp-content\/uploads\/2017\/03\/lundi-g2.mp3<\/a><\/audio><\/p>\n<p><strong>Billet 3 : Eliott et Gaspard (\u00e9l\u00e8ves de 5\u00e8me)<\/strong><br \/>\n<audio class=\"wp-audio-shortcode\" id=\"audio-2321-3\" preload=\"none\" style=\"width: 100%;\" controls=\"controls\"><source type=\"audio\/mpeg\" src=\"http:\/\/www.francas71.org\/projetscitoyens\/wp-content\/uploads\/2017\/03\/lundi-g3.mp3?_=3\" \/><a href=\"http:\/\/www.francas71.org\/projetscitoyens\/wp-content\/uploads\/2017\/03\/lundi-g3.mp3\">http:\/\/www.francas71.org\/projetscitoyens\/wp-content\/uploads\/2017\/03\/lundi-g3.mp3<\/a><\/audio><\/p>\n<p><strong>Billet 4 : Agathe (\u00e9l\u00e8ve de 3\u00e8me)<\/strong><br \/>\n<audio class=\"wp-audio-shortcode\" id=\"audio-2321-4\" preload=\"none\" style=\"width: 100%;\" controls=\"controls\"><source type=\"audio\/mpeg\" src=\"http:\/\/www.francas71.org\/projetscitoyens\/wp-content\/uploads\/2017\/03\/lundi-g4.mp3?_=4\" \/><a href=\"http:\/\/www.francas71.org\/projetscitoyens\/wp-content\/uploads\/2017\/03\/lundi-g4.mp3\">http:\/\/www.francas71.org\/projetscitoyens\/wp-content\/uploads\/2017\/03\/lundi-g4.mp3<\/a><\/audio><\/p>\n<p><strong>Billet 5 : Boris (\u00e9l\u00e8ve de 6\u00e8me)<\/strong><br \/>\n<audio class=\"wp-audio-shortcode\" id=\"audio-2321-5\" preload=\"none\" style=\"width: 100%;\" controls=\"controls\"><source type=\"audio\/mpeg\" src=\"http:\/\/www.francas71.org\/projetscitoyens\/wp-content\/uploads\/2017\/03\/lundi-g5.mp3?_=5\" \/><a href=\"http:\/\/www.francas71.org\/projetscitoyens\/wp-content\/uploads\/2017\/03\/lundi-g5.mp3\">http:\/\/www.francas71.org\/projetscitoyens\/wp-content\/uploads\/2017\/03\/lundi-g5.mp3<\/a><\/audio><\/p>\n<p><strong>Billet 6 : Swann (\u00e9l\u00e8ve de 6\u00e8me)<\/strong><br \/>\n<audio class=\"wp-audio-shortcode\" id=\"audio-2321-6\" preload=\"none\" style=\"width: 100%;\" controls=\"controls\"><source type=\"audio\/mpeg\" src=\"http:\/\/www.francas71.org\/projetscitoyens\/wp-content\/uploads\/2017\/03\/lundi-g6.mp3?_=6\" \/><a href=\"http:\/\/www.francas71.org\/projetscitoyens\/wp-content\/uploads\/2017\/03\/lundi-g6.mp3\">http:\/\/www.francas71.org\/projetscitoyens\/wp-content\/uploads\/2017\/03\/lundi-g6.mp3<\/a><\/audio><\/p>\n","protected":false},"excerpt":{"rendered":"<p>Lundi 20 mars 2017, 10h05, quelques \u00e9l\u00e8ves du coll\u00e8ge Prud&rsquo;hon arrivent dans le CDI. Ils d\u00e9couvrent le kiosque d&rsquo;expression install\u00e9 dans l&rsquo;espace. Interrogations, h\u00e9sitations, puis apr\u00e8s un petit temps de dialogue avec Mme Cr\u00e9mona, la documentaliste et un animateur des Francas, ils prennent le temps de consulter les visuels propos\u00e9s. Le temps pour eux de les parcourir, et voila d\u00e9j\u00e0 Nicolas et Timo qui se lancent pour les premiers \u00ab\u00a0billets\u00a0\u00bb courts en r\u00e9action aux affiches pr\u00e9sent\u00e9es. Puis c&rsquo;est au tour&#8230;<\/p>\n<p class=\"read-more\"><a class=\"btn btn-default\" href=\"http:\/\/projetscitoyens.francas71.org\/?p=2321\" onclick=\"return TrackClick('http%3A%2F%2Fprojetscitoyens.francas71.org%2F%3Fp%3D2321','Lire+la+suite+Lire+la+suite')\">Lire la suite<span class=\"screen-reader-text\"> Lire la suite<\/span><\/a><\/p>\n","protected":false},"author":1,"featured_media":2313,"comment_status":"open","ping_status":"open","sticky":false,"template":"","format":"standard","meta":{"jetpack_post_was_ever_published":false,"_jetpack_newsletter_access":"","_jetpack_dont_email_post_to_subs":false,"_jetpack_newsletter_tier_id":0,"_jetpack_memberships_contains_paywalled_content":false,"_jetpack_memberships_contains_paid_content":false,"footnotes":"","jetpack_publicize_message":"","jetpack_publicize_feature_enabled":true,"jetpack_social_post_already_shared":true,"jetpack_social_options":{"image_generator_settings":{"template":"highway","enabled":false},"version":2}},"categories":[230,214],"tags":[193,34,192,72,181],"class_list":["post-2321","post","type-post","status-publish","format-standard","has-post-thumbnail","hentry","category-2017-radio-jeunes","category-la-radio","tag-ados","tag-college","tag-expression","tag-jeunes","tag-radio"],"jetpack_publicize_connections":[],"jetpack_featured_media_url":"https:\/\/i0.wp.com\/projetscitoyens.francas71.org\/wp-content\/uploads\/2017\/03\/03.jpg?fit=1280%2C960","jetpack_sharing_enabled":true,"jetpack_shortlink":"https:\/\/wp.me\/p6M0zG-Br","jetpack-related-posts":[],"jetpack_likes_enabled":true,"_links":{"self":[{"href":"http:\/\/projetscitoyens.francas71.org\/index.php?rest_route=\/wp\/v2\/posts\/2321"}],"collection":[{"href":"http:\/\/projetscitoyens.francas71.org\/index.php?rest_route=\/wp\/v2\/posts"}],"about":[{"href":"http:\/\/projetscitoyens.francas71.org\/index.php?rest_route=\/wp\/v2\/types\/post"}],"author":[{"embeddable":true,"href":"http:\/\/projetscitoyens.francas71.org\/index.php?rest_route=\/wp\/v2\/users\/1"}],"replies":[{"embeddable":true,"href":"http:\/\/projetscitoyens.francas71.org\/index.php?rest_route=%2Fwp%2Fv2%2Fcomments&post=2321"}],"version-history":[{"count":4,"href":"http:\/\/projetscitoyens.francas71.org\/index.php?rest_route=\/wp\/v2\/posts\/2321\/revisions"}],"predecessor-version":[{"id":2325,"href":"http:\/\/projetscitoyens.francas71.org\/index.php?rest_route=\/wp\/v2\/posts\/2321\/revisions\/2325"}],"wp:featuredmedia":[{"embeddable":true,"href":"http:\/\/projetscitoyens.francas71.org\/index.php?rest_route=\/wp\/v2\/media\/2313"}],"wp:attachment":[{"href":"http:\/\/projetscitoyens.francas71.org\/index.php?rest_route=%2Fwp%2Fv2%2Fmedia&parent=2321"}],"wp:term":[{"taxonomy":"category","embeddable":true,"href":"http:\/\/projetscitoyens.francas71.org\/index.php?rest_route=%2Fwp%2Fv2%2Fcategories&post=2321"},{"taxonomy":"post_tag","embeddable":true,"href":"http:\/\/projetscitoyens.francas71.org\/index.php?rest_route=%2Fwp%2Fv2%2Ftags&post=2321"}],"curies":[{"name":"wp","href":"https:\/\/api.w.org\/{rel}","templated":true}]}}