{"id":2336,"date":"2017-03-22T10:27:54","date_gmt":"2017-03-22T09:27:54","guid":{"rendered":"http:\/\/www.francas71.org\/projetscitoyens\/?p=2336"},"modified":"2019-12-16T15:05:29","modified_gmt":"2019-12-16T14:05:29","slug":"spme2017-2eme-journee-au-kiosque-dexpression-radio-du-college-prudhon-de-cluny","status":"publish","type":"post","link":"http:\/\/projetscitoyens.francas71.org\/?p=2336","title":{"rendered":"#spme2017 \/ 2\u00e8me journ\u00e9e au kiosque d&rsquo;expression radio du coll\u00e8ge Prud&rsquo;Hon de Cluny"},"content":{"rendered":"<h3><span style=\"color: #800080;\">Le kiosque d&rsquo;expression radio s&rsquo;est de nouveau install\u00e9 au coll\u00e8ge Prud&rsquo;Hon de Cluny pour ce mardi 21 mars 2017. Apr\u00e8s une premi\u00e8re journ\u00e9e timide, les jeunes se sont montr\u00e9s plus entreprenants pour s&rsquo;exprimer sur les questions de discriminations et de lutte contre le racisme.<\/span><\/h3>\n<p>Un grand merci et f\u00e9licitations \u00e0 Nicolas, Oph\u00e9lie, Rodrigo, Ketty, Jeanne, Layla, Lucie, Jeanne, Justine, Margot, Lola, S\u00e9l\u00e8ne, Alicia, Lucie, L\u00e9a, Emma et Aline pour leurs contributions. A \u00e9couter ci-dessous.<\/p>\n<p>&nbsp;<\/p>\n<p><strong>Billet 1 : Nicolas et Oph\u00e9lie (\u00e9l\u00e8ves de 6\u00e8me)<\/strong><br \/>\n<!--[if lt IE 9]><script>document.createElement('audio');<\/script><![endif]-->\n<audio class=\"wp-audio-shortcode\" id=\"audio-2336-1\" preload=\"none\" style=\"width: 100%;\" controls=\"controls\"><source type=\"audio\/mpeg\" src=\"http:\/\/www.francas71.org\/projetscitoyens\/wp-content\/uploads\/2017\/03\/mardi-g1.mp3?_=1\" \/><a href=\"http:\/\/www.francas71.org\/projetscitoyens\/wp-content\/uploads\/2017\/03\/mardi-g1.mp3\">http:\/\/www.francas71.org\/projetscitoyens\/wp-content\/uploads\/2017\/03\/mardi-g1.mp3<\/a><\/audio><\/p>\n<p><strong>Billet 2 : Rodrigo et Ketty (\u00e9l\u00e8ves de 5\u00e8me)<\/strong><br \/>\n<audio class=\"wp-audio-shortcode\" id=\"audio-2336-2\" preload=\"none\" style=\"width: 100%;\" controls=\"controls\"><source type=\"audio\/mpeg\" src=\"http:\/\/www.francas71.org\/projetscitoyens\/wp-content\/uploads\/2017\/03\/mardi-g2.mp3?_=2\" \/><a href=\"http:\/\/www.francas71.org\/projetscitoyens\/wp-content\/uploads\/2017\/03\/mardi-g2.mp3\">http:\/\/www.francas71.org\/projetscitoyens\/wp-content\/uploads\/2017\/03\/mardi-g2.mp3<\/a><\/audio><\/p>\n<p><strong>Billet 3 : Jeanne et Layla (\u00e9l\u00e8ves de 6\u00e8me)<\/strong><br \/>\n<audio class=\"wp-audio-shortcode\" id=\"audio-2336-3\" preload=\"none\" style=\"width: 100%;\" controls=\"controls\"><source type=\"audio\/mpeg\" src=\"http:\/\/www.francas71.org\/projetscitoyens\/wp-content\/uploads\/2017\/03\/mardi-g3.mp3?_=3\" \/><a href=\"http:\/\/www.francas71.org\/projetscitoyens\/wp-content\/uploads\/2017\/03\/mardi-g3.mp3\">http:\/\/www.francas71.org\/projetscitoyens\/wp-content\/uploads\/2017\/03\/mardi-g3.mp3<\/a><\/audio><\/p>\n<p><strong>Billet 4 : Lucie et Jeanne (\u00e9l\u00e8ves de 6\u00e8me)<\/strong><br \/>\n<audio class=\"wp-audio-shortcode\" id=\"audio-2336-4\" preload=\"none\" style=\"width: 100%;\" controls=\"controls\"><source type=\"audio\/mpeg\" src=\"http:\/\/www.francas71.org\/projetscitoyens\/wp-content\/uploads\/2017\/03\/mardi-g6.mp3?_=4\" \/><a href=\"http:\/\/www.francas71.org\/projetscitoyens\/wp-content\/uploads\/2017\/03\/mardi-g6.mp3\">http:\/\/www.francas71.org\/projetscitoyens\/wp-content\/uploads\/2017\/03\/mardi-g6.mp3<\/a><\/audio><\/p>\n<p><strong>Billet 5 : Justine (\u00e9l\u00e8ve de 6\u00e8me) et Margot (\u00e9l\u00e8ve de 5\u00e8me)<\/strong><br \/>\n<audio class=\"wp-audio-shortcode\" id=\"audio-2336-5\" preload=\"none\" style=\"width: 100%;\" controls=\"controls\"><source type=\"audio\/mpeg\" src=\"http:\/\/www.francas71.org\/projetscitoyens\/wp-content\/uploads\/2017\/03\/mardi-g7.mp3?_=5\" \/><a href=\"http:\/\/www.francas71.org\/projetscitoyens\/wp-content\/uploads\/2017\/03\/mardi-g7.mp3\">http:\/\/www.francas71.org\/projetscitoyens\/wp-content\/uploads\/2017\/03\/mardi-g7.mp3<\/a><\/audio><\/p>\n<p><strong>Billet 6 : Lola, S\u00e9l\u00e8ne et Alicia (\u00e9l\u00e8ves de 6\u00e8me)<\/strong><br \/>\n<audio class=\"wp-audio-shortcode\" id=\"audio-2336-6\" preload=\"none\" style=\"width: 100%;\" controls=\"controls\"><source type=\"audio\/mpeg\" src=\"http:\/\/www.francas71.org\/projetscitoyens\/wp-content\/uploads\/2017\/03\/mardi-g8.mp3?_=6\" \/><a href=\"http:\/\/www.francas71.org\/projetscitoyens\/wp-content\/uploads\/2017\/03\/mardi-g8.mp3\">http:\/\/www.francas71.org\/projetscitoyens\/wp-content\/uploads\/2017\/03\/mardi-g8.mp3<\/a><\/audio><\/p>\n<p><strong>Billet 7 : Lucie et L\u00e9a (\u00e9l\u00e8ves de 6\u00e8me)<\/strong><br \/>\n<audio class=\"wp-audio-shortcode\" id=\"audio-2336-7\" preload=\"none\" style=\"width: 100%;\" controls=\"controls\"><source type=\"audio\/mpeg\" src=\"http:\/\/www.francas71.org\/projetscitoyens\/wp-content\/uploads\/2017\/03\/mardi-g9.mp3?_=7\" \/><a href=\"http:\/\/www.francas71.org\/projetscitoyens\/wp-content\/uploads\/2017\/03\/mardi-g9.mp3\">http:\/\/www.francas71.org\/projetscitoyens\/wp-content\/uploads\/2017\/03\/mardi-g9.mp3<\/a><\/audio><\/p>\n<p><strong>Billet 8 : Emma et Aline (\u00e9l\u00e8ves de 6\u00e8me)<\/strong><br \/>\n<audio class=\"wp-audio-shortcode\" id=\"audio-2336-8\" preload=\"none\" style=\"width: 100%;\" controls=\"controls\"><source type=\"audio\/mpeg\" src=\"http:\/\/www.francas71.org\/projetscitoyens\/wp-content\/uploads\/2017\/03\/mardi-g10.mp3?_=8\" \/><a href=\"http:\/\/www.francas71.org\/projetscitoyens\/wp-content\/uploads\/2017\/03\/mardi-g10.mp3\">http:\/\/www.francas71.org\/projetscitoyens\/wp-content\/uploads\/2017\/03\/mardi-g10.mp3<\/a><\/audio><\/p>\n","protected":false},"excerpt":{"rendered":"<p>Le kiosque d&rsquo;expression radio s&rsquo;est de nouveau install\u00e9 au coll\u00e8ge Prud&rsquo;Hon de Cluny pour ce mardi 21 mars 2017. Apr\u00e8s une premi\u00e8re journ\u00e9e timide, les jeunes se sont montr\u00e9s plus entreprenants pour s&rsquo;exprimer sur les questions de discriminations et de lutte contre le racisme. Un grand merci et f\u00e9licitations \u00e0 Nicolas, Oph\u00e9lie, Rodrigo, Ketty, Jeanne, Layla, Lucie, Jeanne, Justine, Margot, Lola, S\u00e9l\u00e8ne, Alicia, Lucie, L\u00e9a, Emma et Aline pour leurs contributions. A \u00e9couter ci-dessous. &nbsp; Billet 1 : Nicolas et&#8230;<\/p>\n<p class=\"read-more\"><a class=\"btn btn-default\" href=\"http:\/\/projetscitoyens.francas71.org\/?p=2336\" onclick=\"return TrackClick('http%3A%2F%2Fprojetscitoyens.francas71.org%2F%3Fp%3D2336','Lire+la+suite+Lire+la+suite')\">Lire la suite<span class=\"screen-reader-text\"> Lire la suite<\/span><\/a><\/p>\n","protected":false},"author":1,"featured_media":2338,"comment_status":"open","ping_status":"open","sticky":false,"template":"","format":"standard","meta":{"jetpack_post_was_ever_published":false,"_jetpack_newsletter_access":"","_jetpack_dont_email_post_to_subs":false,"_jetpack_newsletter_tier_id":0,"_jetpack_memberships_contains_paywalled_content":false,"_jetpack_memberships_contains_paid_content":false,"footnotes":"","jetpack_publicize_message":"","jetpack_publicize_feature_enabled":true,"jetpack_social_post_already_shared":true,"jetpack_social_options":{"image_generator_settings":{"template":"highway","enabled":false},"version":2}},"categories":[230,214],"tags":[193,34,123,192,181],"class_list":["post-2336","post","type-post","status-publish","format-standard","has-post-thumbnail","hentry","category-2017-radio-jeunes","category-la-radio","tag-ados","tag-college","tag-education","tag-expression","tag-radio"],"jetpack_publicize_connections":[],"jetpack_featured_media_url":"https:\/\/i0.wp.com\/projetscitoyens.francas71.org\/wp-content\/uploads\/2017\/03\/08.jpg?fit=1280%2C960","jetpack_sharing_enabled":true,"jetpack_shortlink":"https:\/\/wp.me\/p6M0zG-BG","jetpack-related-posts":[],"jetpack_likes_enabled":true,"_links":{"self":[{"href":"http:\/\/projetscitoyens.francas71.org\/index.php?rest_route=\/wp\/v2\/posts\/2336"}],"collection":[{"href":"http:\/\/projetscitoyens.francas71.org\/index.php?rest_route=\/wp\/v2\/posts"}],"about":[{"href":"http:\/\/projetscitoyens.francas71.org\/index.php?rest_route=\/wp\/v2\/types\/post"}],"author":[{"embeddable":true,"href":"http:\/\/projetscitoyens.francas71.org\/index.php?rest_route=\/wp\/v2\/users\/1"}],"replies":[{"embeddable":true,"href":"http:\/\/projetscitoyens.francas71.org\/index.php?rest_route=%2Fwp%2Fv2%2Fcomments&post=2336"}],"version-history":[{"count":1,"href":"http:\/\/projetscitoyens.francas71.org\/index.php?rest_route=\/wp\/v2\/posts\/2336\/revisions"}],"predecessor-version":[{"id":2337,"href":"http:\/\/projetscitoyens.francas71.org\/index.php?rest_route=\/wp\/v2\/posts\/2336\/revisions\/2337"}],"wp:featuredmedia":[{"embeddable":true,"href":"http:\/\/projetscitoyens.francas71.org\/index.php?rest_route=\/wp\/v2\/media\/2338"}],"wp:attachment":[{"href":"http:\/\/projetscitoyens.francas71.org\/index.php?rest_route=%2Fwp%2Fv2%2Fmedia&parent=2336"}],"wp:term":[{"taxonomy":"category","embeddable":true,"href":"http:\/\/projetscitoyens.francas71.org\/index.php?rest_route=%2Fwp%2Fv2%2Fcategories&post=2336"},{"taxonomy":"post_tag","embeddable":true,"href":"http:\/\/projetscitoyens.francas71.org\/index.php?rest_route=%2Fwp%2Fv2%2Ftags&post=2336"}],"curies":[{"name":"wp","href":"https:\/\/api.w.org\/{rel}","templated":true}]}}