{"id":2341,"date":"2017-03-24T14:03:21","date_gmt":"2017-03-24T13:03:21","guid":{"rendered":"http:\/\/www.francas71.org\/projetscitoyens\/?p=2341"},"modified":"2019-12-16T15:05:51","modified_gmt":"2019-12-16T14:05:51","slug":"spme2017-dernier-jour-du-kiosque-dexpression-radio-a-cluny","status":"publish","type":"post","link":"http:\/\/projetscitoyens.francas71.org\/?p=2341","title":{"rendered":"#spme2017 \/ dernier jour du kiosque d&rsquo;expression radio \u00e0 Cluny"},"content":{"rendered":"<h3><span style=\"color: #800080;\">Vendredi 24 mars, 10h, dernier jour du kiosque d&rsquo;expression radio install\u00e9 dans le CDI du coll\u00e8ge Prud&rsquo;hon de Cluny. Avec les deux derniers billets pour cette semaine de la presse.<\/span><\/h3>\n<p>Et ce sont encore des filles qui se sont empar\u00e9es du micro pour s&rsquo;exprimer : Lucie, Alicia, Laura et No\u00e9mie.<\/p>\n<p>&nbsp;<\/p>\n<p><strong>Billet 1 : Lucie et Alicia (\u00e9l\u00e8ves de 6\u00e8me)<\/strong><br \/>\n<!--[if lt IE 9]><script>document.createElement('audio');<\/script><![endif]-->\n<audio class=\"wp-audio-shortcode\" id=\"audio-2341-1\" preload=\"none\" style=\"width: 100%;\" controls=\"controls\"><source type=\"audio\/mpeg\" src=\"http:\/\/www.francas71.org\/projetscitoyens\/wp-content\/uploads\/2017\/03\/vendredi-g1.mp3?_=1\" \/><a href=\"http:\/\/www.francas71.org\/projetscitoyens\/wp-content\/uploads\/2017\/03\/vendredi-g1.mp3\">http:\/\/www.francas71.org\/projetscitoyens\/wp-content\/uploads\/2017\/03\/vendredi-g1.mp3<\/a><\/audio><\/p>\n<p><strong>Billet 2 : Laura (\u00e9l\u00e8ve de 3\u00e8me) et No\u00e9mie (\u00e9l\u00e8ve de 6\u00e8me)<\/strong><br \/>\n<audio class=\"wp-audio-shortcode\" id=\"audio-2341-2\" preload=\"none\" style=\"width: 100%;\" controls=\"controls\"><source type=\"audio\/mpeg\" src=\"http:\/\/www.francas71.org\/projetscitoyens\/wp-content\/uploads\/2017\/03\/vendredi-g2.mp3?_=2\" \/><a href=\"http:\/\/www.francas71.org\/projetscitoyens\/wp-content\/uploads\/2017\/03\/vendredi-g2.mp3\">http:\/\/www.francas71.org\/projetscitoyens\/wp-content\/uploads\/2017\/03\/vendredi-g2.mp3<\/a><\/audio><\/p>\n","protected":false},"excerpt":{"rendered":"<p>Vendredi 24 mars, 10h, dernier jour du kiosque d&rsquo;expression radio install\u00e9 dans le CDI du coll\u00e8ge Prud&rsquo;hon de Cluny. Avec les deux derniers billets pour cette semaine de la presse. Et ce sont encore des filles qui se sont empar\u00e9es du micro pour s&rsquo;exprimer : Lucie, Alicia, Laura et No\u00e9mie. &nbsp; Billet 1 : Lucie et Alicia (\u00e9l\u00e8ves de 6\u00e8me) Billet 2 : Laura (\u00e9l\u00e8ve de 3\u00e8me) et No\u00e9mie (\u00e9l\u00e8ve de 6\u00e8me)<\/p>\n","protected":false},"author":1,"featured_media":2343,"comment_status":"open","ping_status":"open","sticky":false,"template":"","format":"standard","meta":{"jetpack_post_was_ever_published":false,"_jetpack_newsletter_access":"","_jetpack_dont_email_post_to_subs":false,"_jetpack_newsletter_tier_id":0,"_jetpack_memberships_contains_paywalled_content":false,"_jetpack_memberships_contains_paid_content":false,"footnotes":"","jetpack_publicize_message":"","jetpack_publicize_feature_enabled":true,"jetpack_social_post_already_shared":true,"jetpack_social_options":{"image_generator_settings":{"template":"highway","enabled":false},"version":2}},"categories":[230,214],"tags":[193,192,206,207,181],"class_list":["post-2341","post","type-post","status-publish","format-standard","has-post-thumbnail","hentry","category-2017-radio-jeunes","category-la-radio","tag-ados","tag-expression","tag-filles","tag-medias","tag-radio"],"jetpack_publicize_connections":[],"jetpack_featured_media_url":"https:\/\/i0.wp.com\/projetscitoyens.francas71.org\/wp-content\/uploads\/2017\/03\/20170321_133829.jpg?fit=1777%2C1000","jetpack_sharing_enabled":true,"jetpack_shortlink":"https:\/\/wp.me\/p6M0zG-BL","jetpack-related-posts":[],"jetpack_likes_enabled":true,"_links":{"self":[{"href":"http:\/\/projetscitoyens.francas71.org\/index.php?rest_route=\/wp\/v2\/posts\/2341"}],"collection":[{"href":"http:\/\/projetscitoyens.francas71.org\/index.php?rest_route=\/wp\/v2\/posts"}],"about":[{"href":"http:\/\/projetscitoyens.francas71.org\/index.php?rest_route=\/wp\/v2\/types\/post"}],"author":[{"embeddable":true,"href":"http:\/\/projetscitoyens.francas71.org\/index.php?rest_route=\/wp\/v2\/users\/1"}],"replies":[{"embeddable":true,"href":"http:\/\/projetscitoyens.francas71.org\/index.php?rest_route=%2Fwp%2Fv2%2Fcomments&post=2341"}],"version-history":[{"count":2,"href":"http:\/\/projetscitoyens.francas71.org\/index.php?rest_route=\/wp\/v2\/posts\/2341\/revisions"}],"predecessor-version":[{"id":2344,"href":"http:\/\/projetscitoyens.francas71.org\/index.php?rest_route=\/wp\/v2\/posts\/2341\/revisions\/2344"}],"wp:featuredmedia":[{"embeddable":true,"href":"http:\/\/projetscitoyens.francas71.org\/index.php?rest_route=\/wp\/v2\/media\/2343"}],"wp:attachment":[{"href":"http:\/\/projetscitoyens.francas71.org\/index.php?rest_route=%2Fwp%2Fv2%2Fmedia&parent=2341"}],"wp:term":[{"taxonomy":"category","embeddable":true,"href":"http:\/\/projetscitoyens.francas71.org\/index.php?rest_route=%2Fwp%2Fv2%2Fcategories&post=2341"},{"taxonomy":"post_tag","embeddable":true,"href":"http:\/\/projetscitoyens.francas71.org\/index.php?rest_route=%2Fwp%2Fv2%2Ftags&post=2341"}],"curies":[{"name":"wp","href":"https:\/\/api.w.org\/{rel}","templated":true}]}}