{"id":2384,"date":"2017-05-05T06:47:40","date_gmt":"2017-05-05T05:47:40","guid":{"rendered":"http:\/\/www.francas71.org\/projetscitoyens\/?p=2384"},"modified":"2019-12-16T15:08:38","modified_gmt":"2019-12-16T14:08:38","slug":"atelier-citoyennete-a-lecole-kergomard-de-chalon-sur-saone-e1","status":"publish","type":"post","link":"http:\/\/projetscitoyens.francas71.org\/?p=2384","title":{"rendered":"Atelier citoyennet\u00e9 \u00e0 l&rsquo;\u00e9cole Kergomard de Chalon sur Sa\u00f4ne \/ E1"},"content":{"rendered":"<h3><span style=\"color: #666699;\">Jeudi 4 mai 2017, premi\u00e8re s\u00e9ance du nouvel atelier citoyennet\u00e9 dans le cadre de l&rsquo;accompagnement \u00e9ducatif \u00e0 l&rsquo;\u00e9cole Kergomard de Chalon sur Sa\u00f4ne.<\/span><\/h3>\n<p>14 enfants de 8\/10 ans se sont inscrits volontairement pour s&rsquo;exprimer, d\u00e9battre sur le vivre ensemble, jouer ensemble et d\u00e9couvrir la radio.<\/p>\n<p>Premi\u00e8re s\u00e9ance durant laquelle nous r\u00e9alisons une carte d&rsquo;identit\u00e9 personnelle en utilisant seulement le dessin et des chiffres. Puis un temps de jeu collectif de coop\u00e9ration.<\/p>\n<p>\u00c0 suivre tous les jeudis.<\/p>\n","protected":false},"excerpt":{"rendered":"<p>Jeudi 4 mai 2017, premi\u00e8re s\u00e9ance du nouvel atelier citoyennet\u00e9 dans le cadre de l&rsquo;accompagnement \u00e9ducatif \u00e0 l&rsquo;\u00e9cole Kergomard de Chalon sur Sa\u00f4ne. 14 enfants de 8\/10 ans se sont inscrits volontairement pour s&rsquo;exprimer, d\u00e9battre sur le vivre ensemble, jouer ensemble et d\u00e9couvrir la radio. Premi\u00e8re s\u00e9ance durant laquelle nous r\u00e9alisons une carte d&rsquo;identit\u00e9 personnelle en utilisant seulement le dessin et des chiffres. Puis un temps de jeu collectif de coop\u00e9ration. \u00c0 suivre tous les jeudis.<\/p>\n","protected":false},"author":1,"featured_media":2387,"comment_status":"open","ping_status":"open","sticky":false,"template":"","format":"standard","meta":{"jetpack_post_was_ever_published":false,"_jetpack_newsletter_access":"","_jetpack_dont_email_post_to_subs":false,"_jetpack_newsletter_tier_id":0,"_jetpack_memberships_contains_paywalled_content":false,"_jetpack_memberships_contains_paid_content":false,"footnotes":"","jetpack_publicize_message":"","jetpack_publicize_feature_enabled":true,"jetpack_social_post_already_shared":true,"jetpack_social_options":{"image_generator_settings":{"template":"highway","enabled":false},"version":2}},"categories":[119,215],"tags":[150,192,91,211],"class_list":["post-2384","post","type-post","status-publish","format-standard","has-post-thumbnail","hentry","category-agis-pour-tes-droits-2","category-agis-pour-tes-droits-2017","tag-citoyennete","tag-expression","tag-periscolaire","tag-vivre-ensemble"],"jetpack_publicize_connections":[],"jetpack_featured_media_url":"https:\/\/i0.wp.com\/projetscitoyens.francas71.org\/wp-content\/uploads\/2017\/05\/repmai01.jpg?fit=960%2C1280","jetpack_sharing_enabled":true,"jetpack_shortlink":"https:\/\/wp.me\/p6M0zG-Cs","jetpack-related-posts":[],"jetpack_likes_enabled":true,"_links":{"self":[{"href":"http:\/\/projetscitoyens.francas71.org\/index.php?rest_route=\/wp\/v2\/posts\/2384"}],"collection":[{"href":"http:\/\/projetscitoyens.francas71.org\/index.php?rest_route=\/wp\/v2\/posts"}],"about":[{"href":"http:\/\/projetscitoyens.francas71.org\/index.php?rest_route=\/wp\/v2\/types\/post"}],"author":[{"embeddable":true,"href":"http:\/\/projetscitoyens.francas71.org\/index.php?rest_route=\/wp\/v2\/users\/1"}],"replies":[{"embeddable":true,"href":"http:\/\/projetscitoyens.francas71.org\/index.php?rest_route=%2Fwp%2Fv2%2Fcomments&post=2384"}],"version-history":[{"count":2,"href":"http:\/\/projetscitoyens.francas71.org\/index.php?rest_route=\/wp\/v2\/posts\/2384\/revisions"}],"predecessor-version":[{"id":2386,"href":"http:\/\/projetscitoyens.francas71.org\/index.php?rest_route=\/wp\/v2\/posts\/2384\/revisions\/2386"}],"wp:featuredmedia":[{"embeddable":true,"href":"http:\/\/projetscitoyens.francas71.org\/index.php?rest_route=\/wp\/v2\/media\/2387"}],"wp:attachment":[{"href":"http:\/\/projetscitoyens.francas71.org\/index.php?rest_route=%2Fwp%2Fv2%2Fmedia&parent=2384"}],"wp:term":[{"taxonomy":"category","embeddable":true,"href":"http:\/\/projetscitoyens.francas71.org\/index.php?rest_route=%2Fwp%2Fv2%2Fcategories&post=2384"},{"taxonomy":"post_tag","embeddable":true,"href":"http:\/\/projetscitoyens.francas71.org\/index.php?rest_route=%2Fwp%2Fv2%2Ftags&post=2384"}],"curies":[{"name":"wp","href":"https:\/\/api.w.org\/{rel}","templated":true}]}}