{"id":2394,"date":"2017-07-11T09:42:10","date_gmt":"2017-07-11T08:42:10","guid":{"rendered":"http:\/\/www.francas71.org\/projetscitoyens\/?p=2394"},"modified":"2019-12-16T15:08:51","modified_gmt":"2019-12-16T14:08:51","slug":"radio-bafa-enregistrements-demission-radio-sur-un-stage-bafa","status":"publish","type":"post","link":"http:\/\/projetscitoyens.francas71.org\/?p=2394","title":{"rendered":"Radio BAFA &#8211; enregistrements d&rsquo;\u00e9mission radio sur un stage BAFA"},"content":{"rendered":"<h3><span style=\"color: #008000;\">Lors du stage BAFA approfondissement organis\u00e9 par les Francas de Bourgogne Franche-Comt\u00e9 sur le site de la MFR de Mazille (du 3 au 8 juillet 2017), l&rsquo;\u00e9quipe de formateurs a propos\u00e9 aux stagiaires des temps formels consacr\u00e9s aux m\u00e9dias.<\/span><\/h3>\n<p>L&rsquo;objectif \u00e9tait de faire d\u00e9couvrir l&rsquo;usage de diff\u00e9rents m\u00e9dias aux stagiaires pour une utilisation future avec des enfants et des adolescents. La une de presse, les r\u00e9seaux sociaux (Facebook et Twitter), les supports d&rsquo;images (Instagram et Snapchat) et la radio.<\/p>\n<p>L&rsquo;animation \u00e9tait structur\u00e9e en deux temps : un temps de production apr\u00e8s le repas de midi (durant 30 minutes) par petit groupe, puis un temps de pr\u00e9sentation des productions le matin.<\/p>\n<p>Vous pouvez retrouver ces productions sur les supports des Francas de Sa\u00f4ne et Loire. Et ci dessous les trois \u00e9missions de radio r\u00e9alis\u00e9es sur la semaine. Avec un jingle r\u00e9alis\u00e9 par Oc\u00e9ane, L\u00e9a et Alino\u00e9 (apr\u00e8s plusieurs minutes de fou-rires devant les micros)<\/p>\n<p>&nbsp;<br \/>\n<strong>Emission 1 : mercredi 5 juillet<\/strong><br \/>\n<!--[if lt IE 9]><script>document.createElement('audio');<\/script><![endif]-->\n<audio class=\"wp-audio-shortcode\" id=\"audio-2394-1\" preload=\"none\" style=\"width: 100%;\" controls=\"controls\"><source type=\"audio\/mpeg\" src=\"http:\/\/www.francas71.org\/projetscitoyens\/wp-content\/uploads\/2017\/07\/mercredi-5-juillet.mp3?_=1\" \/><a href=\"http:\/\/www.francas71.org\/projetscitoyens\/wp-content\/uploads\/2017\/07\/mercredi-5-juillet.mp3\">http:\/\/www.francas71.org\/projetscitoyens\/wp-content\/uploads\/2017\/07\/mercredi-5-juillet.mp3<\/a><\/audio><\/p>\n<p><strong>Emission 2 : jeudi 6 juillet<\/strong><br \/>\n<audio class=\"wp-audio-shortcode\" id=\"audio-2394-2\" preload=\"none\" style=\"width: 100%;\" controls=\"controls\"><source type=\"audio\/mpeg\" src=\"http:\/\/www.francas71.org\/projetscitoyens\/wp-content\/uploads\/2017\/07\/jeudi-6-juillet.mp3?_=2\" \/><a href=\"http:\/\/www.francas71.org\/projetscitoyens\/wp-content\/uploads\/2017\/07\/jeudi-6-juillet.mp3\">http:\/\/www.francas71.org\/projetscitoyens\/wp-content\/uploads\/2017\/07\/jeudi-6-juillet.mp3<\/a><\/audio><\/p>\n<p><strong>Emission 3 : vendredi 7 juillet<\/strong><br \/>\n<audio class=\"wp-audio-shortcode\" id=\"audio-2394-3\" preload=\"none\" style=\"width: 100%;\" controls=\"controls\"><source type=\"audio\/mpeg\" src=\"http:\/\/www.francas71.org\/projetscitoyens\/wp-content\/uploads\/2017\/07\/vendredi-7-juillet.mp3?_=3\" \/><a href=\"http:\/\/www.francas71.org\/projetscitoyens\/wp-content\/uploads\/2017\/07\/vendredi-7-juillet.mp3\">http:\/\/www.francas71.org\/projetscitoyens\/wp-content\/uploads\/2017\/07\/vendredi-7-juillet.mp3<\/a><\/audio><\/p>\n","protected":false},"excerpt":{"rendered":"<p>Lors du stage BAFA approfondissement organis\u00e9 par les Francas de Bourgogne Franche-Comt\u00e9 sur le site de la MFR de Mazille (du 3 au 8 juillet 2017), l&rsquo;\u00e9quipe de formateurs a propos\u00e9 aux stagiaires des temps formels consacr\u00e9s aux m\u00e9dias. L&rsquo;objectif \u00e9tait de faire d\u00e9couvrir l&rsquo;usage de diff\u00e9rents m\u00e9dias aux stagiaires pour une utilisation future avec des enfants et des adolescents. La une de presse, les r\u00e9seaux sociaux (Facebook et Twitter), les supports d&rsquo;images (Instagram et Snapchat) et la radio. L&rsquo;animation&#8230;<\/p>\n<p class=\"read-more\"><a class=\"btn btn-default\" href=\"http:\/\/projetscitoyens.francas71.org\/?p=2394\" onclick=\"return TrackClick('http%3A%2F%2Fprojetscitoyens.francas71.org%2F%3Fp%3D2394','Lire+la+suite+Lire+la+suite')\">Lire la suite<span class=\"screen-reader-text\"> Lire la suite<\/span><\/a><\/p>\n","protected":false},"author":1,"featured_media":2392,"comment_status":"open","ping_status":"open","sticky":false,"template":"","format":"standard","meta":{"jetpack_post_was_ever_published":false,"_jetpack_newsletter_access":"","_jetpack_dont_email_post_to_subs":false,"_jetpack_newsletter_tier_id":0,"_jetpack_memberships_contains_paywalled_content":false,"_jetpack_memberships_contains_paid_content":false,"footnotes":"","jetpack_publicize_message":"","jetpack_publicize_feature_enabled":true,"jetpack_social_post_already_shared":true,"jetpack_social_options":{"image_generator_settings":{"template":"highway","enabled":false},"version":2}},"categories":[120,234],"tags":[150,192,207,208],"class_list":["post-2394","post","type-post","status-publish","format-standard","has-post-thumbnail","hentry","category-engagement-des-jeunes","category-stages-bafa","tag-citoyennete","tag-expression","tag-medias","tag-reseaux-sociaux"],"jetpack_publicize_connections":[],"jetpack_featured_media_url":"https:\/\/i0.wp.com\/projetscitoyens.francas71.org\/wp-content\/uploads\/2017\/07\/bafa02-.jpg?fit=1280%2C960","jetpack_sharing_enabled":true,"jetpack_shortlink":"https:\/\/wp.me\/p6M0zG-CC","jetpack-related-posts":[],"jetpack_likes_enabled":true,"_links":{"self":[{"href":"http:\/\/projetscitoyens.francas71.org\/index.php?rest_route=\/wp\/v2\/posts\/2394"}],"collection":[{"href":"http:\/\/projetscitoyens.francas71.org\/index.php?rest_route=\/wp\/v2\/posts"}],"about":[{"href":"http:\/\/projetscitoyens.francas71.org\/index.php?rest_route=\/wp\/v2\/types\/post"}],"author":[{"embeddable":true,"href":"http:\/\/projetscitoyens.francas71.org\/index.php?rest_route=\/wp\/v2\/users\/1"}],"replies":[{"embeddable":true,"href":"http:\/\/projetscitoyens.francas71.org\/index.php?rest_route=%2Fwp%2Fv2%2Fcomments&post=2394"}],"version-history":[{"count":3,"href":"http:\/\/projetscitoyens.francas71.org\/index.php?rest_route=\/wp\/v2\/posts\/2394\/revisions"}],"predecessor-version":[{"id":2397,"href":"http:\/\/projetscitoyens.francas71.org\/index.php?rest_route=\/wp\/v2\/posts\/2394\/revisions\/2397"}],"wp:featuredmedia":[{"embeddable":true,"href":"http:\/\/projetscitoyens.francas71.org\/index.php?rest_route=\/wp\/v2\/media\/2392"}],"wp:attachment":[{"href":"http:\/\/projetscitoyens.francas71.org\/index.php?rest_route=%2Fwp%2Fv2%2Fmedia&parent=2394"}],"wp:term":[{"taxonomy":"category","embeddable":true,"href":"http:\/\/projetscitoyens.francas71.org\/index.php?rest_route=%2Fwp%2Fv2%2Fcategories&post=2394"},{"taxonomy":"post_tag","embeddable":true,"href":"http:\/\/projetscitoyens.francas71.org\/index.php?rest_route=%2Fwp%2Fv2%2Ftags&post=2394"}],"curies":[{"name":"wp","href":"https:\/\/api.w.org\/{rel}","templated":true}]}}