{"id":2430,"date":"2017-07-19T14:58:26","date_gmt":"2017-07-19T13:58:26","guid":{"rendered":"http:\/\/www.francas71.org\/projetscitoyens\/?p=2430"},"modified":"2019-12-16T15:10:15","modified_gmt":"2019-12-16T14:10:15","slug":"cest-mon-patrimoine-2017-web-radio-a-labbaye-de-cluny-jour-3","status":"publish","type":"post","link":"http:\/\/projetscitoyens.francas71.org\/?p=2430","title":{"rendered":"C&rsquo;est mon Patrimoine 2017 \/ web radio \u00e0 l&rsquo;Abbaye de Cluny \/ jour 3"},"content":{"rendered":"<p><a href=\"https:\/\/i0.wp.com\/www.francas71.org\/projetscitoyens\/wp-content\/uploads\/2017\/07\/IMG_20170717_112510.jpg\" onclick=\"return TrackClick('http%3A%2F%2Fwww.francas71.org%2Fprojetscitoyens%2Fwp-content%2Fuploads%2F2017%2F07%2FIMG_20170717_112510.jpg','')\"><img loading=\"lazy\" decoding=\"async\" data-attachment-id=\"2405\" data-permalink=\"http:\/\/projetscitoyens.francas71.org\/?attachment_id=2405\" data-orig-file=\"https:\/\/i0.wp.com\/projetscitoyens.francas71.org\/wp-content\/uploads\/2017\/07\/IMG_20170717_112510.jpg?fit=3120%2C4160\" data-orig-size=\"3120,4160\" data-comments-opened=\"1\" data-image-meta=\"{&quot;aperture&quot;:&quot;0&quot;,&quot;credit&quot;:&quot;&quot;,&quot;camera&quot;:&quot;PULP 4G&quot;,&quot;caption&quot;:&quot;&quot;,&quot;created_timestamp&quot;:&quot;1500290710&quot;,&quot;copyright&quot;:&quot;&quot;,&quot;focal_length&quot;:&quot;4.92&quot;,&quot;iso&quot;:&quot;960&quot;,&quot;shutter_speed&quot;:&quot;0.090909090909091&quot;,&quot;title&quot;:&quot;&quot;,&quot;orientation&quot;:&quot;0&quot;}\" data-image-title=\"IMG_20170717_112510\" data-image-description=\"\" data-image-caption=\"\" data-medium-file=\"https:\/\/i0.wp.com\/projetscitoyens.francas71.org\/wp-content\/uploads\/2017\/07\/IMG_20170717_112510.jpg?fit=225%2C300\" data-large-file=\"https:\/\/i0.wp.com\/projetscitoyens.francas71.org\/wp-content\/uploads\/2017\/07\/IMG_20170717_112510.jpg?fit=640%2C853\" tabindex=\"0\" role=\"button\" src=\"https:\/\/i0.wp.com\/www.francas71.org\/projetscitoyens\/wp-content\/uploads\/2017\/07\/IMG_20170717_112510-225x300.jpg?resize=225%2C300\" alt=\"\" width=\"225\" height=\"300\" class=\"aligncenter size-medium wp-image-2405\" srcset=\"https:\/\/i0.wp.com\/projetscitoyens.francas71.org\/wp-content\/uploads\/2017\/07\/IMG_20170717_112510.jpg?resize=225%2C300 225w, https:\/\/i0.wp.com\/projetscitoyens.francas71.org\/wp-content\/uploads\/2017\/07\/IMG_20170717_112510.jpg?resize=768%2C1024 768w, https:\/\/i0.wp.com\/projetscitoyens.francas71.org\/wp-content\/uploads\/2017\/07\/IMG_20170717_112510.jpg?resize=1024%2C1365 1024w, https:\/\/i0.wp.com\/projetscitoyens.francas71.org\/wp-content\/uploads\/2017\/07\/IMG_20170717_112510.jpg?w=1280 1280w, https:\/\/i0.wp.com\/projetscitoyens.francas71.org\/wp-content\/uploads\/2017\/07\/IMG_20170717_112510.jpg?w=1920 1920w\" sizes=\"(max-width: 225px) 100vw, 225px\" data-recalc-dims=\"1\" \/><\/a><\/p>\n<h3><span style=\"color: #ff0000;\">Troisi\u00e8me jour d&rsquo;animation radio sur le site de l&rsquo;Abbaye de Cluny, dans le cadre de l&rsquo;op\u00e9ration nationale \u00ab\u00a0C&rsquo;est mon patrimoine\u00a0\u00bb. Avec aujourd&rsquo;hui un petit groupe de jeunes du secteur jeune du clunisois.<\/span><\/h3>\n<p>Un seul plateau pour un sujet d&rsquo;actualit\u00e9 : les vacances d&rsquo;\u00e9t\u00e9 !<\/p>\n<p>Avec Paul, Justine, Gaspard et Benjamin<\/p>\n<p><!--[if lt IE 9]><script>document.createElement('audio');<\/script><![endif]-->\n<audio class=\"wp-audio-shortcode\" id=\"audio-2430-1\" preload=\"none\" style=\"width: 100%;\" controls=\"controls\"><source type=\"audio\/mpeg\" src=\"http:\/\/www.francas71.org\/projetscitoyens\/wp-content\/uploads\/2017\/07\/mercredi-19-juillet-E1.mp3?_=1\" \/><a href=\"http:\/\/www.francas71.org\/projetscitoyens\/wp-content\/uploads\/2017\/07\/mercredi-19-juillet-E1.mp3\">http:\/\/www.francas71.org\/projetscitoyens\/wp-content\/uploads\/2017\/07\/mercredi-19-juillet-E1.mp3<\/a><\/audio><br \/>\n&nbsp;<\/p>\n<p>&nbsp;<\/p>\n","protected":false},"excerpt":{"rendered":"<p>Troisi\u00e8me jour d&rsquo;animation radio sur le site de l&rsquo;Abbaye de Cluny, dans le cadre de l&rsquo;op\u00e9ration nationale \u00ab\u00a0C&rsquo;est mon patrimoine\u00a0\u00bb. Avec aujourd&rsquo;hui un petit groupe de jeunes du secteur jeune du clunisois. Un seul plateau pour un sujet d&rsquo;actualit\u00e9 : les vacances d&rsquo;\u00e9t\u00e9 ! Avec Paul, Justine, Gaspard et Benjamin &nbsp; &nbsp;<\/p>\n","protected":false},"author":1,"featured_media":2422,"comment_status":"open","ping_status":"open","sticky":false,"template":"","format":"standard","meta":{"jetpack_post_was_ever_published":false,"_jetpack_newsletter_access":"","_jetpack_dont_email_post_to_subs":false,"_jetpack_newsletter_tier_id":0,"_jetpack_memberships_contains_paywalled_content":false,"_jetpack_memberships_contains_paid_content":false,"footnotes":"","jetpack_publicize_message":"","jetpack_publicize_feature_enabled":true,"jetpack_social_post_already_shared":true,"jetpack_social_options":{"image_generator_settings":{"template":"highway","enabled":false},"version":2}},"categories":[240,214],"tags":[193,192,72],"class_list":["post-2430","post","type-post","status-publish","format-standard","has-post-thumbnail","hentry","category-cest-mon-patrimoire-cluny","category-la-radio","tag-ados","tag-expression","tag-jeunes"],"jetpack_publicize_connections":[],"jetpack_featured_media_url":"https:\/\/i0.wp.com\/projetscitoyens.francas71.org\/wp-content\/uploads\/2017\/07\/croquis-radio-18-juillet-manon.jpg?fit=721%2C500","jetpack_sharing_enabled":true,"jetpack_shortlink":"https:\/\/wp.me\/p6M0zG-Dc","jetpack-related-posts":[],"jetpack_likes_enabled":true,"_links":{"self":[{"href":"http:\/\/projetscitoyens.francas71.org\/index.php?rest_route=\/wp\/v2\/posts\/2430"}],"collection":[{"href":"http:\/\/projetscitoyens.francas71.org\/index.php?rest_route=\/wp\/v2\/posts"}],"about":[{"href":"http:\/\/projetscitoyens.francas71.org\/index.php?rest_route=\/wp\/v2\/types\/post"}],"author":[{"embeddable":true,"href":"http:\/\/projetscitoyens.francas71.org\/index.php?rest_route=\/wp\/v2\/users\/1"}],"replies":[{"embeddable":true,"href":"http:\/\/projetscitoyens.francas71.org\/index.php?rest_route=%2Fwp%2Fv2%2Fcomments&post=2430"}],"version-history":[{"count":2,"href":"http:\/\/projetscitoyens.francas71.org\/index.php?rest_route=\/wp\/v2\/posts\/2430\/revisions"}],"predecessor-version":[{"id":2433,"href":"http:\/\/projetscitoyens.francas71.org\/index.php?rest_route=\/wp\/v2\/posts\/2430\/revisions\/2433"}],"wp:featuredmedia":[{"embeddable":true,"href":"http:\/\/projetscitoyens.francas71.org\/index.php?rest_route=\/wp\/v2\/media\/2422"}],"wp:attachment":[{"href":"http:\/\/projetscitoyens.francas71.org\/index.php?rest_route=%2Fwp%2Fv2%2Fmedia&parent=2430"}],"wp:term":[{"taxonomy":"category","embeddable":true,"href":"http:\/\/projetscitoyens.francas71.org\/index.php?rest_route=%2Fwp%2Fv2%2Fcategories&post=2430"},{"taxonomy":"post_tag","embeddable":true,"href":"http:\/\/projetscitoyens.francas71.org\/index.php?rest_route=%2Fwp%2Fv2%2Ftags&post=2430"}],"curies":[{"name":"wp","href":"https:\/\/api.w.org\/{rel}","templated":true}]}}