{"id":2444,"date":"2017-07-20T15:21:49","date_gmt":"2017-07-20T14:21:49","guid":{"rendered":"http:\/\/www.francas71.org\/projetscitoyens\/?p=2444"},"modified":"2019-12-16T15:10:58","modified_gmt":"2019-12-16T14:10:58","slug":"cest-mon-patrimoine-2017-web-radio-a-labbaye-de-cluny-jour-4-2","status":"publish","type":"post","link":"http:\/\/projetscitoyens.francas71.org\/?p=2444","title":{"rendered":"C&rsquo;est mon Patrimoine 2017 \/ web radio \u00e0 l&rsquo;Abbaye de Cluny \/ jour 4"},"content":{"rendered":"<p><a href=\"https:\/\/i0.wp.com\/www.francas71.org\/projetscitoyens\/wp-content\/uploads\/2017\/07\/IMG_20170720_135534.jpg\" onclick=\"return TrackClick('http%3A%2F%2Fwww.francas71.org%2Fprojetscitoyens%2Fwp-content%2Fuploads%2F2017%2F07%2FIMG_20170720_135534.jpg','')\"><img loading=\"lazy\" decoding=\"async\" data-attachment-id=\"2442\" data-permalink=\"http:\/\/projetscitoyens.francas71.org\/?attachment_id=2442\" data-orig-file=\"https:\/\/i0.wp.com\/projetscitoyens.francas71.org\/wp-content\/uploads\/2017\/07\/IMG_20170720_135534.jpg?fit=4160%2C3120\" data-orig-size=\"4160,3120\" data-comments-opened=\"1\" data-image-meta=\"{&quot;aperture&quot;:&quot;0&quot;,&quot;credit&quot;:&quot;&quot;,&quot;camera&quot;:&quot;PULP 4G&quot;,&quot;caption&quot;:&quot;&quot;,&quot;created_timestamp&quot;:&quot;1500558935&quot;,&quot;copyright&quot;:&quot;&quot;,&quot;focal_length&quot;:&quot;4.92&quot;,&quot;iso&quot;:&quot;605&quot;,&quot;shutter_speed&quot;:&quot;0.058823529411765&quot;,&quot;title&quot;:&quot;&quot;,&quot;orientation&quot;:&quot;0&quot;}\" data-image-title=\"IMG_20170720_135534\" data-image-description=\"\" data-image-caption=\"\" data-medium-file=\"https:\/\/i0.wp.com\/projetscitoyens.francas71.org\/wp-content\/uploads\/2017\/07\/IMG_20170720_135534.jpg?fit=300%2C225\" data-large-file=\"https:\/\/i0.wp.com\/projetscitoyens.francas71.org\/wp-content\/uploads\/2017\/07\/IMG_20170720_135534.jpg?fit=640%2C480\" tabindex=\"0\" role=\"button\" src=\"https:\/\/i0.wp.com\/www.francas71.org\/projetscitoyens\/wp-content\/uploads\/2017\/07\/IMG_20170720_135534-300x225.jpg?resize=300%2C225\" alt=\"\" width=\"300\" height=\"225\" class=\"aligncenter size-medium wp-image-2442\" srcset=\"https:\/\/i0.wp.com\/projetscitoyens.francas71.org\/wp-content\/uploads\/2017\/07\/IMG_20170720_135534.jpg?resize=300%2C225 300w, https:\/\/i0.wp.com\/projetscitoyens.francas71.org\/wp-content\/uploads\/2017\/07\/IMG_20170720_135534.jpg?resize=768%2C576 768w, https:\/\/i0.wp.com\/projetscitoyens.francas71.org\/wp-content\/uploads\/2017\/07\/IMG_20170720_135534.jpg?resize=1024%2C768 1024w, https:\/\/i0.wp.com\/projetscitoyens.francas71.org\/wp-content\/uploads\/2017\/07\/IMG_20170720_135534.jpg?w=1280 1280w, https:\/\/i0.wp.com\/projetscitoyens.francas71.org\/wp-content\/uploads\/2017\/07\/IMG_20170720_135534.jpg?w=1920 1920w\" sizes=\"(max-width: 300px) 100vw, 300px\" data-recalc-dims=\"1\" \/><\/a><\/p>\n<h3><span style=\"color: #ff0000;\">Deuxi\u00e8me partie de la journ\u00e9e du jeudi 20 juillet avec un autre groupe de jeunes : un groupe du centre de loisirs \u00ab\u00a0le mistigri\u00a0\u00bb de La Guiche.<\/span><\/h3>\n<p>Avec trois plateaux sur trois sujets diff\u00e9rents.<\/p>\n<p>Plateau 1 : L\u00e9a, Cl\u00e9mentine et L\u00e9a, pour nous pr\u00e9senter leur s\u00e9jour d&rsquo;une semaine en v\u00e9lo<\/p>\n<!--[if lt IE 9]><script>document.createElement('audio');<\/script><![endif]-->\n<audio class=\"wp-audio-shortcode\" id=\"audio-2444-1\" preload=\"none\" style=\"width: 100%;\" controls=\"controls\"><source type=\"audio\/mpeg\" src=\"http:\/\/www.francas71.org\/projetscitoyens\/wp-content\/uploads\/2017\/07\/jeudi-20-juillet-E3.mp3?_=1\" \/><a href=\"http:\/\/www.francas71.org\/projetscitoyens\/wp-content\/uploads\/2017\/07\/jeudi-20-juillet-E3.mp3\">http:\/\/www.francas71.org\/projetscitoyens\/wp-content\/uploads\/2017\/07\/jeudi-20-juillet-E3.mp3<\/a><\/audio>\n<p>&nbsp;<\/p>\n<p>Plateau 2 : No\u00e9 et Victor pour nous relater leurs meilleures vacances familiales<\/p>\n<audio class=\"wp-audio-shortcode\" id=\"audio-2444-2\" preload=\"none\" style=\"width: 100%;\" controls=\"controls\"><source type=\"audio\/mpeg\" src=\"http:\/\/www.francas71.org\/projetscitoyens\/wp-content\/uploads\/2017\/07\/jeudi-20-juillet-E4.mp3?_=2\" \/><a href=\"http:\/\/www.francas71.org\/projetscitoyens\/wp-content\/uploads\/2017\/07\/jeudi-20-juillet-E4.mp3\">http:\/\/www.francas71.org\/projetscitoyens\/wp-content\/uploads\/2017\/07\/jeudi-20-juillet-E4.mp3<\/a><\/audio>\n<p>&nbsp;<\/p>\n<p>Plateau 3 : Eliott et Camille, pour un moment de rigolade \u00e0 partir de b\u00eatises pouvant \u00eatre r\u00e9alis\u00e9es par des enfants<\/p>\n<audio class=\"wp-audio-shortcode\" id=\"audio-2444-3\" preload=\"none\" style=\"width: 100%;\" controls=\"controls\"><source type=\"audio\/mpeg\" src=\"http:\/\/www.francas71.org\/projetscitoyens\/wp-content\/uploads\/2017\/07\/jeudi-20-juillet-E5.mp3?_=3\" \/><a href=\"http:\/\/www.francas71.org\/projetscitoyens\/wp-content\/uploads\/2017\/07\/jeudi-20-juillet-E5.mp3\">http:\/\/www.francas71.org\/projetscitoyens\/wp-content\/uploads\/2017\/07\/jeudi-20-juillet-E5.mp3<\/a><\/audio>\n<p>&nbsp;<\/p>\n","protected":false},"excerpt":{"rendered":"<p>Deuxi\u00e8me partie de la journ\u00e9e du jeudi 20 juillet avec un autre groupe de jeunes : un groupe du centre de loisirs \u00ab\u00a0le mistigri\u00a0\u00bb de La Guiche. Avec trois plateaux sur trois sujets diff\u00e9rents. Plateau 1 : L\u00e9a, Cl\u00e9mentine et L\u00e9a, pour nous pr\u00e9senter leur s\u00e9jour d&rsquo;une semaine en v\u00e9lo &nbsp; Plateau 2 : No\u00e9 et Victor pour nous relater leurs meilleures vacances familiales &nbsp; Plateau 3 : Eliott et Camille, pour un moment de rigolade \u00e0 partir de b\u00eatises&#8230;<\/p>\n<p class=\"read-more\"><a class=\"btn btn-default\" href=\"http:\/\/projetscitoyens.francas71.org\/?p=2444\" onclick=\"return TrackClick('http%3A%2F%2Fprojetscitoyens.francas71.org%2F%3Fp%3D2444','Lire+la+suite+Lire+la+suite')\">Lire la suite<span class=\"screen-reader-text\"> Lire la suite<\/span><\/a><\/p>\n","protected":false},"author":1,"featured_media":2442,"comment_status":"open","ping_status":"open","sticky":false,"template":"","format":"standard","meta":{"jetpack_post_was_ever_published":false,"_jetpack_newsletter_access":"","_jetpack_dont_email_post_to_subs":false,"_jetpack_newsletter_tier_id":0,"_jetpack_memberships_contains_paywalled_content":false,"_jetpack_memberships_contains_paid_content":false,"footnotes":"","jetpack_publicize_message":"","jetpack_publicize_feature_enabled":true,"jetpack_social_post_already_shared":true,"jetpack_social_options":{"image_generator_settings":{"template":"highway","enabled":false},"version":2}},"categories":[240,214],"tags":[193,192,72],"class_list":["post-2444","post","type-post","status-publish","format-standard","has-post-thumbnail","hentry","category-cest-mon-patrimoire-cluny","category-la-radio","tag-ados","tag-expression","tag-jeunes"],"jetpack_publicize_connections":[],"jetpack_featured_media_url":"https:\/\/i0.wp.com\/projetscitoyens.francas71.org\/wp-content\/uploads\/2017\/07\/IMG_20170720_135534.jpg?fit=4160%2C3120","jetpack_sharing_enabled":true,"jetpack_shortlink":"https:\/\/wp.me\/p6M0zG-Dq","jetpack-related-posts":[],"jetpack_likes_enabled":true,"_links":{"self":[{"href":"http:\/\/projetscitoyens.francas71.org\/index.php?rest_route=\/wp\/v2\/posts\/2444"}],"collection":[{"href":"http:\/\/projetscitoyens.francas71.org\/index.php?rest_route=\/wp\/v2\/posts"}],"about":[{"href":"http:\/\/projetscitoyens.francas71.org\/index.php?rest_route=\/wp\/v2\/types\/post"}],"author":[{"embeddable":true,"href":"http:\/\/projetscitoyens.francas71.org\/index.php?rest_route=\/wp\/v2\/users\/1"}],"replies":[{"embeddable":true,"href":"http:\/\/projetscitoyens.francas71.org\/index.php?rest_route=%2Fwp%2Fv2%2Fcomments&post=2444"}],"version-history":[{"count":2,"href":"http:\/\/projetscitoyens.francas71.org\/index.php?rest_route=\/wp\/v2\/posts\/2444\/revisions"}],"predecessor-version":[{"id":2447,"href":"http:\/\/projetscitoyens.francas71.org\/index.php?rest_route=\/wp\/v2\/posts\/2444\/revisions\/2447"}],"wp:featuredmedia":[{"embeddable":true,"href":"http:\/\/projetscitoyens.francas71.org\/index.php?rest_route=\/wp\/v2\/media\/2442"}],"wp:attachment":[{"href":"http:\/\/projetscitoyens.francas71.org\/index.php?rest_route=%2Fwp%2Fv2%2Fmedia&parent=2444"}],"wp:term":[{"taxonomy":"category","embeddable":true,"href":"http:\/\/projetscitoyens.francas71.org\/index.php?rest_route=%2Fwp%2Fv2%2Fcategories&post=2444"},{"taxonomy":"post_tag","embeddable":true,"href":"http:\/\/projetscitoyens.francas71.org\/index.php?rest_route=%2Fwp%2Fv2%2Ftags&post=2444"}],"curies":[{"name":"wp","href":"https:\/\/api.w.org\/{rel}","templated":true}]}}