{"id":2448,"date":"2017-07-21T13:26:36","date_gmt":"2017-07-21T12:26:36","guid":{"rendered":"http:\/\/www.francas71.org\/projetscitoyens\/?p=2448"},"modified":"2019-12-16T15:11:22","modified_gmt":"2019-12-16T14:11:22","slug":"cest-mon-patrimoine-2017-web-radio-a-labbaye-de-cluny-jour-5","status":"publish","type":"post","link":"http:\/\/projetscitoyens.francas71.org\/?p=2448","title":{"rendered":"C&rsquo;est mon Patrimoine 2017 \/ web radio \u00e0 l&rsquo;Abbaye de Cluny \/ jour 5"},"content":{"rendered":"<p><a href=\"https:\/\/i0.wp.com\/www.francas71.org\/projetscitoyens\/wp-content\/uploads\/2017\/07\/IMG_20170721_114316.jpg\" onclick=\"return TrackClick('http%3A%2F%2Fwww.francas71.org%2Fprojetscitoyens%2Fwp-content%2Fuploads%2F2017%2F07%2FIMG_20170721_114316.jpg','')\"><img loading=\"lazy\" decoding=\"async\" data-attachment-id=\"2455\" data-permalink=\"http:\/\/projetscitoyens.francas71.org\/?attachment_id=2455\" data-orig-file=\"https:\/\/i0.wp.com\/projetscitoyens.francas71.org\/wp-content\/uploads\/2017\/07\/IMG_20170721_114316.jpg?fit=3120%2C4160\" data-orig-size=\"3120,4160\" data-comments-opened=\"1\" data-image-meta=\"{&quot;aperture&quot;:&quot;0&quot;,&quot;credit&quot;:&quot;&quot;,&quot;camera&quot;:&quot;PULP 4G&quot;,&quot;caption&quot;:&quot;&quot;,&quot;created_timestamp&quot;:&quot;1500637396&quot;,&quot;copyright&quot;:&quot;&quot;,&quot;focal_length&quot;:&quot;4.92&quot;,&quot;iso&quot;:&quot;776&quot;,&quot;shutter_speed&quot;:&quot;0.076923076923077&quot;,&quot;title&quot;:&quot;&quot;,&quot;orientation&quot;:&quot;0&quot;}\" data-image-title=\"IMG_20170721_114316\" data-image-description=\"\" data-image-caption=\"\" data-medium-file=\"https:\/\/i0.wp.com\/projetscitoyens.francas71.org\/wp-content\/uploads\/2017\/07\/IMG_20170721_114316.jpg?fit=225%2C300\" data-large-file=\"https:\/\/i0.wp.com\/projetscitoyens.francas71.org\/wp-content\/uploads\/2017\/07\/IMG_20170721_114316.jpg?fit=640%2C853\" tabindex=\"0\" role=\"button\" src=\"https:\/\/i0.wp.com\/www.francas71.org\/projetscitoyens\/wp-content\/uploads\/2017\/07\/IMG_20170721_114316-225x300.jpg?resize=225%2C300\" alt=\"\" width=\"225\" height=\"300\" class=\"aligncenter size-medium wp-image-2455\" srcset=\"https:\/\/i0.wp.com\/projetscitoyens.francas71.org\/wp-content\/uploads\/2017\/07\/IMG_20170721_114316.jpg?resize=225%2C300 225w, https:\/\/i0.wp.com\/projetscitoyens.francas71.org\/wp-content\/uploads\/2017\/07\/IMG_20170721_114316.jpg?resize=768%2C1024 768w, https:\/\/i0.wp.com\/projetscitoyens.francas71.org\/wp-content\/uploads\/2017\/07\/IMG_20170721_114316.jpg?resize=1024%2C1365 1024w, https:\/\/i0.wp.com\/projetscitoyens.francas71.org\/wp-content\/uploads\/2017\/07\/IMG_20170721_114316.jpg?w=1280 1280w, https:\/\/i0.wp.com\/projetscitoyens.francas71.org\/wp-content\/uploads\/2017\/07\/IMG_20170721_114316.jpg?w=1920 1920w\" sizes=\"(max-width: 225px) 100vw, 225px\" data-recalc-dims=\"1\" \/><\/a><\/p>\n<h3><span style=\"color: #ff0000;\">Aujourd&rsquo;hui vendredi 21 juillet, c&rsquo;est au tour d&rsquo;un groupe d&rsquo;enfants de 6 \u00e0 9 ans venant de Semur en Brionnais de se pr\u00e9senter aux micros. Ils vont nous parler, par petits groupes de leurs vacances au centre de loisirs.<\/span><\/h3>\n<p>Plateau 1 : Maxime, In\u00e8s, Lili et Guilhem, pour le mini camp \u00e0 Gu\u00e9delon<\/p>\n<!--[if lt IE 9]><script>document.createElement('audio');<\/script><![endif]-->\n<audio class=\"wp-audio-shortcode\" id=\"audio-2448-1\" preload=\"none\" style=\"width: 100%;\" controls=\"controls\"><source type=\"audio\/mpeg\" src=\"http:\/\/www.francas71.org\/projetscitoyens\/wp-content\/uploads\/2017\/07\/vendredi-21-juillet-E1.mp3?_=1\" \/><a href=\"http:\/\/www.francas71.org\/projetscitoyens\/wp-content\/uploads\/2017\/07\/vendredi-21-juillet-E1.mp3\">http:\/\/www.francas71.org\/projetscitoyens\/wp-content\/uploads\/2017\/07\/vendredi-21-juillet-E1.mp3<\/a><\/audio>\n<p>Plateau 2 : Joshua, Lylou, Agathe et Lo\u00efc, pour une sortie accrobranche<\/p>\n<audio class=\"wp-audio-shortcode\" id=\"audio-2448-2\" preload=\"none\" style=\"width: 100%;\" controls=\"controls\"><source type=\"audio\/mpeg\" src=\"http:\/\/www.francas71.org\/projetscitoyens\/wp-content\/uploads\/2017\/07\/vendredi-21-juillet-E2.mp3?_=2\" \/><a href=\"http:\/\/www.francas71.org\/projetscitoyens\/wp-content\/uploads\/2017\/07\/vendredi-21-juillet-E2.mp3\">http:\/\/www.francas71.org\/projetscitoyens\/wp-content\/uploads\/2017\/07\/vendredi-21-juillet-E2.mp3<\/a><\/audio>\n<p>Plateau 3 : K\u00e9o, L\u00e9on, Barbara et Lise, pour la m\u00eame sortie accrobranche<\/p>\n<audio class=\"wp-audio-shortcode\" id=\"audio-2448-3\" preload=\"none\" style=\"width: 100%;\" controls=\"controls\"><source type=\"audio\/mpeg\" src=\"http:\/\/www.francas71.org\/projetscitoyens\/wp-content\/uploads\/2017\/07\/vendredi-21-juillet-E3.mp3?_=3\" \/><a href=\"http:\/\/www.francas71.org\/projetscitoyens\/wp-content\/uploads\/2017\/07\/vendredi-21-juillet-E3.mp3\">http:\/\/www.francas71.org\/projetscitoyens\/wp-content\/uploads\/2017\/07\/vendredi-21-juillet-E3.mp3<\/a><\/audio>\n<p>Plateau 4 : Antoine, Jules et Lo\u00efc, pour une sortie \u00e0 la p\u00eache<\/p>\n<audio class=\"wp-audio-shortcode\" id=\"audio-2448-4\" preload=\"none\" style=\"width: 100%;\" controls=\"controls\"><source type=\"audio\/mpeg\" src=\"http:\/\/www.francas71.org\/projetscitoyens\/wp-content\/uploads\/2017\/07\/vendredi-21-juillet-E4.mp3?_=4\" \/><a href=\"http:\/\/www.francas71.org\/projetscitoyens\/wp-content\/uploads\/2017\/07\/vendredi-21-juillet-E4.mp3\">http:\/\/www.francas71.org\/projetscitoyens\/wp-content\/uploads\/2017\/07\/vendredi-21-juillet-E4.mp3<\/a><\/audio>\n<p>Plateau 5 : : L\u00e9anor et Jean pour le jeu du loup-garou<\/p>\n<audio class=\"wp-audio-shortcode\" id=\"audio-2448-5\" preload=\"none\" style=\"width: 100%;\" controls=\"controls\"><source type=\"audio\/mpeg\" src=\"http:\/\/www.francas71.org\/projetscitoyens\/wp-content\/uploads\/2017\/07\/vendredi-21-juillet-E5.mp3?_=5\" \/><a href=\"http:\/\/www.francas71.org\/projetscitoyens\/wp-content\/uploads\/2017\/07\/vendredi-21-juillet-E5.mp3\">http:\/\/www.francas71.org\/projetscitoyens\/wp-content\/uploads\/2017\/07\/vendredi-21-juillet-E5.mp3<\/a><\/audio>\n<p>&nbsp;<\/p>\n","protected":false},"excerpt":{"rendered":"<p>Aujourd&rsquo;hui vendredi 21 juillet, c&rsquo;est au tour d&rsquo;un groupe d&rsquo;enfants de 6 \u00e0 9 ans venant de Semur en Brionnais de se pr\u00e9senter aux micros. Ils vont nous parler, par petits groupes de leurs vacances au centre de loisirs. Plateau 1 : Maxime, In\u00e8s, Lili et Guilhem, pour le mini camp \u00e0 Gu\u00e9delon Plateau 2 : Joshua, Lylou, Agathe et Lo\u00efc, pour une sortie accrobranche Plateau 3 : K\u00e9o, L\u00e9on, Barbara et Lise, pour la m\u00eame sortie accrobranche Plateau 4&#8230;<\/p>\n<p class=\"read-more\"><a class=\"btn btn-default\" href=\"http:\/\/projetscitoyens.francas71.org\/?p=2448\" onclick=\"return TrackClick('http%3A%2F%2Fprojetscitoyens.francas71.org%2F%3Fp%3D2448','Lire+la+suite+Lire+la+suite')\">Lire la suite<span class=\"screen-reader-text\"> Lire la suite<\/span><\/a><\/p>\n","protected":false},"author":1,"featured_media":2438,"comment_status":"open","ping_status":"open","sticky":false,"template":"","format":"standard","meta":{"jetpack_post_was_ever_published":false,"_jetpack_newsletter_access":"","_jetpack_dont_email_post_to_subs":false,"_jetpack_newsletter_tier_id":0,"_jetpack_memberships_contains_paywalled_content":false,"_jetpack_memberships_contains_paid_content":false,"footnotes":"","jetpack_publicize_message":"","jetpack_publicize_feature_enabled":true,"jetpack_social_post_already_shared":true,"jetpack_social_options":{"image_generator_settings":{"template":"highway","enabled":false},"version":2}},"categories":[240,214],"tags":[53,192,181],"class_list":["post-2448","post","type-post","status-publish","format-standard","has-post-thumbnail","hentry","category-cest-mon-patrimoire-cluny","category-la-radio","tag-enfants","tag-expression","tag-radio"],"jetpack_publicize_connections":[],"jetpack_featured_media_url":"https:\/\/i0.wp.com\/projetscitoyens.francas71.org\/wp-content\/uploads\/2017\/07\/IMG_20170720_131354.jpg?fit=4160%2C3120","jetpack_sharing_enabled":true,"jetpack_shortlink":"https:\/\/wp.me\/p6M0zG-Du","jetpack-related-posts":[],"jetpack_likes_enabled":true,"_links":{"self":[{"href":"http:\/\/projetscitoyens.francas71.org\/index.php?rest_route=\/wp\/v2\/posts\/2448"}],"collection":[{"href":"http:\/\/projetscitoyens.francas71.org\/index.php?rest_route=\/wp\/v2\/posts"}],"about":[{"href":"http:\/\/projetscitoyens.francas71.org\/index.php?rest_route=\/wp\/v2\/types\/post"}],"author":[{"embeddable":true,"href":"http:\/\/projetscitoyens.francas71.org\/index.php?rest_route=\/wp\/v2\/users\/1"}],"replies":[{"embeddable":true,"href":"http:\/\/projetscitoyens.francas71.org\/index.php?rest_route=%2Fwp%2Fv2%2Fcomments&post=2448"}],"version-history":[{"count":3,"href":"http:\/\/projetscitoyens.francas71.org\/index.php?rest_route=\/wp\/v2\/posts\/2448\/revisions"}],"predecessor-version":[{"id":2457,"href":"http:\/\/projetscitoyens.francas71.org\/index.php?rest_route=\/wp\/v2\/posts\/2448\/revisions\/2457"}],"wp:featuredmedia":[{"embeddable":true,"href":"http:\/\/projetscitoyens.francas71.org\/index.php?rest_route=\/wp\/v2\/media\/2438"}],"wp:attachment":[{"href":"http:\/\/projetscitoyens.francas71.org\/index.php?rest_route=%2Fwp%2Fv2%2Fmedia&parent=2448"}],"wp:term":[{"taxonomy":"category","embeddable":true,"href":"http:\/\/projetscitoyens.francas71.org\/index.php?rest_route=%2Fwp%2Fv2%2Fcategories&post=2448"},{"taxonomy":"post_tag","embeddable":true,"href":"http:\/\/projetscitoyens.francas71.org\/index.php?rest_route=%2Fwp%2Fv2%2Ftags&post=2448"}],"curies":[{"name":"wp","href":"https:\/\/api.w.org\/{rel}","templated":true}]}}