{"id":2499,"date":"2017-10-11T11:42:46","date_gmt":"2017-10-11T10:42:46","guid":{"rendered":"http:\/\/www.francas71.org\/projetscitoyens\/?p=2499"},"modified":"2019-12-16T14:28:53","modified_gmt":"2019-12-16T13:28:53","slug":"atelier-accompagnement-educatif-a-lecole-kergomard-de-chalon-sur-saone","status":"publish","type":"post","link":"http:\/\/projetscitoyens.francas71.org\/?p=2499","title":{"rendered":"Atelier accompagnement \u00e9ducatif \u00e0 l&rsquo;\u00e9cole Kergomard de Chalon sur Sa\u00f4ne"},"content":{"rendered":"<h3><span style=\"color: #800000;\">Bien vivre ensemble, d\u00e9couvrir les valeurs de la R\u00e9publique, voila les deux objectifs principaux de cet atelier qui s&rsquo;est d\u00e9roul\u00e9 entre mai et juin 2017, sur l&rsquo;\u00e9cole Kergomard de Chalon sur Sa\u00f4ne.<\/span><\/h3>\n<p>Un atelier propos\u00e9 dans le cadre de l&rsquo;accompagnement \u00e9ducatif et bas\u00e9 sur le volontariat des enfants. Ce sont 12 enfants de CE qui se sont engag\u00e9s dans ce projet. Imen, Ambre, Mohamed, Hamza, Meryem, Chaineze, Sarah, Sofia, Ryan, Daniel, Raphael et Im\u00e8ne, ont suivi semaine apr\u00e8s semaine (8 s\u00e9ances) l&rsquo;atelier pour \u00e9changer, discuter, d\u00e9battre ensemble sur le \u00ab\u00a0vivre ensemble\u00a0\u00bb. Pour tout d&rsquo;abord identifier ce qu&rsquo;il fallait faire pour BIEN vivre ensemble. Puis ensuite pour mettre cela en image (film vid\u00e9o), en petite sc\u00e8ne et en son (\u00e9mission de radio).<\/p>\n<p><strong><span style=\"color: #ff0000;\">&gt;&gt;<\/span> La petite sc\u00e8ne : comment entrer en relation avec quelqu&rsquo;un et cr\u00e9er des liens. Se dire bonjour, se faire des calins, jouer ensemble.<\/strong><\/p>\n<p><a href=\"https:\/\/i0.wp.com\/www.francas71.org\/projetscitoyens\/wp-content\/uploads\/2017\/10\/rep04.jpg\" onclick=\"return TrackClick('http%3A%2F%2Fwww.francas71.org%2Fprojetscitoyens%2Fwp-content%2Fuploads%2F2017%2F10%2Frep04.jpg','')\"><img loading=\"lazy\" decoding=\"async\" data-attachment-id=\"2496\" data-permalink=\"http:\/\/projetscitoyens.francas71.org\/?attachment_id=2496\" data-orig-file=\"https:\/\/i0.wp.com\/projetscitoyens.francas71.org\/wp-content\/uploads\/2017\/10\/rep04.jpg?fit=667%2C500\" data-orig-size=\"667,500\" data-comments-opened=\"1\" data-image-meta=\"{&quot;aperture&quot;:&quot;0&quot;,&quot;credit&quot;:&quot;&quot;,&quot;camera&quot;:&quot;&quot;,&quot;caption&quot;:&quot;&quot;,&quot;created_timestamp&quot;:&quot;0&quot;,&quot;copyright&quot;:&quot;&quot;,&quot;focal_length&quot;:&quot;0&quot;,&quot;iso&quot;:&quot;0&quot;,&quot;shutter_speed&quot;:&quot;0&quot;,&quot;title&quot;:&quot;&quot;,&quot;orientation&quot;:&quot;0&quot;}\" data-image-title=\"rep04\" data-image-description=\"\" data-image-caption=\"\" data-medium-file=\"https:\/\/i0.wp.com\/projetscitoyens.francas71.org\/wp-content\/uploads\/2017\/10\/rep04.jpg?fit=300%2C225\" data-large-file=\"https:\/\/i0.wp.com\/projetscitoyens.francas71.org\/wp-content\/uploads\/2017\/10\/rep04.jpg?fit=640%2C480\" tabindex=\"0\" role=\"button\" class=\"aligncenter size-medium wp-image-2496\" src=\"https:\/\/i0.wp.com\/www.francas71.org\/projetscitoyens\/wp-content\/uploads\/2017\/10\/rep04-300x225.jpg?resize=300%2C225\" alt=\"\" width=\"300\" height=\"225\" srcset=\"https:\/\/i0.wp.com\/projetscitoyens.francas71.org\/wp-content\/uploads\/2017\/10\/rep04.jpg?resize=300%2C225 300w, https:\/\/i0.wp.com\/projetscitoyens.francas71.org\/wp-content\/uploads\/2017\/10\/rep04.jpg?w=667 667w\" sizes=\"(max-width: 300px) 100vw, 300px\" data-recalc-dims=\"1\" \/><\/a><\/p>\n<p><a href=\"https:\/\/i0.wp.com\/www.francas71.org\/projetscitoyens\/wp-content\/uploads\/2017\/10\/rep03.jpg\" onclick=\"return TrackClick('http%3A%2F%2Fwww.francas71.org%2Fprojetscitoyens%2Fwp-content%2Fuploads%2F2017%2F10%2Frep03.jpg','')\"><img loading=\"lazy\" decoding=\"async\" data-attachment-id=\"2495\" data-permalink=\"http:\/\/projetscitoyens.francas71.org\/?attachment_id=2495\" data-orig-file=\"https:\/\/i0.wp.com\/projetscitoyens.francas71.org\/wp-content\/uploads\/2017\/10\/rep03.jpg?fit=667%2C500\" data-orig-size=\"667,500\" data-comments-opened=\"1\" data-image-meta=\"{&quot;aperture&quot;:&quot;0&quot;,&quot;credit&quot;:&quot;&quot;,&quot;camera&quot;:&quot;&quot;,&quot;caption&quot;:&quot;&quot;,&quot;created_timestamp&quot;:&quot;0&quot;,&quot;copyright&quot;:&quot;&quot;,&quot;focal_length&quot;:&quot;0&quot;,&quot;iso&quot;:&quot;0&quot;,&quot;shutter_speed&quot;:&quot;0&quot;,&quot;title&quot;:&quot;&quot;,&quot;orientation&quot;:&quot;0&quot;}\" data-image-title=\"rep03\" data-image-description=\"\" data-image-caption=\"\" data-medium-file=\"https:\/\/i0.wp.com\/projetscitoyens.francas71.org\/wp-content\/uploads\/2017\/10\/rep03.jpg?fit=300%2C225\" data-large-file=\"https:\/\/i0.wp.com\/projetscitoyens.francas71.org\/wp-content\/uploads\/2017\/10\/rep03.jpg?fit=640%2C480\" tabindex=\"0\" role=\"button\" class=\"aligncenter size-medium wp-image-2495\" src=\"https:\/\/i0.wp.com\/www.francas71.org\/projetscitoyens\/wp-content\/uploads\/2017\/10\/rep03-300x225.jpg?resize=300%2C225\" alt=\"\" width=\"300\" height=\"225\" srcset=\"https:\/\/i0.wp.com\/projetscitoyens.francas71.org\/wp-content\/uploads\/2017\/10\/rep03.jpg?resize=300%2C225 300w, https:\/\/i0.wp.com\/projetscitoyens.francas71.org\/wp-content\/uploads\/2017\/10\/rep03.jpg?w=667 667w\" sizes=\"(max-width: 300px) 100vw, 300px\" data-recalc-dims=\"1\" \/><\/a><\/p>\n<p><a href=\"https:\/\/i0.wp.com\/www.francas71.org\/projetscitoyens\/wp-content\/uploads\/2017\/10\/rep02.jpg\" onclick=\"return TrackClick('http%3A%2F%2Fwww.francas71.org%2Fprojetscitoyens%2Fwp-content%2Fuploads%2F2017%2F10%2Frep02.jpg','')\"><img loading=\"lazy\" decoding=\"async\" data-attachment-id=\"2494\" data-permalink=\"http:\/\/projetscitoyens.francas71.org\/?attachment_id=2494\" data-orig-file=\"https:\/\/i0.wp.com\/projetscitoyens.francas71.org\/wp-content\/uploads\/2017\/10\/rep02.jpg?fit=667%2C500\" data-orig-size=\"667,500\" data-comments-opened=\"1\" data-image-meta=\"{&quot;aperture&quot;:&quot;0&quot;,&quot;credit&quot;:&quot;&quot;,&quot;camera&quot;:&quot;&quot;,&quot;caption&quot;:&quot;&quot;,&quot;created_timestamp&quot;:&quot;0&quot;,&quot;copyright&quot;:&quot;&quot;,&quot;focal_length&quot;:&quot;0&quot;,&quot;iso&quot;:&quot;0&quot;,&quot;shutter_speed&quot;:&quot;0&quot;,&quot;title&quot;:&quot;&quot;,&quot;orientation&quot;:&quot;0&quot;}\" data-image-title=\"rep02\" data-image-description=\"\" data-image-caption=\"\" data-medium-file=\"https:\/\/i0.wp.com\/projetscitoyens.francas71.org\/wp-content\/uploads\/2017\/10\/rep02.jpg?fit=300%2C225\" data-large-file=\"https:\/\/i0.wp.com\/projetscitoyens.francas71.org\/wp-content\/uploads\/2017\/10\/rep02.jpg?fit=640%2C480\" tabindex=\"0\" role=\"button\" class=\"aligncenter size-medium wp-image-2494\" src=\"https:\/\/i0.wp.com\/www.francas71.org\/projetscitoyens\/wp-content\/uploads\/2017\/10\/rep02-300x225.jpg?resize=300%2C225\" alt=\"\" width=\"300\" height=\"225\" srcset=\"https:\/\/i0.wp.com\/projetscitoyens.francas71.org\/wp-content\/uploads\/2017\/10\/rep02.jpg?resize=300%2C225 300w, https:\/\/i0.wp.com\/projetscitoyens.francas71.org\/wp-content\/uploads\/2017\/10\/rep02.jpg?w=667 667w\" sizes=\"(max-width: 300px) 100vw, 300px\" data-recalc-dims=\"1\" \/><\/a><\/p>\n<p><a href=\"https:\/\/i0.wp.com\/www.francas71.org\/projetscitoyens\/wp-content\/uploads\/2017\/10\/rep01.jpg\" onclick=\"return TrackClick('http%3A%2F%2Fwww.francas71.org%2Fprojetscitoyens%2Fwp-content%2Fuploads%2F2017%2F10%2Frep01.jpg','')\"><img loading=\"lazy\" decoding=\"async\" data-attachment-id=\"2493\" data-permalink=\"http:\/\/projetscitoyens.francas71.org\/?attachment_id=2493\" data-orig-file=\"https:\/\/i0.wp.com\/projetscitoyens.francas71.org\/wp-content\/uploads\/2017\/10\/rep01.jpg?fit=667%2C500\" data-orig-size=\"667,500\" data-comments-opened=\"1\" data-image-meta=\"{&quot;aperture&quot;:&quot;0&quot;,&quot;credit&quot;:&quot;&quot;,&quot;camera&quot;:&quot;&quot;,&quot;caption&quot;:&quot;&quot;,&quot;created_timestamp&quot;:&quot;0&quot;,&quot;copyright&quot;:&quot;&quot;,&quot;focal_length&quot;:&quot;0&quot;,&quot;iso&quot;:&quot;0&quot;,&quot;shutter_speed&quot;:&quot;0&quot;,&quot;title&quot;:&quot;&quot;,&quot;orientation&quot;:&quot;0&quot;}\" data-image-title=\"rep01\" data-image-description=\"\" data-image-caption=\"\" data-medium-file=\"https:\/\/i0.wp.com\/projetscitoyens.francas71.org\/wp-content\/uploads\/2017\/10\/rep01.jpg?fit=300%2C225\" data-large-file=\"https:\/\/i0.wp.com\/projetscitoyens.francas71.org\/wp-content\/uploads\/2017\/10\/rep01.jpg?fit=640%2C480\" tabindex=\"0\" role=\"button\" class=\"aligncenter size-medium wp-image-2493\" src=\"https:\/\/i0.wp.com\/www.francas71.org\/projetscitoyens\/wp-content\/uploads\/2017\/10\/rep01-300x225.jpg?resize=300%2C225\" alt=\"\" width=\"300\" height=\"225\" srcset=\"https:\/\/i0.wp.com\/projetscitoyens.francas71.org\/wp-content\/uploads\/2017\/10\/rep01.jpg?resize=300%2C225 300w, https:\/\/i0.wp.com\/projetscitoyens.francas71.org\/wp-content\/uploads\/2017\/10\/rep01.jpg?w=667 667w\" sizes=\"(max-width: 300px) 100vw, 300px\" data-recalc-dims=\"1\" \/><\/a><\/p>\n<p><strong><span style=\"color: #ff0000;\">&gt;&gt;<\/span> La vid\u00e9o : un jeu classique (la passe \u00e0 dix), ou comment faire pour jouer ensemble en prenant en compte les autres<\/strong><\/p>\n<p>&nbsp;<\/p>\n<p><iframe loading=\"lazy\" src=\"https:\/\/player.vimeo.com\/video\/233501705\" width=\"500\" height=\"380\" frameborder=\"0\" webkitallowfullscreen mozallowfullscreen allowfullscreen><\/iframe><\/p>\n<p><a href=\"https:\/\/vimeo.com\/233501705\" onclick=\"return TrackClick('https%3A%2F%2Fvimeo.com%2F233501705','La+passe+%26agrave%3B+dix+r%26eacute%3Bussie')\">La passe &agrave; dix r&eacute;ussie<\/a> from <a href=\"https:\/\/vimeo.com\/francasenbourgogne\" onclick=\"return TrackClick('https%3A%2F%2Fvimeo.com%2Ffrancasenbourgogne','Francas+en+Bourgogne')\">Francas en Bourgogne<\/a> on <a href=\"https:\/\/vimeo.com\" onclick=\"return TrackClick('https%3A%2F%2Fvimeo.com','Vimeo')\">Vimeo<\/a>.<\/p>\n<p><strong>L&rsquo;\u00e9mission de radio : l&rsquo;expression orale des enfants sur ces questions qui leurs posent soucis de mani\u00e8re quotidienne<\/strong><\/p>\n<p>Enregistrement du 15 juin &#8211; 2\u00e8me partie<br \/>\n<!--[if lt IE 9]><script>document.createElement('audio');<\/script><![endif]-->\n<audio class=\"wp-audio-shortcode\" id=\"audio-2499-1\" preload=\"none\" style=\"width: 100%;\" controls=\"controls\"><source type=\"audio\/mpeg\" src=\"http:\/\/www.francas71.org\/projetscitoyens\/wp-content\/uploads\/2017\/09\/jeudi-15-juin-v2.mp3?_=1\" \/><a href=\"http:\/\/www.francas71.org\/projetscitoyens\/wp-content\/uploads\/2017\/09\/jeudi-15-juin-v2.mp3\">http:\/\/www.francas71.org\/projetscitoyens\/wp-content\/uploads\/2017\/09\/jeudi-15-juin-v2.mp3<\/a><\/audio><\/p>\n<p>Enregistrement du 15 juin &#8211; 1\u00e8re partie<br \/>\n<audio class=\"wp-audio-shortcode\" id=\"audio-2499-2\" preload=\"none\" style=\"width: 100%;\" controls=\"controls\"><source type=\"audio\/mpeg\" src=\"http:\/\/www.francas71.org\/projetscitoyens\/wp-content\/uploads\/2017\/09\/jeudi-15-juin-v3.mp3?_=2\" \/><a href=\"http:\/\/www.francas71.org\/projetscitoyens\/wp-content\/uploads\/2017\/09\/jeudi-15-juin-v3.mp3\">http:\/\/www.francas71.org\/projetscitoyens\/wp-content\/uploads\/2017\/09\/jeudi-15-juin-v3.mp3<\/a><\/audio><\/p>\n<p>Enregistrement du 8 juin &#8211; 2\u00e8me partie<br \/>\n<audio class=\"wp-audio-shortcode\" id=\"audio-2499-3\" preload=\"none\" style=\"width: 100%;\" controls=\"controls\"><source type=\"audio\/mpeg\" src=\"http:\/\/www.francas71.org\/projetscitoyens\/wp-content\/uploads\/2017\/10\/jeudi-8-juin-v2.mp3?_=3\" \/><a href=\"http:\/\/www.francas71.org\/projetscitoyens\/wp-content\/uploads\/2017\/10\/jeudi-8-juin-v2.mp3\">http:\/\/www.francas71.org\/projetscitoyens\/wp-content\/uploads\/2017\/10\/jeudi-8-juin-v2.mp3<\/a><\/audio><\/p>\n<p>Enregistrement du 8 juin &#8211; 1\u00e8re partie<br \/>\n<audio class=\"wp-audio-shortcode\" id=\"audio-2499-4\" preload=\"none\" style=\"width: 100%;\" controls=\"controls\"><source type=\"audio\/mpeg\" src=\"http:\/\/www.francas71.org\/projetscitoyens\/wp-content\/uploads\/2017\/10\/jeudi-8-juin-v1.mp3?_=4\" \/><a href=\"http:\/\/www.francas71.org\/projetscitoyens\/wp-content\/uploads\/2017\/10\/jeudi-8-juin-v1.mp3\">http:\/\/www.francas71.org\/projetscitoyens\/wp-content\/uploads\/2017\/10\/jeudi-8-juin-v1.mp3<\/a><\/audio><\/p>\n","protected":false},"excerpt":{"rendered":"<p>Bien vivre ensemble, d\u00e9couvrir les valeurs de la R\u00e9publique, voila les deux objectifs principaux de cet atelier qui s&rsquo;est d\u00e9roul\u00e9 entre mai et juin 2017, sur l&rsquo;\u00e9cole Kergomard de Chalon sur Sa\u00f4ne. Un atelier propos\u00e9 dans le cadre de l&rsquo;accompagnement \u00e9ducatif et bas\u00e9 sur le volontariat des enfants. Ce sont 12 enfants de CE qui se sont engag\u00e9s dans ce projet. Imen, Ambre, Mohamed, Hamza, Meryem, Chaineze, Sarah, Sofia, Ryan, Daniel, Raphael et Im\u00e8ne, ont suivi semaine apr\u00e8s semaine (8&#8230;<\/p>\n<p class=\"read-more\"><a class=\"btn btn-default\" href=\"http:\/\/projetscitoyens.francas71.org\/?p=2499\" onclick=\"return TrackClick('http%3A%2F%2Fprojetscitoyens.francas71.org%2F%3Fp%3D2499','Lire+la+suite+Lire+la+suite')\">Lire la suite<span class=\"screen-reader-text\"> Lire la suite<\/span><\/a><\/p>\n","protected":false},"author":1,"featured_media":2498,"comment_status":"open","ping_status":"open","sticky":false,"template":"","format":"standard","meta":{"jetpack_post_was_ever_published":false,"_jetpack_newsletter_access":"","_jetpack_dont_email_post_to_subs":false,"_jetpack_newsletter_tier_id":0,"_jetpack_memberships_contains_paywalled_content":false,"_jetpack_memberships_contains_paid_content":false,"footnotes":"","jetpack_publicize_message":"","jetpack_publicize_feature_enabled":true,"jetpack_social_post_already_shared":true,"jetpack_social_options":{"image_generator_settings":{"template":"highway","enabled":false},"version":2}},"categories":[119,215],"tags":[],"class_list":["post-2499","post","type-post","status-publish","format-standard","has-post-thumbnail","hentry","category-agis-pour-tes-droits-2","category-agis-pour-tes-droits-2017"],"jetpack_publicize_connections":[],"jetpack_featured_media_url":"https:\/\/i0.wp.com\/projetscitoyens.francas71.org\/wp-content\/uploads\/2017\/10\/rep06.jpg?fit=667%2C500","jetpack_sharing_enabled":true,"jetpack_shortlink":"https:\/\/wp.me\/p6M0zG-Ej","jetpack-related-posts":[],"jetpack_likes_enabled":true,"_links":{"self":[{"href":"http:\/\/projetscitoyens.francas71.org\/index.php?rest_route=\/wp\/v2\/posts\/2499"}],"collection":[{"href":"http:\/\/projetscitoyens.francas71.org\/index.php?rest_route=\/wp\/v2\/posts"}],"about":[{"href":"http:\/\/projetscitoyens.francas71.org\/index.php?rest_route=\/wp\/v2\/types\/post"}],"author":[{"embeddable":true,"href":"http:\/\/projetscitoyens.francas71.org\/index.php?rest_route=\/wp\/v2\/users\/1"}],"replies":[{"embeddable":true,"href":"http:\/\/projetscitoyens.francas71.org\/index.php?rest_route=%2Fwp%2Fv2%2Fcomments&post=2499"}],"version-history":[{"count":5,"href":"http:\/\/projetscitoyens.francas71.org\/index.php?rest_route=\/wp\/v2\/posts\/2499\/revisions"}],"predecessor-version":[{"id":2504,"href":"http:\/\/projetscitoyens.francas71.org\/index.php?rest_route=\/wp\/v2\/posts\/2499\/revisions\/2504"}],"wp:featuredmedia":[{"embeddable":true,"href":"http:\/\/projetscitoyens.francas71.org\/index.php?rest_route=\/wp\/v2\/media\/2498"}],"wp:attachment":[{"href":"http:\/\/projetscitoyens.francas71.org\/index.php?rest_route=%2Fwp%2Fv2%2Fmedia&parent=2499"}],"wp:term":[{"taxonomy":"category","embeddable":true,"href":"http:\/\/projetscitoyens.francas71.org\/index.php?rest_route=%2Fwp%2Fv2%2Fcategories&post=2499"},{"taxonomy":"post_tag","embeddable":true,"href":"http:\/\/projetscitoyens.francas71.org\/index.php?rest_route=%2Fwp%2Fv2%2Ftags&post=2499"}],"curies":[{"name":"wp","href":"https:\/\/api.w.org\/{rel}","templated":true}]}}