{"id":2510,"date":"2017-10-23T07:41:43","date_gmt":"2017-10-23T06:41:43","guid":{"rendered":"http:\/\/www.francas71.org\/projetscitoyens\/?p=2510"},"modified":"2019-12-16T14:27:21","modified_gmt":"2019-12-16T13:27:21","slug":"la-famille-donne-le-rythme","status":"publish","type":"post","link":"http:\/\/projetscitoyens.francas71.org\/?p=2510","title":{"rendered":"La famille donne le rythme!"},"content":{"rendered":"<p><a href=\"https:\/\/i0.wp.com\/www.francas71.org\/projetscitoyens\/wp-content\/uploads\/2017\/07\/bafa02-.jpg\" onclick=\"return TrackClick('http%3A%2F%2Fwww.francas71.org%2Fprojetscitoyens%2Fwp-content%2Fuploads%2F2017%2F07%2Fbafa02-.jpg','')\"><img loading=\"lazy\" decoding=\"async\" data-attachment-id=\"2392\" data-permalink=\"http:\/\/projetscitoyens.francas71.org\/?attachment_id=2392\" data-orig-file=\"https:\/\/i0.wp.com\/projetscitoyens.francas71.org\/wp-content\/uploads\/2017\/07\/bafa02-.jpg?fit=1280%2C960\" data-orig-size=\"1280,960\" data-comments-opened=\"1\" data-image-meta=\"{&quot;aperture&quot;:&quot;0&quot;,&quot;credit&quot;:&quot;&quot;,&quot;camera&quot;:&quot;&quot;,&quot;caption&quot;:&quot;&quot;,&quot;created_timestamp&quot;:&quot;0&quot;,&quot;copyright&quot;:&quot;&quot;,&quot;focal_length&quot;:&quot;0&quot;,&quot;iso&quot;:&quot;0&quot;,&quot;shutter_speed&quot;:&quot;0&quot;,&quot;title&quot;:&quot;&quot;,&quot;orientation&quot;:&quot;0&quot;}\" data-image-title=\"bafa02\" data-image-description=\"\" data-image-caption=\"\" data-medium-file=\"https:\/\/i0.wp.com\/projetscitoyens.francas71.org\/wp-content\/uploads\/2017\/07\/bafa02-.jpg?fit=300%2C225\" data-large-file=\"https:\/\/i0.wp.com\/projetscitoyens.francas71.org\/wp-content\/uploads\/2017\/07\/bafa02-.jpg?fit=640%2C480\" tabindex=\"0\" role=\"button\" class=\"aligncenter size-medium wp-image-2392\" src=\"https:\/\/i0.wp.com\/www.francas71.org\/projetscitoyens\/wp-content\/uploads\/2017\/07\/bafa02--300x225.jpg?resize=300%2C225\" alt=\"\" width=\"300\" height=\"225\" srcset=\"https:\/\/i0.wp.com\/projetscitoyens.francas71.org\/wp-content\/uploads\/2017\/07\/bafa02-.jpg?resize=300%2C225 300w, https:\/\/i0.wp.com\/projetscitoyens.francas71.org\/wp-content\/uploads\/2017\/07\/bafa02-.jpg?resize=768%2C576 768w, https:\/\/i0.wp.com\/projetscitoyens.francas71.org\/wp-content\/uploads\/2017\/07\/bafa02-.jpg?resize=1024%2C768 1024w, https:\/\/i0.wp.com\/projetscitoyens.francas71.org\/wp-content\/uploads\/2017\/07\/bafa02-.jpg?w=1280 1280w\" sizes=\"(max-width: 300px) 100vw, 300px\" data-recalc-dims=\"1\" \/><\/a><\/p>\n<p>Cette semaine en Sa\u00f4ne-et-Loire, le REAAP, la CAF et le d\u00e9partement ont organis\u00e9 une semaine autour de la parentalit\u00e9. Diff\u00e9rentes actions se sont d\u00e9roul\u00e9es sur tout le d\u00e9partement sur le th\u00e8me du rythme familial.<\/p>\n<p>Nous intervenons sur le quartier des Pr\u00e9s Saint-Jean \u00e0 Chalon sur Sa\u00f4ne. En effet, nous transportons notre radio dans diff\u00e9rents endroits de ce quartier.<\/p>\n<!--[if lt IE 9]><script>document.createElement('audio');<\/script><![endif]-->\n<audio class=\"wp-audio-shortcode\" id=\"audio-2510-1\" preload=\"none\" style=\"width: 100%;\" controls=\"controls\"><source type=\"audio\/mpeg\" src=\"http:\/\/www.francas71.org\/projetscitoyens\/wp-content\/uploads\/2017\/10\/18.10-Caf\u00e9-des-parents.mp3?_=1\" \/><a href=\"http:\/\/www.francas71.org\/projetscitoyens\/wp-content\/uploads\/2017\/10\/18.10-Caf\u00e9-des-parents.mp3\">http:\/\/www.francas71.org\/projetscitoyens\/wp-content\/uploads\/2017\/10\/18.10-Caf\u00e9-des-parents.mp3<\/a><\/audio>\n<audio class=\"wp-audio-shortcode\" id=\"audio-2510-2\" preload=\"none\" style=\"width: 100%;\" controls=\"controls\"><source type=\"audio\/mpeg\" src=\"http:\/\/www.francas71.org\/projetscitoyens\/wp-content\/uploads\/2017\/10\/18.10-Caf\u00e9-des-parents-2.mp3?_=2\" \/><a href=\"http:\/\/www.francas71.org\/projetscitoyens\/wp-content\/uploads\/2017\/10\/18.10-Caf\u00e9-des-parents-2.mp3\">http:\/\/www.francas71.org\/projetscitoyens\/wp-content\/uploads\/2017\/10\/18.10-Caf\u00e9-des-parents-2.mp3<\/a><\/audio>\n<audio class=\"wp-audio-shortcode\" id=\"audio-2510-3\" preload=\"none\" style=\"width: 100%;\" controls=\"controls\"><source type=\"audio\/mpeg\" src=\"http:\/\/www.francas71.org\/projetscitoyens\/wp-content\/uploads\/2017\/10\/17.10-microtrottoire.mp3?_=3\" \/><a href=\"http:\/\/www.francas71.org\/projetscitoyens\/wp-content\/uploads\/2017\/10\/17.10-microtrottoire.mp3\">http:\/\/www.francas71.org\/projetscitoyens\/wp-content\/uploads\/2017\/10\/17.10-microtrottoire.mp3<\/a><\/audio>\n<audio class=\"wp-audio-shortcode\" id=\"audio-2510-4\" preload=\"none\" style=\"width: 100%;\" controls=\"controls\"><source type=\"audio\/mpeg\" src=\"http:\/\/www.francas71.org\/projetscitoyens\/wp-content\/uploads\/2017\/10\/3-16.10-E\u0301cole-Anne-Franck.m4a?_=4\" \/><a href=\"http:\/\/www.francas71.org\/projetscitoyens\/wp-content\/uploads\/2017\/10\/3-16.10-E\u0301cole-Anne-Franck.m4a\">http:\/\/www.francas71.org\/projetscitoyens\/wp-content\/uploads\/2017\/10\/3-16.10-E\u0301cole-Anne-Franck.m4a<\/a><\/audio>\n<audio class=\"wp-audio-shortcode\" id=\"audio-2510-5\" preload=\"none\" style=\"width: 100%;\" controls=\"controls\"><source type=\"audio\/mpeg\" src=\"http:\/\/www.francas71.org\/projetscitoyens\/wp-content\/uploads\/2017\/10\/STE-001-bis.mp3?_=5\" \/><a href=\"http:\/\/www.francas71.org\/projetscitoyens\/wp-content\/uploads\/2017\/10\/STE-001-bis.mp3\">http:\/\/www.francas71.org\/projetscitoyens\/wp-content\/uploads\/2017\/10\/STE-001-bis.mp3<\/a><\/audio>\n<p><strong>Lundi : <\/strong><\/p>\n<p>Dans une classe de CM1 \u00e0 l&rsquo;\u00e9cole Anne Franck, il y avait 25 \u00e9l\u00e8ves. Les enfants choisissaient une question sur leur vie de tout les jours.<\/p>\n<p><strong>Mardi:<\/strong><\/p>\n<p>&#8211; R\u00e9alisation d&rsquo;un micro-trottoir \u00e0 l&rsquo;\u00e9cole Maurice Cortot : des parents ont r\u00e9pondu \u00e0 des questions sur les devoirs, le r\u00e9veil ou encore le temps du coucher.<\/p>\n<p>&#8211; Lors d&rsquo;un atelier Sucre d&rsquo;Orge : des parents ont r\u00e9pondu \u00e0 nos questions de la vie quotidienne.<\/p>\n<p>&#8211; Dans un groupe de l&rsquo;association PEL&rsquo;MEL : une dizaine de personnes nous ont racont\u00e9 une journ\u00e9e type pour elles.<\/p>\n<p><strong>Mercredi: <\/strong><\/p>\n<p>&#8211; Lors d&rsquo;un caf\u00e9 des parents \u00e0 l&rsquo;\u00e9cole Saint-Exup\u00e9ry: en parall\u00e8le \u00e0 leur atelier des personnes ont r\u00e9pondu \u00e0 des questions sur l&rsquo;importance pour elles des loisirs, sur le r\u00e9veil ou encore le temps du coucher.<\/p>\n<p>&#8211; Pour la sortie de postes \u00e0 la R\u00e9gie de quartier, une dizaine de personnes nous ont expliqu\u00e9 ce qu&rsquo;\u00e9tait un r\u00e9veil r\u00e9ussi pour elles.<\/p>\n<p><strong>Jeudi: <\/strong><\/p>\n<p>&#8211; Pendant le petit d\u00e9jeuner de la maison de quartier: des personnes nous ont racont\u00e9 comment se rythmait une journ\u00e9e type.<\/p>\n<p><strong>Vendredi:<\/strong><\/p>\n<p>Cette matin\u00e9e tournait autour des repas, des personnes ont r\u00e9pondu \u00e0 la question : Pour vous, \u00e0 quoi servent les repas ?<\/p>\n<p>&#8211; Enregistrement dans le jardin solidaire<br \/>\n&#8211; Pour la sortie de postes \u00e0 la R\u00e9gie de quartier<\/p>\n","protected":false},"excerpt":{"rendered":"<p>Cette semaine en Sa\u00f4ne-et-Loire, le REAAP, la CAF et le d\u00e9partement ont organis\u00e9 une semaine autour de la parentalit\u00e9. Diff\u00e9rentes actions se sont d\u00e9roul\u00e9es sur tout le d\u00e9partement sur le th\u00e8me du rythme familial. Nous intervenons sur le quartier des Pr\u00e9s Saint-Jean \u00e0 Chalon sur Sa\u00f4ne. En effet, nous transportons notre radio dans diff\u00e9rents endroits de ce quartier. Lundi : Dans une classe de CM1 \u00e0 l&rsquo;\u00e9cole Anne Franck, il y avait 25 \u00e9l\u00e8ves. Les enfants choisissaient une question sur&#8230;<\/p>\n<p class=\"read-more\"><a class=\"btn btn-default\" href=\"http:\/\/projetscitoyens.francas71.org\/?p=2510\" onclick=\"return TrackClick('http%3A%2F%2Fprojetscitoyens.francas71.org%2F%3Fp%3D2510','Lire+la+suite+Lire+la+suite')\">Lire la suite<span class=\"screen-reader-text\"> Lire la suite<\/span><\/a><\/p>\n","protected":false},"author":1,"featured_media":2392,"comment_status":"open","ping_status":"open","sticky":false,"template":"","format":"standard","meta":{"jetpack_post_was_ever_published":false,"_jetpack_newsletter_access":"","_jetpack_dont_email_post_to_subs":false,"_jetpack_newsletter_tier_id":0,"_jetpack_memberships_contains_paywalled_content":false,"_jetpack_memberships_contains_paid_content":false,"footnotes":"","jetpack_publicize_message":"","jetpack_publicize_feature_enabled":true,"jetpack_social_post_already_shared":true,"jetpack_social_options":{"image_generator_settings":{"template":"highway","enabled":false},"version":2}},"categories":[214],"tags":[],"class_list":["post-2510","post","type-post","status-publish","format-standard","has-post-thumbnail","hentry","category-la-radio"],"jetpack_publicize_connections":[],"jetpack_featured_media_url":"https:\/\/i0.wp.com\/projetscitoyens.francas71.org\/wp-content\/uploads\/2017\/07\/bafa02-.jpg?fit=1280%2C960","jetpack_sharing_enabled":true,"jetpack_shortlink":"https:\/\/wp.me\/p6M0zG-Eu","jetpack-related-posts":[],"jetpack_likes_enabled":true,"_links":{"self":[{"href":"http:\/\/projetscitoyens.francas71.org\/index.php?rest_route=\/wp\/v2\/posts\/2510"}],"collection":[{"href":"http:\/\/projetscitoyens.francas71.org\/index.php?rest_route=\/wp\/v2\/posts"}],"about":[{"href":"http:\/\/projetscitoyens.francas71.org\/index.php?rest_route=\/wp\/v2\/types\/post"}],"author":[{"embeddable":true,"href":"http:\/\/projetscitoyens.francas71.org\/index.php?rest_route=\/wp\/v2\/users\/1"}],"replies":[{"embeddable":true,"href":"http:\/\/projetscitoyens.francas71.org\/index.php?rest_route=%2Fwp%2Fv2%2Fcomments&post=2510"}],"version-history":[{"count":11,"href":"http:\/\/projetscitoyens.francas71.org\/index.php?rest_route=\/wp\/v2\/posts\/2510\/revisions"}],"predecessor-version":[{"id":2531,"href":"http:\/\/projetscitoyens.francas71.org\/index.php?rest_route=\/wp\/v2\/posts\/2510\/revisions\/2531"}],"wp:featuredmedia":[{"embeddable":true,"href":"http:\/\/projetscitoyens.francas71.org\/index.php?rest_route=\/wp\/v2\/media\/2392"}],"wp:attachment":[{"href":"http:\/\/projetscitoyens.francas71.org\/index.php?rest_route=%2Fwp%2Fv2%2Fmedia&parent=2510"}],"wp:term":[{"taxonomy":"category","embeddable":true,"href":"http:\/\/projetscitoyens.francas71.org\/index.php?rest_route=%2Fwp%2Fv2%2Fcategories&post=2510"},{"taxonomy":"post_tag","embeddable":true,"href":"http:\/\/projetscitoyens.francas71.org\/index.php?rest_route=%2Fwp%2Fv2%2Ftags&post=2510"}],"curies":[{"name":"wp","href":"https:\/\/api.w.org\/{rel}","templated":true}]}}