{"id":2525,"date":"2017-11-15T12:08:17","date_gmt":"2017-11-15T11:08:17","guid":{"rendered":"http:\/\/www.francas71.org\/projetscitoyens\/?p=2525"},"modified":"2019-12-16T14:26:14","modified_gmt":"2019-12-16T13:26:14","slug":"extrait-des-enregistrements-radio-au-college-de-montchanin","status":"publish","type":"post","link":"http:\/\/projetscitoyens.francas71.org\/?p=2525","title":{"rendered":"Extrait des enregistrements radio au coll\u00e8ge de Montchanin."},"content":{"rendered":"<p><a href=\"https:\/\/i0.wp.com\/www.francas71.org\/projetscitoyens\/wp-content\/uploads\/2017\/11\/IMG_20171115_114551.jpg\" onclick=\"return TrackClick('http%3A%2F%2Fwww.francas71.org%2Fprojetscitoyens%2Fwp-content%2Fuploads%2F2017%2F11%2FIMG_20171115_114551.jpg','')\"><img loading=\"lazy\" decoding=\"async\" data-attachment-id=\"2524\" data-permalink=\"http:\/\/projetscitoyens.francas71.org\/?attachment_id=2524\" data-orig-file=\"https:\/\/i0.wp.com\/projetscitoyens.francas71.org\/wp-content\/uploads\/2017\/11\/IMG_20171115_114551.jpg?fit=3120%2C4160\" data-orig-size=\"3120,4160\" data-comments-opened=\"1\" data-image-meta=\"{&quot;aperture&quot;:&quot;2&quot;,&quot;credit&quot;:&quot;&quot;,&quot;camera&quot;:&quot;HARRY&quot;,&quot;caption&quot;:&quot;&quot;,&quot;created_timestamp&quot;:&quot;1510746351&quot;,&quot;copyright&quot;:&quot;&quot;,&quot;focal_length&quot;:&quot;3.5&quot;,&quot;iso&quot;:&quot;237&quot;,&quot;shutter_speed&quot;:&quot;0.029996&quot;,&quot;title&quot;:&quot;&quot;,&quot;orientation&quot;:&quot;1&quot;}\" data-image-title=\"IMG_20171115_114551\" data-image-description=\"\" data-image-caption=\"\" data-medium-file=\"https:\/\/i0.wp.com\/projetscitoyens.francas71.org\/wp-content\/uploads\/2017\/11\/IMG_20171115_114551.jpg?fit=225%2C300\" data-large-file=\"https:\/\/i0.wp.com\/projetscitoyens.francas71.org\/wp-content\/uploads\/2017\/11\/IMG_20171115_114551.jpg?fit=640%2C853\" tabindex=\"0\" role=\"button\" class=\"aligncenter size-medium wp-image-2524\" src=\"https:\/\/i0.wp.com\/www.francas71.org\/projetscitoyens\/wp-content\/uploads\/2017\/11\/IMG_20171115_114551-225x300.jpg?resize=225%2C300\" alt=\"\" width=\"225\" height=\"300\" srcset=\"https:\/\/i0.wp.com\/projetscitoyens.francas71.org\/wp-content\/uploads\/2017\/11\/IMG_20171115_114551.jpg?resize=225%2C300 225w, https:\/\/i0.wp.com\/projetscitoyens.francas71.org\/wp-content\/uploads\/2017\/11\/IMG_20171115_114551.jpg?resize=768%2C1024 768w, https:\/\/i0.wp.com\/projetscitoyens.francas71.org\/wp-content\/uploads\/2017\/11\/IMG_20171115_114551.jpg?resize=1024%2C1365 1024w, https:\/\/i0.wp.com\/projetscitoyens.francas71.org\/wp-content\/uploads\/2017\/11\/IMG_20171115_114551.jpg?w=1280 1280w, https:\/\/i0.wp.com\/projetscitoyens.francas71.org\/wp-content\/uploads\/2017\/11\/IMG_20171115_114551.jpg?w=1920 1920w\" sizes=\"(max-width: 225px) 100vw, 225px\" data-recalc-dims=\"1\" \/><\/a><br \/>\nLes Francas interviennent aupr\u00e8s de 4 classes de 3\u00e8me, dans le cadre des E.P.I (enseignements pluridisciplinaires), afin de r\u00e9aliser une \u00e9mission de radio en d\u00e9cembre sur la Premi\u00e8re Guerre Mondiale.<\/p>\n<p>Ce lundi 13 novembre, nous avons r\u00e9alis\u00e9 un premier temps d&rsquo;enregistrements afin que les \u00e9l\u00e8ves se rendent compte du travail qu&rsquo;ils ont pu fournir et de ce qu&rsquo;il reste \u00e0 faire pour \u00eatre pr\u00eat pour d\u00e9cembre.<\/p>\n<!--[if lt IE 9]><script>document.createElement('audio');<\/script><![endif]-->\n<audio class=\"wp-audio-shortcode\" id=\"audio-2525-1\" preload=\"none\" style=\"width: 100%;\" controls=\"controls\"><source type=\"audio\/mpeg\" src=\"http:\/\/www.francas71.org\/projetscitoyens\/wp-content\/uploads\/2017\/11\/Maya-et-Mathilde.mp3?_=1\" \/><a href=\"http:\/\/www.francas71.org\/projetscitoyens\/wp-content\/uploads\/2017\/11\/Maya-et-Mathilde.mp3\">http:\/\/www.francas71.org\/projetscitoyens\/wp-content\/uploads\/2017\/11\/Maya-et-Mathilde.mp3<\/a><\/audio>\n","protected":false},"excerpt":{"rendered":"<p>Les Francas interviennent aupr\u00e8s de 4 classes de 3\u00e8me, dans le cadre des E.P.I (enseignements pluridisciplinaires), afin de r\u00e9aliser une \u00e9mission de radio en d\u00e9cembre sur la Premi\u00e8re Guerre Mondiale. Ce lundi 13 novembre, nous avons r\u00e9alis\u00e9 un premier temps d&rsquo;enregistrements afin que les \u00e9l\u00e8ves se rendent compte du travail qu&rsquo;ils ont pu fournir et de ce qu&rsquo;il reste \u00e0 faire pour \u00eatre pr\u00eat pour d\u00e9cembre.<\/p>\n","protected":false},"author":1,"featured_media":2524,"comment_status":"open","ping_status":"open","sticky":false,"template":"","format":"standard","meta":{"jetpack_post_was_ever_published":false,"_jetpack_newsletter_access":"","_jetpack_dont_email_post_to_subs":false,"_jetpack_newsletter_tier_id":0,"_jetpack_memberships_contains_paywalled_content":false,"_jetpack_memberships_contains_paid_content":false,"footnotes":"","jetpack_publicize_message":"","jetpack_publicize_feature_enabled":true,"jetpack_social_post_already_shared":true,"jetpack_social_options":{"image_generator_settings":{"template":"highway","enabled":false},"version":2}},"categories":[230,214],"tags":[],"class_list":["post-2525","post","type-post","status-publish","format-standard","has-post-thumbnail","hentry","category-2017-radio-jeunes","category-la-radio"],"jetpack_publicize_connections":[],"jetpack_featured_media_url":"https:\/\/i0.wp.com\/projetscitoyens.francas71.org\/wp-content\/uploads\/2017\/11\/IMG_20171115_114551.jpg?fit=3120%2C4160","jetpack_sharing_enabled":true,"jetpack_shortlink":"https:\/\/wp.me\/p6M0zG-EJ","jetpack-related-posts":[],"jetpack_likes_enabled":true,"_links":{"self":[{"href":"http:\/\/projetscitoyens.francas71.org\/index.php?rest_route=\/wp\/v2\/posts\/2525"}],"collection":[{"href":"http:\/\/projetscitoyens.francas71.org\/index.php?rest_route=\/wp\/v2\/posts"}],"about":[{"href":"http:\/\/projetscitoyens.francas71.org\/index.php?rest_route=\/wp\/v2\/types\/post"}],"author":[{"embeddable":true,"href":"http:\/\/projetscitoyens.francas71.org\/index.php?rest_route=\/wp\/v2\/users\/1"}],"replies":[{"embeddable":true,"href":"http:\/\/projetscitoyens.francas71.org\/index.php?rest_route=%2Fwp%2Fv2%2Fcomments&post=2525"}],"version-history":[{"count":3,"href":"http:\/\/projetscitoyens.francas71.org\/index.php?rest_route=\/wp\/v2\/posts\/2525\/revisions"}],"predecessor-version":[{"id":2530,"href":"http:\/\/projetscitoyens.francas71.org\/index.php?rest_route=\/wp\/v2\/posts\/2525\/revisions\/2530"}],"wp:featuredmedia":[{"embeddable":true,"href":"http:\/\/projetscitoyens.francas71.org\/index.php?rest_route=\/wp\/v2\/media\/2524"}],"wp:attachment":[{"href":"http:\/\/projetscitoyens.francas71.org\/index.php?rest_route=%2Fwp%2Fv2%2Fmedia&parent=2525"}],"wp:term":[{"taxonomy":"category","embeddable":true,"href":"http:\/\/projetscitoyens.francas71.org\/index.php?rest_route=%2Fwp%2Fv2%2Fcategories&post=2525"},{"taxonomy":"post_tag","embeddable":true,"href":"http:\/\/projetscitoyens.francas71.org\/index.php?rest_route=%2Fwp%2Fv2%2Ftags&post=2525"}],"curies":[{"name":"wp","href":"https:\/\/api.w.org\/{rel}","templated":true}]}}