{"id":2534,"date":"2017-11-23T08:41:26","date_gmt":"2017-11-23T07:41:26","guid":{"rendered":"http:\/\/www.francas71.org\/projetscitoyens\/?p=2534"},"modified":"2019-12-16T14:26:21","modified_gmt":"2019-12-16T13:26:21","slug":"journee-autour-des-droits-de-lenfant-a-macon","status":"publish","type":"post","link":"http:\/\/projetscitoyens.francas71.org\/?p=2534","title":{"rendered":"Journ\u00e9e autour des Droits de l&rsquo;enfant \u00e0 M\u00e2con"},"content":{"rendered":"<p><a href=\"https:\/\/i0.wp.com\/www.francas71.org\/projetscitoyens\/wp-content\/uploads\/2017\/11\/IMG_20171122_161432-2.jpg\" onclick=\"return TrackClick('http%3A%2F%2Fwww.francas71.org%2Fprojetscitoyens%2Fwp-content%2Fuploads%2F2017%2F11%2FIMG_20171122_161432-2.jpg','')\"><img loading=\"lazy\" decoding=\"async\" data-attachment-id=\"2536\" data-permalink=\"http:\/\/projetscitoyens.francas71.org\/?attachment_id=2536\" data-orig-file=\"https:\/\/i0.wp.com\/projetscitoyens.francas71.org\/wp-content\/uploads\/2017\/11\/IMG_20171122_161432-2.jpg?fit=2139%2C2852\" data-orig-size=\"2139,2852\" data-comments-opened=\"1\" data-image-meta=\"{&quot;aperture&quot;:&quot;2&quot;,&quot;credit&quot;:&quot;&quot;,&quot;camera&quot;:&quot;HARRY&quot;,&quot;caption&quot;:&quot;&quot;,&quot;created_timestamp&quot;:&quot;1511367271&quot;,&quot;copyright&quot;:&quot;&quot;,&quot;focal_length&quot;:&quot;3.5&quot;,&quot;iso&quot;:&quot;120&quot;,&quot;shutter_speed&quot;:&quot;0.001302&quot;,&quot;title&quot;:&quot;&quot;,&quot;orientation&quot;:&quot;1&quot;}\" data-image-title=\"IMG_20171122_161432 (2)\" data-image-description=\"\" data-image-caption=\"\" data-medium-file=\"https:\/\/i0.wp.com\/projetscitoyens.francas71.org\/wp-content\/uploads\/2017\/11\/IMG_20171122_161432-2.jpg?fit=225%2C300\" data-large-file=\"https:\/\/i0.wp.com\/projetscitoyens.francas71.org\/wp-content\/uploads\/2017\/11\/IMG_20171122_161432-2.jpg?fit=640%2C853\" tabindex=\"0\" role=\"button\" class=\"aligncenter size-medium wp-image-2536\" src=\"https:\/\/i0.wp.com\/www.francas71.org\/projetscitoyens\/wp-content\/uploads\/2017\/11\/IMG_20171122_161432-2-225x300.jpg?resize=225%2C300\" alt=\"\" width=\"225\" height=\"300\" srcset=\"https:\/\/i0.wp.com\/projetscitoyens.francas71.org\/wp-content\/uploads\/2017\/11\/IMG_20171122_161432-2.jpg?resize=225%2C300 225w, https:\/\/i0.wp.com\/projetscitoyens.francas71.org\/wp-content\/uploads\/2017\/11\/IMG_20171122_161432-2.jpg?resize=768%2C1024 768w, https:\/\/i0.wp.com\/projetscitoyens.francas71.org\/wp-content\/uploads\/2017\/11\/IMG_20171122_161432-2.jpg?resize=1024%2C1365 1024w, https:\/\/i0.wp.com\/projetscitoyens.francas71.org\/wp-content\/uploads\/2017\/11\/IMG_20171122_161432-2.jpg?w=1280 1280w, https:\/\/i0.wp.com\/projetscitoyens.francas71.org\/wp-content\/uploads\/2017\/11\/IMG_20171122_161432-2.jpg?w=1920 1920w\" sizes=\"(max-width: 225px) 100vw, 225px\" data-recalc-dims=\"1\" \/><\/a><\/p>\n<p>Mercredi 22 novembre, les Francas 71 aid\u00e9s d&rsquo;une adh\u00e9rente ont pr\u00e9par\u00e9 une apr\u00e8s-midi autour des Droits de l&rsquo;enfant au Foyer de l&rsquo;enfance \u00e0 M\u00e2con.<\/p>\n<p>Une vingtaine d&rsquo;enfants ou adolescents ont particip\u00e9 accompagn\u00e9s d&rsquo;une dizaine d&rsquo;\u00e9ducateurs.<\/p>\n<p>Diff\u00e9rents ateliers \u00e9taient propos\u00e9s :<\/p>\n<ul>\n<li>Un parcours : les enfants devaient r\u00e9aliser le parcours, ensuite ils obtenaient une carte sur un des dix droits. Pour finir, en bin\u00f4me ils mettaient en sc\u00e8ne ce qui \u00e9tait \u00e9crit sur la carte.<\/li>\n<li>Un atelier d&rsquo;expression :\u00a0 trois affiches \u00e9taient \u00e0 disposition \u00ab\u00a0ce que j&rsquo;aime\u00a0\u00bb, \u00ab\u00a0ce que je n&rsquo;aime pas\u00a0\u00bb et \u00ab\u00a0qui je suis?\u00a0\u00bb. Chaque enfant pr\u00e9sentait au reste du groupe sa ou ses r\u00e9ponses, puis l&rsquo;\u00e9crivait ou le dessiner sur l&rsquo;affiche.<\/li>\n<li>Un d\u00e9bat autour des droits de l&rsquo;enfant: cet atelier \u00e9tait un temps d&rsquo;\u00e9change sur ce que sont les droits de l&rsquo;enfant et qui sont-ils.<\/li>\n<li>Une construction de ville: les enfants devaient dessiner un \u00e9l\u00e9ment indispensable de leur ville. Les \u00e9l\u00e9ments choisis \u00e9taient en lien avec les droits de l&rsquo;enfant.<\/li>\n<\/ul>\n<p>A la fin des ateliers les enfants avaient un r\u00e9bus \u00e0 r\u00e9soudre : 20 novembre 1989.<\/p>\n<p>Pour finir cet apr\u00e8s-midi, un l\u00e2ch\u00e9 de ballons suivi d&rsquo;un go\u00fbter ont \u00e9t\u00e9 organis\u00e9 par le Foyer de l&rsquo;enfance.<\/p>\n<p>&nbsp;<\/p>\n<p>Un grand merci aux enfants, adolescents et \u00e9ducateurs pour ce moment.<\/p>\n","protected":false},"excerpt":{"rendered":"<p>Mercredi 22 novembre, les Francas 71 aid\u00e9s d&rsquo;une adh\u00e9rente ont pr\u00e9par\u00e9 une apr\u00e8s-midi autour des Droits de l&rsquo;enfant au Foyer de l&rsquo;enfance \u00e0 M\u00e2con. Une vingtaine d&rsquo;enfants ou adolescents ont particip\u00e9 accompagn\u00e9s d&rsquo;une dizaine d&rsquo;\u00e9ducateurs. Diff\u00e9rents ateliers \u00e9taient propos\u00e9s : Un parcours : les enfants devaient r\u00e9aliser le parcours, ensuite ils obtenaient une carte sur un des dix droits. Pour finir, en bin\u00f4me ils mettaient en sc\u00e8ne ce qui \u00e9tait \u00e9crit sur la carte. Un atelier d&rsquo;expression :\u00a0 trois affiches&#8230;<\/p>\n<p class=\"read-more\"><a class=\"btn btn-default\" href=\"http:\/\/projetscitoyens.francas71.org\/?p=2534\" onclick=\"return TrackClick('http%3A%2F%2Fprojetscitoyens.francas71.org%2F%3Fp%3D2534','Lire+la+suite+Lire+la+suite')\">Lire la suite<span class=\"screen-reader-text\"> Lire la suite<\/span><\/a><\/p>\n","protected":false},"author":1,"featured_media":2536,"comment_status":"open","ping_status":"open","sticky":false,"template":"","format":"standard","meta":{"jetpack_post_was_ever_published":false,"_jetpack_newsletter_access":"","_jetpack_dont_email_post_to_subs":false,"_jetpack_newsletter_tier_id":0,"_jetpack_memberships_contains_paywalled_content":false,"_jetpack_memberships_contains_paid_content":false,"footnotes":"","jetpack_publicize_message":"","jetpack_publicize_feature_enabled":true,"jetpack_social_post_already_shared":true,"jetpack_social_options":{"image_generator_settings":{"template":"highway","enabled":false},"version":2}},"categories":[119,215],"tags":[],"class_list":["post-2534","post","type-post","status-publish","format-standard","has-post-thumbnail","hentry","category-agis-pour-tes-droits-2","category-agis-pour-tes-droits-2017"],"jetpack_publicize_connections":[],"jetpack_featured_media_url":"https:\/\/i0.wp.com\/projetscitoyens.francas71.org\/wp-content\/uploads\/2017\/11\/IMG_20171122_161432-2.jpg?fit=2139%2C2852","jetpack_sharing_enabled":true,"jetpack_shortlink":"https:\/\/wp.me\/p6M0zG-ES","jetpack-related-posts":[],"jetpack_likes_enabled":true,"_links":{"self":[{"href":"http:\/\/projetscitoyens.francas71.org\/index.php?rest_route=\/wp\/v2\/posts\/2534"}],"collection":[{"href":"http:\/\/projetscitoyens.francas71.org\/index.php?rest_route=\/wp\/v2\/posts"}],"about":[{"href":"http:\/\/projetscitoyens.francas71.org\/index.php?rest_route=\/wp\/v2\/types\/post"}],"author":[{"embeddable":true,"href":"http:\/\/projetscitoyens.francas71.org\/index.php?rest_route=\/wp\/v2\/users\/1"}],"replies":[{"embeddable":true,"href":"http:\/\/projetscitoyens.francas71.org\/index.php?rest_route=%2Fwp%2Fv2%2Fcomments&post=2534"}],"version-history":[{"count":3,"href":"http:\/\/projetscitoyens.francas71.org\/index.php?rest_route=\/wp\/v2\/posts\/2534\/revisions"}],"predecessor-version":[{"id":2538,"href":"http:\/\/projetscitoyens.francas71.org\/index.php?rest_route=\/wp\/v2\/posts\/2534\/revisions\/2538"}],"wp:featuredmedia":[{"embeddable":true,"href":"http:\/\/projetscitoyens.francas71.org\/index.php?rest_route=\/wp\/v2\/media\/2536"}],"wp:attachment":[{"href":"http:\/\/projetscitoyens.francas71.org\/index.php?rest_route=%2Fwp%2Fv2%2Fmedia&parent=2534"}],"wp:term":[{"taxonomy":"category","embeddable":true,"href":"http:\/\/projetscitoyens.francas71.org\/index.php?rest_route=%2Fwp%2Fv2%2Fcategories&post=2534"},{"taxonomy":"post_tag","embeddable":true,"href":"http:\/\/projetscitoyens.francas71.org\/index.php?rest_route=%2Fwp%2Fv2%2Ftags&post=2534"}],"curies":[{"name":"wp","href":"https:\/\/api.w.org\/{rel}","templated":true}]}}