{"id":2553,"date":"2018-01-08T16:41:30","date_gmt":"2018-01-08T15:41:30","guid":{"rendered":"http:\/\/www.francas71.org\/projetscitoyens\/?p=2553"},"modified":"2019-12-16T14:25:54","modified_gmt":"2019-12-16T13:25:54","slug":"extrait-de-lamartine-radio","status":"publish","type":"post","link":"http:\/\/projetscitoyens.francas71.org\/?p=2553","title":{"rendered":"Extrait de Lamartine Radio."},"content":{"rendered":"<p><a href=\"https:\/\/i0.wp.com\/www.francas71.org\/projetscitoyens\/wp-content\/uploads\/2017\/07\/bafa02-.jpg\" onclick=\"return TrackClick('http%3A%2F%2Fwww.francas71.org%2Fprojetscitoyens%2Fwp-content%2Fuploads%2F2017%2F07%2Fbafa02-.jpg','')\"><img loading=\"lazy\" decoding=\"async\" data-attachment-id=\"2392\" data-permalink=\"http:\/\/projetscitoyens.francas71.org\/?attachment_id=2392\" data-orig-file=\"https:\/\/i0.wp.com\/projetscitoyens.francas71.org\/wp-content\/uploads\/2017\/07\/bafa02-.jpg?fit=1280%2C960\" data-orig-size=\"1280,960\" data-comments-opened=\"1\" data-image-meta=\"{&quot;aperture&quot;:&quot;0&quot;,&quot;credit&quot;:&quot;&quot;,&quot;camera&quot;:&quot;&quot;,&quot;caption&quot;:&quot;&quot;,&quot;created_timestamp&quot;:&quot;0&quot;,&quot;copyright&quot;:&quot;&quot;,&quot;focal_length&quot;:&quot;0&quot;,&quot;iso&quot;:&quot;0&quot;,&quot;shutter_speed&quot;:&quot;0&quot;,&quot;title&quot;:&quot;&quot;,&quot;orientation&quot;:&quot;0&quot;}\" data-image-title=\"bafa02\" data-image-description=\"\" data-image-caption=\"\" data-medium-file=\"https:\/\/i0.wp.com\/projetscitoyens.francas71.org\/wp-content\/uploads\/2017\/07\/bafa02-.jpg?fit=300%2C225\" data-large-file=\"https:\/\/i0.wp.com\/projetscitoyens.francas71.org\/wp-content\/uploads\/2017\/07\/bafa02-.jpg?fit=640%2C480\" tabindex=\"0\" role=\"button\" class=\"aligncenter size-medium wp-image-2392\" src=\"https:\/\/i0.wp.com\/www.francas71.org\/projetscitoyens\/wp-content\/uploads\/2017\/07\/bafa02--300x225.jpg?resize=300%2C225\" alt=\"\" width=\"300\" height=\"225\" srcset=\"https:\/\/i0.wp.com\/projetscitoyens.francas71.org\/wp-content\/uploads\/2017\/07\/bafa02-.jpg?resize=300%2C225 300w, https:\/\/i0.wp.com\/projetscitoyens.francas71.org\/wp-content\/uploads\/2017\/07\/bafa02-.jpg?resize=768%2C576 768w, https:\/\/i0.wp.com\/projetscitoyens.francas71.org\/wp-content\/uploads\/2017\/07\/bafa02-.jpg?resize=1024%2C768 1024w, https:\/\/i0.wp.com\/projetscitoyens.francas71.org\/wp-content\/uploads\/2017\/07\/bafa02-.jpg?w=1280 1280w\" sizes=\"(max-width: 300px) 100vw, 300px\" data-recalc-dims=\"1\" \/><\/a><\/p>\n<p>Durant les mois de novembre et d\u00e9cembre, huit enfants de CM1 et CM2 ont pr\u00e9par\u00e9 une \u00e9mission radio sur les droits de l&rsquo;enfant.<\/p>\n<p>Par bin\u00f4me ils ont choisi des droits diff\u00e9rents: R\u00eaver, rire, participer et jouer \/ Ne pas \u00eatre exploit\u00e9 \/ Avoir une identit\u00e9, une famille et une vie priv\u00e9e \/ \u00catre nourri, log\u00e9 et grandir dans de bonnes conditions.<\/p>\n<p>Ces enfants ont pu cr\u00e9er leur jingle, mais aussi se mettre d&rsquo;accord sur le contenu de l&rsquo;\u00e9mission et sur les transitions. Lors d&rsquo;une s\u00e9ance nous sommes aussi all\u00e9s interroger des commer\u00e7ants pour avoir leur avis sur la question des droits de l&rsquo;enfant.<\/p>\n<p>Nous avons enregistr\u00e9 l&rsquo;\u00e9mission le 19 d\u00e9cembre dernier, vous pourrez trouver un extrait de l&rsquo;\u00e9mission \u00e0 la fin de l&rsquo;article.<\/p>\n<!--[if lt IE 9]><script>document.createElement('audio');<\/script><![endif]-->\n<audio class=\"wp-audio-shortcode\" id=\"audio-2553-1\" preload=\"none\" style=\"width: 100%;\" controls=\"controls\"><source type=\"audio\/mpeg\" src=\"http:\/\/www.francas71.org\/projetscitoyens\/wp-content\/uploads\/2018\/01\/Extrait-diffusable.mp3?_=1\" \/><a href=\"http:\/\/www.francas71.org\/projetscitoyens\/wp-content\/uploads\/2018\/01\/Extrait-diffusable.mp3\">http:\/\/www.francas71.org\/projetscitoyens\/wp-content\/uploads\/2018\/01\/Extrait-diffusable.mp3<\/a><\/audio>\n","protected":false},"excerpt":{"rendered":"<p>Durant les mois de novembre et d\u00e9cembre, huit enfants de CM1 et CM2 ont pr\u00e9par\u00e9 une \u00e9mission radio sur les droits de l&rsquo;enfant. Par bin\u00f4me ils ont choisi des droits diff\u00e9rents: R\u00eaver, rire, participer et jouer \/ Ne pas \u00eatre exploit\u00e9 \/ Avoir une identit\u00e9, une famille et une vie priv\u00e9e \/ \u00catre nourri, log\u00e9 et grandir dans de bonnes conditions. Ces enfants ont pu cr\u00e9er leur jingle, mais aussi se mettre d&rsquo;accord sur le contenu de l&rsquo;\u00e9mission et sur&#8230;<\/p>\n<p class=\"read-more\"><a class=\"btn btn-default\" href=\"http:\/\/projetscitoyens.francas71.org\/?p=2553\" onclick=\"return TrackClick('http%3A%2F%2Fprojetscitoyens.francas71.org%2F%3Fp%3D2553','Lire+la+suite+Lire+la+suite')\">Lire la suite<span class=\"screen-reader-text\"> Lire la suite<\/span><\/a><\/p>\n","protected":false},"author":1,"featured_media":2392,"comment_status":"open","ping_status":"open","sticky":false,"template":"","format":"standard","meta":{"jetpack_post_was_ever_published":false,"_jetpack_newsletter_access":"","_jetpack_dont_email_post_to_subs":false,"_jetpack_newsletter_tier_id":0,"_jetpack_memberships_contains_paywalled_content":false,"_jetpack_memberships_contains_paid_content":false,"footnotes":"","jetpack_publicize_message":"","jetpack_publicize_feature_enabled":true,"jetpack_social_post_already_shared":true,"jetpack_social_options":{"image_generator_settings":{"template":"highway","enabled":false},"version":2}},"categories":[119,215],"tags":[],"class_list":["post-2553","post","type-post","status-publish","format-standard","has-post-thumbnail","hentry","category-agis-pour-tes-droits-2","category-agis-pour-tes-droits-2017"],"jetpack_publicize_connections":[],"jetpack_featured_media_url":"https:\/\/i0.wp.com\/projetscitoyens.francas71.org\/wp-content\/uploads\/2017\/07\/bafa02-.jpg?fit=1280%2C960","jetpack_sharing_enabled":true,"jetpack_shortlink":"https:\/\/wp.me\/p6M0zG-Fb","jetpack-related-posts":[],"jetpack_likes_enabled":true,"_links":{"self":[{"href":"http:\/\/projetscitoyens.francas71.org\/index.php?rest_route=\/wp\/v2\/posts\/2553"}],"collection":[{"href":"http:\/\/projetscitoyens.francas71.org\/index.php?rest_route=\/wp\/v2\/posts"}],"about":[{"href":"http:\/\/projetscitoyens.francas71.org\/index.php?rest_route=\/wp\/v2\/types\/post"}],"author":[{"embeddable":true,"href":"http:\/\/projetscitoyens.francas71.org\/index.php?rest_route=\/wp\/v2\/users\/1"}],"replies":[{"embeddable":true,"href":"http:\/\/projetscitoyens.francas71.org\/index.php?rest_route=%2Fwp%2Fv2%2Fcomments&post=2553"}],"version-history":[{"count":1,"href":"http:\/\/projetscitoyens.francas71.org\/index.php?rest_route=\/wp\/v2\/posts\/2553\/revisions"}],"predecessor-version":[{"id":2554,"href":"http:\/\/projetscitoyens.francas71.org\/index.php?rest_route=\/wp\/v2\/posts\/2553\/revisions\/2554"}],"wp:featuredmedia":[{"embeddable":true,"href":"http:\/\/projetscitoyens.francas71.org\/index.php?rest_route=\/wp\/v2\/media\/2392"}],"wp:attachment":[{"href":"http:\/\/projetscitoyens.francas71.org\/index.php?rest_route=%2Fwp%2Fv2%2Fmedia&parent=2553"}],"wp:term":[{"taxonomy":"category","embeddable":true,"href":"http:\/\/projetscitoyens.francas71.org\/index.php?rest_route=%2Fwp%2Fv2%2Fcategories&post=2553"},{"taxonomy":"post_tag","embeddable":true,"href":"http:\/\/projetscitoyens.francas71.org\/index.php?rest_route=%2Fwp%2Fv2%2Ftags&post=2553"}],"curies":[{"name":"wp","href":"https:\/\/api.w.org\/{rel}","templated":true}]}}