{"id":2562,"date":"2018-01-30T12:00:56","date_gmt":"2018-01-30T11:00:56","guid":{"rendered":"http:\/\/www.francas71.org\/projetscitoyens\/?p=2562"},"modified":"2019-12-16T14:25:42","modified_gmt":"2019-12-16T13:25:42","slug":"monde-denfants-ateliers-citoyens-kergomard-chalon-71","status":"publish","type":"post","link":"http:\/\/projetscitoyens.francas71.org\/?p=2562","title":{"rendered":"MONDE D&rsquo;ENFANTS ! Ateliers citoyens KERGOMARD &#8211; Ch\u00e2lon (71)"},"content":{"rendered":"<figure id=\"attachment_2568\" aria-describedby=\"caption-attachment-2568\" style=\"width: 300px\" class=\"wp-caption aligncenter\"><a href=\"https:\/\/i0.wp.com\/www.francas71.org\/projetscitoyens\/wp-content\/uploads\/2018\/01\/KERGOMARD-1.png\" onclick=\"return TrackClick('http%3A%2F%2Fwww.francas71.org%2Fprojetscitoyens%2Fwp-content%2Fuploads%2F2018%2F01%2FKERGOMARD-1.png','')\"><img loading=\"lazy\" decoding=\"async\" data-attachment-id=\"2568\" data-permalink=\"http:\/\/projetscitoyens.francas71.org\/?attachment_id=2568\" data-orig-file=\"https:\/\/i0.wp.com\/projetscitoyens.francas71.org\/wp-content\/uploads\/2018\/01\/KERGOMARD-1.png?fit=895%2C673\" data-orig-size=\"895,673\" data-comments-opened=\"1\" data-image-meta=\"{&quot;aperture&quot;:&quot;0&quot;,&quot;credit&quot;:&quot;&quot;,&quot;camera&quot;:&quot;&quot;,&quot;caption&quot;:&quot;&quot;,&quot;created_timestamp&quot;:&quot;0&quot;,&quot;copyright&quot;:&quot;&quot;,&quot;focal_length&quot;:&quot;0&quot;,&quot;iso&quot;:&quot;0&quot;,&quot;shutter_speed&quot;:&quot;0&quot;,&quot;title&quot;:&quot;&quot;,&quot;orientation&quot;:&quot;0&quot;}\" data-image-title=\"KERGOMARD\" data-image-description=\"\" data-image-caption=\"\" data-medium-file=\"https:\/\/i0.wp.com\/projetscitoyens.francas71.org\/wp-content\/uploads\/2018\/01\/KERGOMARD-1.png?fit=300%2C226\" data-large-file=\"https:\/\/i0.wp.com\/projetscitoyens.francas71.org\/wp-content\/uploads\/2018\/01\/KERGOMARD-1.png?fit=640%2C481\" tabindex=\"0\" role=\"button\" class=\"wp-image-2568 size-medium\" src=\"https:\/\/i0.wp.com\/www.francas71.org\/projetscitoyens\/wp-content\/uploads\/2018\/01\/KERGOMARD-1-300x226.png?resize=300%2C226\" alt=\"\" width=\"300\" height=\"226\" srcset=\"https:\/\/i0.wp.com\/projetscitoyens.francas71.org\/wp-content\/uploads\/2018\/01\/KERGOMARD-1.png?resize=300%2C226 300w, https:\/\/i0.wp.com\/projetscitoyens.francas71.org\/wp-content\/uploads\/2018\/01\/KERGOMARD-1.png?resize=768%2C578 768w, https:\/\/i0.wp.com\/projetscitoyens.francas71.org\/wp-content\/uploads\/2018\/01\/KERGOMARD-1.png?w=895 895w\" sizes=\"(max-width: 300px) 100vw, 300px\" data-recalc-dims=\"1\" \/><\/a><figcaption id=\"caption-attachment-2568\" class=\"wp-caption-text\"><em>Page du carnet de bord r\u00e9alis\u00e9e par les enfants<\/em><\/figcaption><\/figure>\n<p>Dans le cadre de l\u2019accompagnement \u00e9ducatif de <strong>l&rsquo;\u00e9cole Pauline KERGOMARD \u00e0 Ch\u00e2lon-sur-Sa\u00f4ne (Quartier Pr\u00e9s-Saint Jean)<\/strong>, Morgane, animatrice FRANCAS, intervient tous les jeudis avec M. JOLIVET, enseignant, aupr\u00e8s des CE2-CM1. L&rsquo;objectif est de r\u00e9aliser une \u00e9mission de radio ainsi qu&rsquo;une vid\u00e9o sur le th\u00e8me de la violence \u00e0 l&rsquo;\u00e9cole.<\/p>\n<p>Jusqu&rsquo;aux vacances de f\u00e9vrier, les enfants pr\u00e9pareront le contenu de l&rsquo;\u00e9mission \u00e0 travers des jeux coop\u00e9ratifs et des d\u00e9bats sur ce m\u00eame th\u00e8me. Ils s&rsquo;appuieront sur diff\u00e9rents supports comme l&rsquo;affiche \u00ab\u00a0pourquoi moi?\u00a0\u00bb r\u00e9compens\u00e9e par le prix \u00ab\u00a0non au harc\u00e8lement 2014\u00a0\u00bb (Acad\u00e9mie de Rennes).<\/p>\n<p>Chaque s\u00e9ance, les enfants tiennent un carnet de bord. Il retrace le v\u00e9cu du\u00a0 groupe, et il sera pr\u00e9sent\u00e9 aux parents au mois d&rsquo;avril. Cette semaine, Im\u00e8ne et Yasmine ont r\u00e9alis\u00e9 leur page, voir photo ci-dessus.<\/p>\n<h3><strong>A suivre&#8230;<\/strong><\/h3>\n<p><em>Cet atelier est r\u00e9alis\u00e9 avec le soutien de la Direction des Services D\u00e9partementaux de l\u2019\u00c9ducation Nationale de Sa\u00f4ne-et-Loire.<\/em><\/p>\n<p>&nbsp;<\/p>\n","protected":false},"excerpt":{"rendered":"<p>Dans le cadre de l\u2019accompagnement \u00e9ducatif de l&rsquo;\u00e9cole Pauline KERGOMARD \u00e0 Ch\u00e2lon-sur-Sa\u00f4ne (Quartier Pr\u00e9s-Saint Jean), Morgane, animatrice FRANCAS, intervient tous les jeudis avec M. JOLIVET, enseignant, aupr\u00e8s des CE2-CM1. L&rsquo;objectif est de r\u00e9aliser une \u00e9mission de radio ainsi qu&rsquo;une vid\u00e9o sur le th\u00e8me de la violence \u00e0 l&rsquo;\u00e9cole. Jusqu&rsquo;aux vacances de f\u00e9vrier, les enfants pr\u00e9pareront le contenu de l&rsquo;\u00e9mission \u00e0 travers des jeux coop\u00e9ratifs et des d\u00e9bats sur ce m\u00eame th\u00e8me. Ils s&rsquo;appuieront sur diff\u00e9rents supports comme l&rsquo;affiche \u00ab\u00a0pourquoi moi?\u00a0\u00bb&#8230;<\/p>\n<p class=\"read-more\"><a class=\"btn btn-default\" href=\"http:\/\/projetscitoyens.francas71.org\/?p=2562\" onclick=\"return TrackClick('http%3A%2F%2Fprojetscitoyens.francas71.org%2F%3Fp%3D2562','Lire+la+suite+Lire+la+suite')\">Lire la suite<span class=\"screen-reader-text\"> Lire la suite<\/span><\/a><\/p>\n","protected":false},"author":1,"featured_media":2568,"comment_status":"open","ping_status":"open","sticky":false,"template":"","format":"standard","meta":{"jetpack_post_was_ever_published":false,"_jetpack_newsletter_access":"","_jetpack_dont_email_post_to_subs":false,"_jetpack_newsletter_tier_id":0,"_jetpack_memberships_contains_paywalled_content":false,"_jetpack_memberships_contains_paid_content":false,"footnotes":"","jetpack_publicize_message":"","jetpack_publicize_feature_enabled":true,"jetpack_social_post_already_shared":true,"jetpack_social_options":{"image_generator_settings":{"template":"highway","enabled":false},"version":2}},"categories":[119,229],"tags":[],"class_list":["post-2562","post","type-post","status-publish","format-standard","has-post-thumbnail","hentry","category-agis-pour-tes-droits-2","category-2018-les-droits-de-lenfant"],"jetpack_publicize_connections":[],"jetpack_featured_media_url":"https:\/\/i0.wp.com\/projetscitoyens.francas71.org\/wp-content\/uploads\/2018\/01\/KERGOMARD-1.png?fit=895%2C673","jetpack_sharing_enabled":true,"jetpack_shortlink":"https:\/\/wp.me\/p6M0zG-Fk","jetpack-related-posts":[],"jetpack_likes_enabled":true,"_links":{"self":[{"href":"http:\/\/projetscitoyens.francas71.org\/index.php?rest_route=\/wp\/v2\/posts\/2562"}],"collection":[{"href":"http:\/\/projetscitoyens.francas71.org\/index.php?rest_route=\/wp\/v2\/posts"}],"about":[{"href":"http:\/\/projetscitoyens.francas71.org\/index.php?rest_route=\/wp\/v2\/types\/post"}],"author":[{"embeddable":true,"href":"http:\/\/projetscitoyens.francas71.org\/index.php?rest_route=\/wp\/v2\/users\/1"}],"replies":[{"embeddable":true,"href":"http:\/\/projetscitoyens.francas71.org\/index.php?rest_route=%2Fwp%2Fv2%2Fcomments&post=2562"}],"version-history":[{"count":4,"href":"http:\/\/projetscitoyens.francas71.org\/index.php?rest_route=\/wp\/v2\/posts\/2562\/revisions"}],"predecessor-version":[{"id":2579,"href":"http:\/\/projetscitoyens.francas71.org\/index.php?rest_route=\/wp\/v2\/posts\/2562\/revisions\/2579"}],"wp:featuredmedia":[{"embeddable":true,"href":"http:\/\/projetscitoyens.francas71.org\/index.php?rest_route=\/wp\/v2\/media\/2568"}],"wp:attachment":[{"href":"http:\/\/projetscitoyens.francas71.org\/index.php?rest_route=%2Fwp%2Fv2%2Fmedia&parent=2562"}],"wp:term":[{"taxonomy":"category","embeddable":true,"href":"http:\/\/projetscitoyens.francas71.org\/index.php?rest_route=%2Fwp%2Fv2%2Fcategories&post=2562"},{"taxonomy":"post_tag","embeddable":true,"href":"http:\/\/projetscitoyens.francas71.org\/index.php?rest_route=%2Fwp%2Fv2%2Ftags&post=2562"}],"curies":[{"name":"wp","href":"https:\/\/api.w.org\/{rel}","templated":true}]}}