{"id":2580,"date":"2018-02-01T12:15:44","date_gmt":"2018-02-01T11:15:44","guid":{"rendered":"http:\/\/www.francas71.org\/projetscitoyens\/?p=2580"},"modified":"2019-12-16T14:25:29","modified_gmt":"2019-12-16T13:25:29","slug":"ado-ctualite-radio-college-anne-frank-montchanin","status":"publish","type":"post","link":"http:\/\/projetscitoyens.francas71.org\/?p=2580","title":{"rendered":"ADO &lsquo;CTUALIT\u00c9 &#8211; Radio Coll\u00e8ge Anne Frank &#8211; MONTCHANIN"},"content":{"rendered":"<p><a href=\"https:\/\/i0.wp.com\/www.francas71.org\/projetscitoyens\/wp-content\/uploads\/2018\/01\/IMG_3169.jpg\" onclick=\"return TrackClick('http%3A%2F%2Fwww.francas71.org%2Fprojetscitoyens%2Fwp-content%2Fuploads%2F2018%2F01%2FIMG_3169.jpg','')\"><img loading=\"lazy\" decoding=\"async\" data-attachment-id=\"2574\" data-permalink=\"http:\/\/projetscitoyens.francas71.org\/?attachment_id=2574\" data-orig-file=\"https:\/\/i0.wp.com\/projetscitoyens.francas71.org\/wp-content\/uploads\/2018\/01\/IMG_3169.jpg?fit=5152%2C3864\" data-orig-size=\"5152,3864\" data-comments-opened=\"1\" data-image-meta=\"{&quot;aperture&quot;:&quot;5&quot;,&quot;credit&quot;:&quot;&quot;,&quot;camera&quot;:&quot;Canon PowerShot SX420 IS&quot;,&quot;caption&quot;:&quot;&quot;,&quot;created_timestamp&quot;:&quot;1513606220&quot;,&quot;copyright&quot;:&quot;&quot;,&quot;focal_length&quot;:&quot;11.196&quot;,&quot;iso&quot;:&quot;640&quot;,&quot;shutter_speed&quot;:&quot;0.05&quot;,&quot;title&quot;:&quot;&quot;,&quot;orientation&quot;:&quot;1&quot;}\" data-image-title=\"IMG_3169\" data-image-description=\"\" data-image-caption=\"\" data-medium-file=\"https:\/\/i0.wp.com\/projetscitoyens.francas71.org\/wp-content\/uploads\/2018\/01\/IMG_3169.jpg?fit=300%2C225\" data-large-file=\"https:\/\/i0.wp.com\/projetscitoyens.francas71.org\/wp-content\/uploads\/2018\/01\/IMG_3169.jpg?fit=640%2C480\" tabindex=\"0\" role=\"button\" class=\"aligncenter size-medium wp-image-2574\" src=\"https:\/\/i0.wp.com\/www.francas71.org\/projetscitoyens\/wp-content\/uploads\/2018\/01\/IMG_3169-300x225.jpg?resize=300%2C225\" alt=\"\" width=\"300\" height=\"225\" srcset=\"https:\/\/i0.wp.com\/projetscitoyens.francas71.org\/wp-content\/uploads\/2018\/01\/IMG_3169.jpg?resize=300%2C225 300w, https:\/\/i0.wp.com\/projetscitoyens.francas71.org\/wp-content\/uploads\/2018\/01\/IMG_3169.jpg?resize=768%2C576 768w, https:\/\/i0.wp.com\/projetscitoyens.francas71.org\/wp-content\/uploads\/2018\/01\/IMG_3169.jpg?resize=1024%2C768 1024w, https:\/\/i0.wp.com\/projetscitoyens.francas71.org\/wp-content\/uploads\/2018\/01\/IMG_3169.jpg?w=1280 1280w, https:\/\/i0.wp.com\/projetscitoyens.francas71.org\/wp-content\/uploads\/2018\/01\/IMG_3169.jpg?w=1920 1920w\" sizes=\"(max-width: 300px) 100vw, 300px\" data-recalc-dims=\"1\" \/><\/a><\/p>\n<p><strong><span style=\"color: #3366ff;\">Lundi 18 d\u00e9cembre 2017<\/span> <\/strong><span style=\"color: #3366ff;\">:<\/span><\/p>\n<p>Les 4 classes de 3 \u00e8me du Coll\u00e8ge Anne Frank \u00e0 Montchanin ont pr\u00e9par\u00e9 une \u00e9mission de radio. Celle-ci entre dans le cadre des Enseignements PlurIdisciplinaires (EPI) sur la Premi\u00e8re Guerre Mondiale, alliant fran\u00e7ais et histoire.<\/p>\n<p>Pour finir ce travail, chaque classe a \u00e9t\u00e9 enregistr\u00e9e. Les \u00e9l\u00e8ves ont pu choisir leurs personnages : poilus, journaliste, personnalit\u00e9&#8230; Certains d&rsquo;entre eux ont r\u00e9pondu aux questions de Morgane. Par groupe deux \u00e9missions ont \u00e9t\u00e9 r\u00e9alis\u00e9es, une en 1923, et une en 2017.<\/p>\n<p>Vous pourrez les entendre en cliquant sur les diff\u00e9rents liens ci-dessous.<\/p>\n<p>Les 3\u00b01 &#8211; \u00e9mission en 1923<\/p>\n<!--[if lt IE 9]><script>document.createElement('audio');<\/script><![endif]-->\n<audio class=\"wp-audio-shortcode\" id=\"audio-2580-1\" preload=\"none\" style=\"width: 100%;\" controls=\"controls\"><source type=\"audio\/mpeg\" src=\"http:\/\/www.francas71.org\/projetscitoyens\/wp-content\/uploads\/2018\/01\/3e1-Emission-1923.mp3?_=1\" \/><a href=\"http:\/\/www.francas71.org\/projetscitoyens\/wp-content\/uploads\/2018\/01\/3e1-Emission-1923.mp3\">http:\/\/www.francas71.org\/projetscitoyens\/wp-content\/uploads\/2018\/01\/3e1-Emission-1923.mp3<\/a><\/audio>\n<p>Les 3\u00b01 &#8211; \u00e9mission en 2017<\/p>\n<audio class=\"wp-audio-shortcode\" id=\"audio-2580-2\" preload=\"none\" style=\"width: 100%;\" controls=\"controls\"><source type=\"audio\/mpeg\" src=\"http:\/\/www.francas71.org\/projetscitoyens\/wp-content\/uploads\/2018\/01\/3e1-Emission-2017.mp3?_=2\" \/><a href=\"http:\/\/www.francas71.org\/projetscitoyens\/wp-content\/uploads\/2018\/01\/3e1-Emission-2017.mp3\">http:\/\/www.francas71.org\/projetscitoyens\/wp-content\/uploads\/2018\/01\/3e1-Emission-2017.mp3<\/a><\/audio>\n<p>Les 3\u00b02 &#8211; \u00e9mission en 1923<\/p>\n<audio class=\"wp-audio-shortcode\" id=\"audio-2580-3\" preload=\"none\" style=\"width: 100%;\" controls=\"controls\"><source type=\"audio\/mpeg\" src=\"http:\/\/www.francas71.org\/projetscitoyens\/wp-content\/uploads\/2018\/01\/3e2-Emission-1923.mp3?_=3\" \/><a href=\"http:\/\/www.francas71.org\/projetscitoyens\/wp-content\/uploads\/2018\/01\/3e2-Emission-1923.mp3\">http:\/\/www.francas71.org\/projetscitoyens\/wp-content\/uploads\/2018\/01\/3e2-Emission-1923.mp3<\/a><\/audio>\n<p>Les 3\u00b02 &#8211; \u00e9mission en 2017<\/p>\n<audio class=\"wp-audio-shortcode\" id=\"audio-2580-4\" preload=\"none\" style=\"width: 100%;\" controls=\"controls\"><source type=\"audio\/mpeg\" src=\"http:\/\/www.francas71.org\/projetscitoyens\/wp-content\/uploads\/2018\/01\/3e2-Emission-2017.mp3?_=4\" \/><a href=\"http:\/\/www.francas71.org\/projetscitoyens\/wp-content\/uploads\/2018\/01\/3e2-Emission-2017.mp3\">http:\/\/www.francas71.org\/projetscitoyens\/wp-content\/uploads\/2018\/01\/3e2-Emission-2017.mp3<\/a><\/audio>\n<p>Les 3\u00b03 &#8211; \u00e9mission en 1923<\/p>\n<audio class=\"wp-audio-shortcode\" id=\"audio-2580-5\" preload=\"none\" style=\"width: 100%;\" controls=\"controls\"><source type=\"audio\/mpeg\" src=\"http:\/\/www.francas71.org\/projetscitoyens\/wp-content\/uploads\/2018\/01\/3e3-Emission-1923.mp3?_=5\" \/><a href=\"http:\/\/www.francas71.org\/projetscitoyens\/wp-content\/uploads\/2018\/01\/3e3-Emission-1923.mp3\">http:\/\/www.francas71.org\/projetscitoyens\/wp-content\/uploads\/2018\/01\/3e3-Emission-1923.mp3<\/a><\/audio>\n<p>Les 3\u00b03 &#8211; \u00e9mission en 2017<\/p>\n<audio class=\"wp-audio-shortcode\" id=\"audio-2580-6\" preload=\"none\" style=\"width: 100%;\" controls=\"controls\"><source type=\"audio\/mpeg\" src=\"http:\/\/www.francas71.org\/projetscitoyens\/wp-content\/uploads\/2018\/01\/3e3-Emission-2017.mp3?_=6\" \/><a href=\"http:\/\/www.francas71.org\/projetscitoyens\/wp-content\/uploads\/2018\/01\/3e3-Emission-2017.mp3\">http:\/\/www.francas71.org\/projetscitoyens\/wp-content\/uploads\/2018\/01\/3e3-Emission-2017.mp3<\/a><\/audio>\n<p>Les 3\u00b04 &#8211; \u00e9mission en 1923<\/p>\n<audio class=\"wp-audio-shortcode\" id=\"audio-2580-7\" preload=\"none\" style=\"width: 100%;\" controls=\"controls\"><source type=\"audio\/mpeg\" src=\"http:\/\/www.francas71.org\/projetscitoyens\/wp-content\/uploads\/2018\/01\/3e4-Emission-1923.mp3?_=7\" \/><a href=\"http:\/\/www.francas71.org\/projetscitoyens\/wp-content\/uploads\/2018\/01\/3e4-Emission-1923.mp3\">http:\/\/www.francas71.org\/projetscitoyens\/wp-content\/uploads\/2018\/01\/3e4-Emission-1923.mp3<\/a><\/audio>\n<p>Les 3\u00b04 &#8211; \u00e9mission en 2017<\/p>\n<audio class=\"wp-audio-shortcode\" id=\"audio-2580-8\" preload=\"none\" style=\"width: 100%;\" controls=\"controls\"><source type=\"audio\/mpeg\" src=\"http:\/\/www.francas71.org\/projetscitoyens\/wp-content\/uploads\/2018\/01\/3e4-Emission-2017.mp3?_=8\" \/><a href=\"http:\/\/www.francas71.org\/projetscitoyens\/wp-content\/uploads\/2018\/01\/3e4-Emission-2017.mp3\">http:\/\/www.francas71.org\/projetscitoyens\/wp-content\/uploads\/2018\/01\/3e4-Emission-2017.mp3<\/a><\/audio>\n<p>&nbsp;<\/p>\n<p style=\"text-align: center;\"><span style=\"color: #3366ff;\"><em>Merci aux \u00e9l\u00e8ves pour leur travail, ainsi qu&rsquo;\u00e0 l&rsquo;\u00e9quipe \u00e9ducative pour ce beau partenariat.<\/em><\/span><\/p>\n<p>&nbsp;<\/p>\n","protected":false},"excerpt":{"rendered":"<p>Lundi 18 d\u00e9cembre 2017 : Les 4 classes de 3 \u00e8me du Coll\u00e8ge Anne Frank \u00e0 Montchanin ont pr\u00e9par\u00e9 une \u00e9mission de radio. Celle-ci entre dans le cadre des Enseignements PlurIdisciplinaires (EPI) sur la Premi\u00e8re Guerre Mondiale, alliant fran\u00e7ais et histoire. Pour finir ce travail, chaque classe a \u00e9t\u00e9 enregistr\u00e9e. Les \u00e9l\u00e8ves ont pu choisir leurs personnages : poilus, journaliste, personnalit\u00e9&#8230; Certains d&rsquo;entre eux ont r\u00e9pondu aux questions de Morgane. Par groupe deux \u00e9missions ont \u00e9t\u00e9 r\u00e9alis\u00e9es, une en 1923,&#8230;<\/p>\n<p class=\"read-more\"><a class=\"btn btn-default\" href=\"http:\/\/projetscitoyens.francas71.org\/?p=2580\" onclick=\"return TrackClick('http%3A%2F%2Fprojetscitoyens.francas71.org%2F%3Fp%3D2580','Lire+la+suite+Lire+la+suite')\">Lire la suite<span class=\"screen-reader-text\"> Lire la suite<\/span><\/a><\/p>\n","protected":false},"author":1,"featured_media":2574,"comment_status":"open","ping_status":"open","sticky":false,"template":"","format":"standard","meta":{"jetpack_post_was_ever_published":false,"_jetpack_newsletter_access":"","_jetpack_dont_email_post_to_subs":false,"_jetpack_newsletter_tier_id":0,"_jetpack_memberships_contains_paywalled_content":false,"_jetpack_memberships_contains_paid_content":false,"footnotes":"","jetpack_publicize_message":"","jetpack_publicize_feature_enabled":true,"jetpack_social_post_already_shared":true,"jetpack_social_options":{"image_generator_settings":{"template":"highway","enabled":false},"version":2}},"categories":[231,214],"tags":[],"class_list":["post-2580","post","type-post","status-publish","format-standard","has-post-thumbnail","hentry","category-2018-radio-jeunes","category-la-radio"],"jetpack_publicize_connections":[],"jetpack_featured_media_url":"https:\/\/i0.wp.com\/projetscitoyens.francas71.org\/wp-content\/uploads\/2018\/01\/IMG_3169.jpg?fit=5152%2C3864","jetpack_sharing_enabled":true,"jetpack_shortlink":"https:\/\/wp.me\/p6M0zG-FC","jetpack-related-posts":[],"jetpack_likes_enabled":true,"_links":{"self":[{"href":"http:\/\/projetscitoyens.francas71.org\/index.php?rest_route=\/wp\/v2\/posts\/2580"}],"collection":[{"href":"http:\/\/projetscitoyens.francas71.org\/index.php?rest_route=\/wp\/v2\/posts"}],"about":[{"href":"http:\/\/projetscitoyens.francas71.org\/index.php?rest_route=\/wp\/v2\/types\/post"}],"author":[{"embeddable":true,"href":"http:\/\/projetscitoyens.francas71.org\/index.php?rest_route=\/wp\/v2\/users\/1"}],"replies":[{"embeddable":true,"href":"http:\/\/projetscitoyens.francas71.org\/index.php?rest_route=%2Fwp%2Fv2%2Fcomments&post=2580"}],"version-history":[{"count":1,"href":"http:\/\/projetscitoyens.francas71.org\/index.php?rest_route=\/wp\/v2\/posts\/2580\/revisions"}],"predecessor-version":[{"id":2581,"href":"http:\/\/projetscitoyens.francas71.org\/index.php?rest_route=\/wp\/v2\/posts\/2580\/revisions\/2581"}],"wp:featuredmedia":[{"embeddable":true,"href":"http:\/\/projetscitoyens.francas71.org\/index.php?rest_route=\/wp\/v2\/media\/2574"}],"wp:attachment":[{"href":"http:\/\/projetscitoyens.francas71.org\/index.php?rest_route=%2Fwp%2Fv2%2Fmedia&parent=2580"}],"wp:term":[{"taxonomy":"category","embeddable":true,"href":"http:\/\/projetscitoyens.francas71.org\/index.php?rest_route=%2Fwp%2Fv2%2Fcategories&post=2580"},{"taxonomy":"post_tag","embeddable":true,"href":"http:\/\/projetscitoyens.francas71.org\/index.php?rest_route=%2Fwp%2Fv2%2Ftags&post=2580"}],"curies":[{"name":"wp","href":"https:\/\/api.w.org\/{rel}","templated":true}]}}