{"id":26,"date":"2009-09-18T09:51:51","date_gmt":"2009-09-18T08:51:51","guid":{"rendered":"http:\/\/francas.loisirsdegrandir.org\/?p=26"},"modified":"2009-09-18T09:51:51","modified_gmt":"2009-09-18T08:51:51","slug":"le-concours-daffiches-en-2007","status":"publish","type":"post","link":"http:\/\/projetscitoyens.francas71.org\/?p=26","title":{"rendered":"Le concours d&rsquo;affiches en 2007"},"content":{"rendered":"<figure id=\"attachment_30\" aria-describedby=\"caption-attachment-30\" style=\"width: 505px\" class=\"wp-caption aligncenter\"><img loading=\"lazy\" decoding=\"async\" data-attachment-id=\"30\" data-permalink=\"http:\/\/projetscitoyens.francas71.org\/?attachment_id=30\" data-orig-file=\"https:\/\/i0.wp.com\/projetscitoyens.francas71.org\/wp-content\/uploads\/2009\/09\/LogoAgis2007pourleweb.jpg?fit=842%2C595\" data-orig-size=\"842,595\" data-comments-opened=\"1\" data-image-meta=\"{&quot;aperture&quot;:&quot;0&quot;,&quot;credit&quot;:&quot;&quot;,&quot;camera&quot;:&quot;&quot;,&quot;caption&quot;:&quot;&quot;,&quot;created_timestamp&quot;:&quot;0&quot;,&quot;copyright&quot;:&quot;&quot;,&quot;focal_length&quot;:&quot;0&quot;,&quot;iso&quot;:&quot;0&quot;,&quot;shutter_speed&quot;:&quot;0&quot;,&quot;title&quot;:&quot;&quot;}\" data-image-title=\"LogoAgis2007pourleweb\" data-image-description=\"\" data-image-caption=\"\" data-medium-file=\"https:\/\/i0.wp.com\/projetscitoyens.francas71.org\/wp-content\/uploads\/2009\/09\/LogoAgis2007pourleweb.jpg?fit=300%2C211\" data-large-file=\"https:\/\/i0.wp.com\/projetscitoyens.francas71.org\/wp-content\/uploads\/2009\/09\/LogoAgis2007pourleweb.jpg?fit=640%2C452\" tabindex=\"0\" role=\"button\" class=\"size-full wp-image-30 \" title=\"LogoAgis2007pourleweb\" src=\"https:\/\/i0.wp.com\/francas.loisirsdegrandir.org\/wp-content\/uploads\/2009\/09\/LogoAgis2007pourleweb.jpg?resize=505%2C357\" alt=\"le logo du concours en 2007\" width=\"505\" height=\"357\" srcset=\"https:\/\/i0.wp.com\/projetscitoyens.francas71.org\/wp-content\/uploads\/2009\/09\/LogoAgis2007pourleweb.jpg?w=842 842w, https:\/\/i0.wp.com\/projetscitoyens.francas71.org\/wp-content\/uploads\/2009\/09\/LogoAgis2007pourleweb.jpg?resize=300%2C211 300w, https:\/\/i0.wp.com\/projetscitoyens.francas71.org\/wp-content\/uploads\/2009\/09\/LogoAgis2007pourleweb.jpg?resize=424%2C300 424w\" sizes=\"(max-width: 505px) 100vw, 505px\" data-recalc-dims=\"1\" \/><figcaption id=\"caption-attachment-30\" class=\"wp-caption-text\">le logo du concours en 2007<\/figcaption><\/figure>\n<p>Premi\u00e8re ann\u00e9e de participation au concours international d&rsquo;affiches Agis pour tes Droits.  Un grand saut dans l&rsquo;inconnu pour l&rsquo;association d\u00e9partementale des Francas de Sa\u00f4ne et Loire.  Et au final &#8230; des r\u00e9ponses au del\u00e0 de nos esp\u00e9rances &#8230; une dizaine de structures et plus de 70 affiches r\u00e9alis\u00e9es !!!<br \/>\nRetrouver dans l&rsquo;article le bilan de cette premi\u00e8re participation et les affiches r\u00e9alis\u00e9es.<br \/>\n<!--more-->Un bilan de cette premi\u00e8re participation : 18 structures (un relais d&rsquo;assistantes maternelles, des centres de loisirs, un club de dessin adulte, une association d&rsquo;habitants, un lyc\u00e9e professionnel et des stagiaires BAFA), 75 affiches r\u00e9alis\u00e9es par pr\u00e8s de 200 enfants et jeunes.<br \/>\nUne premi\u00e8re participation d\u00e9passant nos esp\u00e9rances et qui nous a donn\u00e9 de bons espoirs pour les ann\u00e9es suivantes.<\/p>\n","protected":false},"excerpt":{"rendered":"<p>Premi\u00e8re ann\u00e9e de participation au concours international d&rsquo;affiches Agis pour tes Droits. Un grand saut dans l&rsquo;inconnu pour l&rsquo;association d\u00e9partementale des Francas de Sa\u00f4ne et Loire. Et au final &#8230; des r\u00e9ponses au del\u00e0 de nos esp\u00e9rances &#8230; une dizaine de structures et plus de 70 affiches r\u00e9alis\u00e9es !!! Retrouver dans l&rsquo;article le bilan de cette premi\u00e8re participation et les affiches r\u00e9alis\u00e9es.<\/p>\n","protected":false},"author":2,"featured_media":0,"comment_status":"open","ping_status":"open","sticky":false,"template":"","format":"standard","meta":{"jetpack_post_was_ever_published":false,"_jetpack_newsletter_access":"","_jetpack_dont_email_post_to_subs":false,"_jetpack_newsletter_tier_id":0,"_jetpack_memberships_contains_paywalled_content":false,"_jetpack_memberships_contains_paid_content":false,"footnotes":"","jetpack_publicize_message":"","jetpack_publicize_feature_enabled":true,"jetpack_social_post_already_shared":false,"jetpack_social_options":{"image_generator_settings":{"template":"highway","enabled":false},"version":2}},"categories":[7],"tags":[27,53,72,174,78,89,99,106],"class_list":["post-26","post","type-post","status-publish","format-standard","hentry","category-historique-agis-pour-tes-droits","tag-centres-de-loisirs","tag-enfants","tag-jeunes","tag-affiches","tag-lycee","tag-participation","tag-relais","tag-structures"],"jetpack_publicize_connections":[],"jetpack_featured_media_url":"","jetpack_sharing_enabled":true,"jetpack_shortlink":"https:\/\/wp.me\/p6M0zG-q","jetpack-related-posts":[],"jetpack_likes_enabled":true,"_links":{"self":[{"href":"http:\/\/projetscitoyens.francas71.org\/index.php?rest_route=\/wp\/v2\/posts\/26"}],"collection":[{"href":"http:\/\/projetscitoyens.francas71.org\/index.php?rest_route=\/wp\/v2\/posts"}],"about":[{"href":"http:\/\/projetscitoyens.francas71.org\/index.php?rest_route=\/wp\/v2\/types\/post"}],"author":[{"embeddable":true,"href":"http:\/\/projetscitoyens.francas71.org\/index.php?rest_route=\/wp\/v2\/users\/2"}],"replies":[{"embeddable":true,"href":"http:\/\/projetscitoyens.francas71.org\/index.php?rest_route=%2Fwp%2Fv2%2Fcomments&post=26"}],"version-history":[{"count":0,"href":"http:\/\/projetscitoyens.francas71.org\/index.php?rest_route=\/wp\/v2\/posts\/26\/revisions"}],"wp:attachment":[{"href":"http:\/\/projetscitoyens.francas71.org\/index.php?rest_route=%2Fwp%2Fv2%2Fmedia&parent=26"}],"wp:term":[{"taxonomy":"category","embeddable":true,"href":"http:\/\/projetscitoyens.francas71.org\/index.php?rest_route=%2Fwp%2Fv2%2Fcategories&post=26"},{"taxonomy":"post_tag","embeddable":true,"href":"http:\/\/projetscitoyens.francas71.org\/index.php?rest_route=%2Fwp%2Fv2%2Ftags&post=26"}],"curies":[{"name":"wp","href":"https:\/\/api.w.org\/{rel}","templated":true}]}}