{"id":2604,"date":"2018-03-29T16:08:55","date_gmt":"2018-03-29T15:08:55","guid":{"rendered":"http:\/\/www.francas71.org\/projetscitoyens\/?p=2604"},"modified":"2019-12-16T14:24:48","modified_gmt":"2019-12-16T13:24:48","slug":"adoctualite-paris-en-1900-college-des-bruyeres-a-la-clayette","status":"publish","type":"post","link":"http:\/\/projetscitoyens.francas71.org\/?p=2604","title":{"rendered":"ADO&rsquo;CTUALIT\u00c9 ! \u00ab\u00a0Paris en 1900\u00a0\u00bb &#8211; Coll\u00e8ge des Bruy\u00e8res \u00e0 LA CLAYETTE"},"content":{"rendered":"<p><a href=\"https:\/\/i0.wp.com\/www.francas71.org\/projetscitoyens\/wp-content\/uploads\/2018\/03\/EPI-22.3.18.jpg\" onclick=\"return TrackClick('http%3A%2F%2Fwww.francas71.org%2Fprojetscitoyens%2Fwp-content%2Fuploads%2F2018%2F03%2FEPI-22.3.18.jpg','')\"><img loading=\"lazy\" decoding=\"async\" data-attachment-id=\"2602\" data-permalink=\"http:\/\/projetscitoyens.francas71.org\/?attachment_id=2602\" data-orig-file=\"https:\/\/i0.wp.com\/projetscitoyens.francas71.org\/wp-content\/uploads\/2018\/03\/EPI-22.3.18.jpg?fit=1536%2C2048\" data-orig-size=\"1536,2048\" data-comments-opened=\"1\" data-image-meta=\"{&quot;aperture&quot;:&quot;0&quot;,&quot;credit&quot;:&quot;&quot;,&quot;camera&quot;:&quot;&quot;,&quot;caption&quot;:&quot;&quot;,&quot;created_timestamp&quot;:&quot;0&quot;,&quot;copyright&quot;:&quot;&quot;,&quot;focal_length&quot;:&quot;0&quot;,&quot;iso&quot;:&quot;0&quot;,&quot;shutter_speed&quot;:&quot;0&quot;,&quot;title&quot;:&quot;&quot;,&quot;orientation&quot;:&quot;0&quot;}\" data-image-title=\"EPI &#8211; 22.3.18\" data-image-description=\"\" data-image-caption=\"\" data-medium-file=\"https:\/\/i0.wp.com\/projetscitoyens.francas71.org\/wp-content\/uploads\/2018\/03\/EPI-22.3.18.jpg?fit=225%2C300\" data-large-file=\"https:\/\/i0.wp.com\/projetscitoyens.francas71.org\/wp-content\/uploads\/2018\/03\/EPI-22.3.18.jpg?fit=640%2C853\" tabindex=\"0\" role=\"button\" class=\"aligncenter size-medium wp-image-2602\" src=\"https:\/\/i0.wp.com\/www.francas71.org\/projetscitoyens\/wp-content\/uploads\/2018\/03\/EPI-22.3.18-225x300.jpg?resize=225%2C300\" alt=\"\" width=\"225\" height=\"300\" srcset=\"https:\/\/i0.wp.com\/projetscitoyens.francas71.org\/wp-content\/uploads\/2018\/03\/EPI-22.3.18.jpg?resize=225%2C300 225w, https:\/\/i0.wp.com\/projetscitoyens.francas71.org\/wp-content\/uploads\/2018\/03\/EPI-22.3.18.jpg?resize=768%2C1024 768w, https:\/\/i0.wp.com\/projetscitoyens.francas71.org\/wp-content\/uploads\/2018\/03\/EPI-22.3.18.jpg?resize=1024%2C1365 1024w, https:\/\/i0.wp.com\/projetscitoyens.francas71.org\/wp-content\/uploads\/2018\/03\/EPI-22.3.18.jpg?w=1536 1536w, https:\/\/i0.wp.com\/projetscitoyens.francas71.org\/wp-content\/uploads\/2018\/03\/EPI-22.3.18.jpg?w=1280 1280w\" sizes=\"(max-width: 225px) 100vw, 225px\" data-recalc-dims=\"1\" \/><\/a><\/p>\n<p>Deux classes de 4 \u00e8me du Coll\u00e8ge des Bruy\u00e8res \u00e0 La Clayette travaillent sur le th\u00e8me \u00ab\u00a0Paris en 1900\u00a0\u00bb dans le cadre des EPI &#8211; enregistrements pluridisciplinaires.<\/p>\n<p>Lors de ces s\u00e9ances diff\u00e9rents sujets sont abord\u00e9s : George Sand, les grands magasins, les trains et m\u00e9tros, Emile Zola, la Tour Eiffel.<\/p>\n<p>L&rsquo;objectif est de s&rsquo;entrainer \u00e0 s&rsquo;exprimer \u00e0 la radio avec leur travail avant l&rsquo;enregistrement final qui aura lieu courant mai.<\/p>\n<p>Pour vous faire patienter jusque-l\u00e0, voici un extrait d&rsquo;enregistrement sur \u00ab\u00a0les grands magasins\u00a0\u00bb :<\/p>\n<!--[if lt IE 9]><script>document.createElement('audio');<\/script><![endif]-->\n<audio class=\"wp-audio-shortcode\" id=\"audio-2604-1\" preload=\"none\" style=\"width: 100%;\" controls=\"controls\"><source type=\"audio\/mpeg\" src=\"http:\/\/www.francas71.org\/projetscitoyens\/wp-content\/uploads\/2018\/03\/4e1-Les-Grands-magasins.mp3?_=1\" \/><a href=\"http:\/\/www.francas71.org\/projetscitoyens\/wp-content\/uploads\/2018\/03\/4e1-Les-Grands-magasins.mp3\">http:\/\/www.francas71.org\/projetscitoyens\/wp-content\/uploads\/2018\/03\/4e1-Les-Grands-magasins.mp3<\/a><\/audio>\n","protected":false},"excerpt":{"rendered":"<p>Deux classes de 4 \u00e8me du Coll\u00e8ge des Bruy\u00e8res \u00e0 La Clayette travaillent sur le th\u00e8me \u00ab\u00a0Paris en 1900\u00a0\u00bb dans le cadre des EPI &#8211; enregistrements pluridisciplinaires. Lors de ces s\u00e9ances diff\u00e9rents sujets sont abord\u00e9s : George Sand, les grands magasins, les trains et m\u00e9tros, Emile Zola, la Tour Eiffel. L&rsquo;objectif est de s&rsquo;entrainer \u00e0 s&rsquo;exprimer \u00e0 la radio avec leur travail avant l&rsquo;enregistrement final qui aura lieu courant mai. Pour vous faire patienter jusque-l\u00e0, voici un extrait d&rsquo;enregistrement sur&#8230;<\/p>\n<p class=\"read-more\"><a class=\"btn btn-default\" href=\"http:\/\/projetscitoyens.francas71.org\/?p=2604\" onclick=\"return TrackClick('http%3A%2F%2Fprojetscitoyens.francas71.org%2F%3Fp%3D2604','Lire+la+suite+Lire+la+suite')\">Lire la suite<span class=\"screen-reader-text\"> Lire la suite<\/span><\/a><\/p>\n","protected":false},"author":1,"featured_media":2602,"comment_status":"open","ping_status":"open","sticky":false,"template":"","format":"standard","meta":{"jetpack_post_was_ever_published":false,"_jetpack_newsletter_access":"","_jetpack_dont_email_post_to_subs":false,"_jetpack_newsletter_tier_id":0,"_jetpack_memberships_contains_paywalled_content":false,"_jetpack_memberships_contains_paid_content":false,"footnotes":"","jetpack_publicize_message":"","jetpack_publicize_feature_enabled":true,"jetpack_social_post_already_shared":true,"jetpack_social_options":{"image_generator_settings":{"template":"highway","enabled":false},"version":2}},"categories":[231,214],"tags":[],"class_list":["post-2604","post","type-post","status-publish","format-standard","has-post-thumbnail","hentry","category-2018-radio-jeunes","category-la-radio"],"jetpack_publicize_connections":[],"jetpack_featured_media_url":"https:\/\/i0.wp.com\/projetscitoyens.francas71.org\/wp-content\/uploads\/2018\/03\/EPI-22.3.18.jpg?fit=1536%2C2048","jetpack_sharing_enabled":true,"jetpack_shortlink":"https:\/\/wp.me\/p6M0zG-G0","jetpack-related-posts":[],"jetpack_likes_enabled":true,"_links":{"self":[{"href":"http:\/\/projetscitoyens.francas71.org\/index.php?rest_route=\/wp\/v2\/posts\/2604"}],"collection":[{"href":"http:\/\/projetscitoyens.francas71.org\/index.php?rest_route=\/wp\/v2\/posts"}],"about":[{"href":"http:\/\/projetscitoyens.francas71.org\/index.php?rest_route=\/wp\/v2\/types\/post"}],"author":[{"embeddable":true,"href":"http:\/\/projetscitoyens.francas71.org\/index.php?rest_route=\/wp\/v2\/users\/1"}],"replies":[{"embeddable":true,"href":"http:\/\/projetscitoyens.francas71.org\/index.php?rest_route=%2Fwp%2Fv2%2Fcomments&post=2604"}],"version-history":[{"count":1,"href":"http:\/\/projetscitoyens.francas71.org\/index.php?rest_route=\/wp\/v2\/posts\/2604\/revisions"}],"predecessor-version":[{"id":2605,"href":"http:\/\/projetscitoyens.francas71.org\/index.php?rest_route=\/wp\/v2\/posts\/2604\/revisions\/2605"}],"wp:featuredmedia":[{"embeddable":true,"href":"http:\/\/projetscitoyens.francas71.org\/index.php?rest_route=\/wp\/v2\/media\/2602"}],"wp:attachment":[{"href":"http:\/\/projetscitoyens.francas71.org\/index.php?rest_route=%2Fwp%2Fv2%2Fmedia&parent=2604"}],"wp:term":[{"taxonomy":"category","embeddable":true,"href":"http:\/\/projetscitoyens.francas71.org\/index.php?rest_route=%2Fwp%2Fv2%2Fcategories&post=2604"},{"taxonomy":"post_tag","embeddable":true,"href":"http:\/\/projetscitoyens.francas71.org\/index.php?rest_route=%2Fwp%2Fv2%2Ftags&post=2604"}],"curies":[{"name":"wp","href":"https:\/\/api.w.org\/{rel}","templated":true}]}}