{"id":2613,"date":"2018-04-12T12:00:15","date_gmt":"2018-04-12T11:00:15","guid":{"rendered":"http:\/\/www.francas71.org\/projetscitoyens\/?p=2613"},"modified":"2019-12-16T14:24:21","modified_gmt":"2019-12-16T13:24:21","slug":"adoctualite-enregistrement-final-epi-college-doisneau","status":"publish","type":"post","link":"http:\/\/projetscitoyens.francas71.org\/?p=2613","title":{"rendered":"ADO&rsquo;CTUALIT\u00c9 ! Enregistrement final EPI Coll\u00e8ge Doisneau"},"content":{"rendered":"<p><a href=\"https:\/\/i0.wp.com\/www.francas71.org\/projetscitoyens\/wp-content\/uploads\/2018\/04\/29791723_618421728502863_4918289427152764928_o.jpg\" onclick=\"return TrackClick('http%3A%2F%2Fwww.francas71.org%2Fprojetscitoyens%2Fwp-content%2Fuploads%2F2018%2F04%2F29791723_618421728502863_4918289427152764928_o.jpg','')\"><img loading=\"lazy\" decoding=\"async\" data-attachment-id=\"2610\" data-permalink=\"http:\/\/projetscitoyens.francas71.org\/?attachment_id=2610\" data-orig-file=\"https:\/\/i0.wp.com\/projetscitoyens.francas71.org\/wp-content\/uploads\/2018\/04\/29791723_618421728502863_4918289427152764928_o.jpg?fit=1080%2C1080\" data-orig-size=\"1080,1080\" data-comments-opened=\"1\" data-image-meta=\"{&quot;aperture&quot;:&quot;0&quot;,&quot;credit&quot;:&quot;&quot;,&quot;camera&quot;:&quot;&quot;,&quot;caption&quot;:&quot;&quot;,&quot;created_timestamp&quot;:&quot;0&quot;,&quot;copyright&quot;:&quot;&quot;,&quot;focal_length&quot;:&quot;0&quot;,&quot;iso&quot;:&quot;0&quot;,&quot;shutter_speed&quot;:&quot;0&quot;,&quot;title&quot;:&quot;&quot;,&quot;orientation&quot;:&quot;0&quot;}\" data-image-title=\"29791723_618421728502863_4918289427152764928_o\" data-image-description=\"\" data-image-caption=\"\" data-medium-file=\"https:\/\/i0.wp.com\/projetscitoyens.francas71.org\/wp-content\/uploads\/2018\/04\/29791723_618421728502863_4918289427152764928_o.jpg?fit=300%2C300\" data-large-file=\"https:\/\/i0.wp.com\/projetscitoyens.francas71.org\/wp-content\/uploads\/2018\/04\/29791723_618421728502863_4918289427152764928_o.jpg?fit=640%2C640\" tabindex=\"0\" role=\"button\" class=\"aligncenter size-medium wp-image-2610\" src=\"https:\/\/i0.wp.com\/www.francas71.org\/projetscitoyens\/wp-content\/uploads\/2018\/04\/29791723_618421728502863_4918289427152764928_o-300x300.jpg?resize=300%2C300\" alt=\"\" width=\"300\" height=\"300\" srcset=\"https:\/\/i0.wp.com\/projetscitoyens.francas71.org\/wp-content\/uploads\/2018\/04\/29791723_618421728502863_4918289427152764928_o.jpg?resize=300%2C300 300w, https:\/\/i0.wp.com\/projetscitoyens.francas71.org\/wp-content\/uploads\/2018\/04\/29791723_618421728502863_4918289427152764928_o.jpg?resize=150%2C150 150w, https:\/\/i0.wp.com\/projetscitoyens.francas71.org\/wp-content\/uploads\/2018\/04\/29791723_618421728502863_4918289427152764928_o.jpg?resize=768%2C768 768w, https:\/\/i0.wp.com\/projetscitoyens.francas71.org\/wp-content\/uploads\/2018\/04\/29791723_618421728502863_4918289427152764928_o.jpg?resize=1024%2C1024 1024w, https:\/\/i0.wp.com\/projetscitoyens.francas71.org\/wp-content\/uploads\/2018\/04\/29791723_618421728502863_4918289427152764928_o.jpg?resize=50%2C50 50w, https:\/\/i0.wp.com\/projetscitoyens.francas71.org\/wp-content\/uploads\/2018\/04\/29791723_618421728502863_4918289427152764928_o.jpg?w=1080 1080w\" sizes=\"(max-width: 300px) 100vw, 300px\" data-recalc-dims=\"1\" \/><\/a><\/p>\n<p>Jeudi 5 avril, les FRANCAS ont pos\u00e9 leur studio radio au Coll\u00e8ge Robert DOISNEAU pour enregistrer une classe de 4\u00e8me travaillant sur la place des femmes du 19 au 20 \u00e8me si\u00e8cle.<\/p>\n<p>Diff\u00e9rents sujets ont \u00e9t\u00e9 abord\u00e9s : le travail, la contraception, les v\u00eatements&#8230;<\/p>\n<p>En deuxi\u00e8me partie de matin\u00e9e, le coll\u00e8ge a fait appel \u00e0 un lyc\u00e9e professionnel pour permettre \u00e0 4 jeunes filles de parler de leur parcours.<\/p>\n<p>Ces 4 jeunes filles ont choisi une fili\u00e8re professionnelle dite masculine.<\/p>\n<p>Dans cet enregistrement, vous retrouverez Audrey qui souhaite travailler dans la Marine. Et Lucie qui souhaite devenir technicienne de maintenance industrielle.<\/p>\n<p>\u00c9mission r\u00e9alis\u00e9e par les 4\u00e8mes :<br \/>\n<!--[if lt IE 9]><script>document.createElement('audio');<\/script><![endif]-->\n<audio class=\"wp-audio-shortcode\" id=\"audio-2613-1\" preload=\"none\" style=\"width: 100%;\" controls=\"controls\"><source type=\"audio\/mpeg\" src=\"http:\/\/www.francas71.org\/projetscitoyens\/wp-content\/uploads\/2018\/04\/\u00c9mission-compl\u00e8te.mp3?_=1\" \/><a href=\"http:\/\/www.francas71.org\/projetscitoyens\/wp-content\/uploads\/2018\/04\/\u00c9mission-compl\u00e8te.mp3\">http:\/\/www.francas71.org\/projetscitoyens\/wp-content\/uploads\/2018\/04\/\u00c9mission-compl\u00e8te.mp3<\/a><\/audio><\/p>\n<p>Interview des jeunes filles :<\/p>\n<audio class=\"wp-audio-shortcode\" id=\"audio-2613-2\" preload=\"none\" style=\"width: 100%;\" controls=\"controls\"><source type=\"audio\/mpeg\" src=\"http:\/\/www.francas71.org\/projetscitoyens\/wp-content\/uploads\/2018\/04\/Interview-de-jeunes-filles-en-lyc\u00e9e-pro-par-des-4-\u00e8mes.mp3?_=2\" \/><a href=\"http:\/\/www.francas71.org\/projetscitoyens\/wp-content\/uploads\/2018\/04\/Interview-de-jeunes-filles-en-lyc\u00e9e-pro-par-des-4-\u00e8mes.mp3\">http:\/\/www.francas71.org\/projetscitoyens\/wp-content\/uploads\/2018\/04\/Interview-de-jeunes-filles-en-lyc\u00e9e-pro-par-des-4-\u00e8mes.mp3<\/a><\/audio>\n","protected":false},"excerpt":{"rendered":"<p>Jeudi 5 avril, les FRANCAS ont pos\u00e9 leur studio radio au Coll\u00e8ge Robert DOISNEAU pour enregistrer une classe de 4\u00e8me travaillant sur la place des femmes du 19 au 20 \u00e8me si\u00e8cle. Diff\u00e9rents sujets ont \u00e9t\u00e9 abord\u00e9s : le travail, la contraception, les v\u00eatements&#8230; En deuxi\u00e8me partie de matin\u00e9e, le coll\u00e8ge a fait appel \u00e0 un lyc\u00e9e professionnel pour permettre \u00e0 4 jeunes filles de parler de leur parcours. Ces 4 jeunes filles ont choisi une fili\u00e8re professionnelle dite masculine&#8230;.<\/p>\n<p class=\"read-more\"><a class=\"btn btn-default\" href=\"http:\/\/projetscitoyens.francas71.org\/?p=2613\" onclick=\"return TrackClick('http%3A%2F%2Fprojetscitoyens.francas71.org%2F%3Fp%3D2613','Lire+la+suite+Lire+la+suite')\">Lire la suite<span class=\"screen-reader-text\"> Lire la suite<\/span><\/a><\/p>\n","protected":false},"author":1,"featured_media":2610,"comment_status":"open","ping_status":"open","sticky":false,"template":"","format":"standard","meta":{"jetpack_post_was_ever_published":false,"_jetpack_newsletter_access":"","_jetpack_dont_email_post_to_subs":false,"_jetpack_newsletter_tier_id":0,"_jetpack_memberships_contains_paywalled_content":false,"_jetpack_memberships_contains_paid_content":false,"footnotes":"","jetpack_publicize_message":"","jetpack_publicize_feature_enabled":true,"jetpack_social_post_already_shared":true,"jetpack_social_options":{"image_generator_settings":{"template":"highway","enabled":false},"version":2}},"categories":[231,214],"tags":[],"class_list":["post-2613","post","type-post","status-publish","format-standard","has-post-thumbnail","hentry","category-2018-radio-jeunes","category-la-radio"],"jetpack_publicize_connections":[],"jetpack_featured_media_url":"https:\/\/i0.wp.com\/projetscitoyens.francas71.org\/wp-content\/uploads\/2018\/04\/29791723_618421728502863_4918289427152764928_o.jpg?fit=1080%2C1080","jetpack_sharing_enabled":true,"jetpack_shortlink":"https:\/\/wp.me\/p6M0zG-G9","jetpack-related-posts":[],"jetpack_likes_enabled":true,"_links":{"self":[{"href":"http:\/\/projetscitoyens.francas71.org\/index.php?rest_route=\/wp\/v2\/posts\/2613"}],"collection":[{"href":"http:\/\/projetscitoyens.francas71.org\/index.php?rest_route=\/wp\/v2\/posts"}],"about":[{"href":"http:\/\/projetscitoyens.francas71.org\/index.php?rest_route=\/wp\/v2\/types\/post"}],"author":[{"embeddable":true,"href":"http:\/\/projetscitoyens.francas71.org\/index.php?rest_route=\/wp\/v2\/users\/1"}],"replies":[{"embeddable":true,"href":"http:\/\/projetscitoyens.francas71.org\/index.php?rest_route=%2Fwp%2Fv2%2Fcomments&post=2613"}],"version-history":[{"count":3,"href":"http:\/\/projetscitoyens.francas71.org\/index.php?rest_route=\/wp\/v2\/posts\/2613\/revisions"}],"predecessor-version":[{"id":2655,"href":"http:\/\/projetscitoyens.francas71.org\/index.php?rest_route=\/wp\/v2\/posts\/2613\/revisions\/2655"}],"wp:featuredmedia":[{"embeddable":true,"href":"http:\/\/projetscitoyens.francas71.org\/index.php?rest_route=\/wp\/v2\/media\/2610"}],"wp:attachment":[{"href":"http:\/\/projetscitoyens.francas71.org\/index.php?rest_route=%2Fwp%2Fv2%2Fmedia&parent=2613"}],"wp:term":[{"taxonomy":"category","embeddable":true,"href":"http:\/\/projetscitoyens.francas71.org\/index.php?rest_route=%2Fwp%2Fv2%2Fcategories&post=2613"},{"taxonomy":"post_tag","embeddable":true,"href":"http:\/\/projetscitoyens.francas71.org\/index.php?rest_route=%2Fwp%2Fv2%2Ftags&post=2613"}],"curies":[{"name":"wp","href":"https:\/\/api.w.org\/{rel}","templated":true}]}}