{"id":2618,"date":"2018-04-17T12:00:06","date_gmt":"2018-04-17T11:00:06","guid":{"rendered":"http:\/\/www.francas71.org\/projetscitoyens\/?p=2618"},"modified":"2019-12-16T14:24:08","modified_gmt":"2019-12-16T13:24:08","slug":"monde-denfants-centre-aere-a-ciry-le-noble","status":"publish","type":"post","link":"http:\/\/projetscitoyens.francas71.org\/?p=2618","title":{"rendered":"MONDE D&rsquo;ENFANTS &#8211; Centre A&rsquo;ERE \u00e0 Ciry le Noble"},"content":{"rendered":"<p>Sur ces vacances d&rsquo;avril, Centre A&rsquo;ERE est mis \u00e0 l&rsquo;honneur !<\/p>\n<p>Nous avons commenc\u00e9 par le Centre de Loisirs \u00e0 Ciry le Noble, ce mardi 10 avril de 14 h \u00e0 16h.<\/p>\n<p>Entre les gouttes, Morgane et Owen ont propos\u00e9 deux activit\u00e9s :<\/p>\n<ul>\n<li>Fleurissement de la cour de l&rsquo;\u00e9cole : plantations de gla\u00efeuls, campanules, \u0153illets nains&#8230;<\/li>\n<\/ul>\n<p>&nbsp;<\/p>\n<p><a href=\"https:\/\/i0.wp.com\/www.francas71.org\/projetscitoyens\/wp-content\/uploads\/2018\/04\/IMG_0008.jpg\" onclick=\"return TrackClick('http%3A%2F%2Fwww.francas71.org%2Fprojetscitoyens%2Fwp-content%2Fuploads%2F2018%2F04%2FIMG_0008.jpg','')\"><img loading=\"lazy\" decoding=\"async\" data-attachment-id=\"2616\" data-permalink=\"http:\/\/projetscitoyens.francas71.org\/?attachment_id=2616\" data-orig-file=\"https:\/\/i0.wp.com\/projetscitoyens.francas71.org\/wp-content\/uploads\/2018\/04\/IMG_0008.jpg?fit=6000%2C4000\" data-orig-size=\"6000,4000\" data-comments-opened=\"1\" data-image-meta=\"{&quot;aperture&quot;:&quot;5.6&quot;,&quot;credit&quot;:&quot;&quot;,&quot;camera&quot;:&quot;Canon EOS 750D&quot;,&quot;caption&quot;:&quot;&quot;,&quot;created_timestamp&quot;:&quot;1523325714&quot;,&quot;copyright&quot;:&quot;&quot;,&quot;focal_length&quot;:&quot;18&quot;,&quot;iso&quot;:&quot;100&quot;,&quot;shutter_speed&quot;:&quot;0.0125&quot;,&quot;title&quot;:&quot;&quot;,&quot;orientation&quot;:&quot;1&quot;}\" data-image-title=\"IMG_0008\" data-image-description=\"\" data-image-caption=\"\" data-medium-file=\"https:\/\/i0.wp.com\/projetscitoyens.francas71.org\/wp-content\/uploads\/2018\/04\/IMG_0008.jpg?fit=300%2C200\" data-large-file=\"https:\/\/i0.wp.com\/projetscitoyens.francas71.org\/wp-content\/uploads\/2018\/04\/IMG_0008.jpg?fit=640%2C427\" tabindex=\"0\" role=\"button\" class=\"aligncenter size-medium wp-image-2616\" src=\"https:\/\/i0.wp.com\/www.francas71.org\/projetscitoyens\/wp-content\/uploads\/2018\/04\/IMG_0008-300x200.jpg?resize=300%2C200\" alt=\"\" width=\"300\" height=\"200\" srcset=\"https:\/\/i0.wp.com\/projetscitoyens.francas71.org\/wp-content\/uploads\/2018\/04\/IMG_0008.jpg?resize=300%2C200 300w, https:\/\/i0.wp.com\/projetscitoyens.francas71.org\/wp-content\/uploads\/2018\/04\/IMG_0008.jpg?resize=768%2C512 768w, https:\/\/i0.wp.com\/projetscitoyens.francas71.org\/wp-content\/uploads\/2018\/04\/IMG_0008.jpg?resize=1024%2C683 1024w, https:\/\/i0.wp.com\/projetscitoyens.francas71.org\/wp-content\/uploads\/2018\/04\/IMG_0008.jpg?w=1280 1280w, https:\/\/i0.wp.com\/projetscitoyens.francas71.org\/wp-content\/uploads\/2018\/04\/IMG_0008.jpg?w=1920 1920w\" sizes=\"(max-width: 300px) 100vw, 300px\" data-recalc-dims=\"1\" \/><\/a><\/p>\n<p>&nbsp;<\/p>\n<ul>\n<li>Cr\u00e9ation de g\u00eetes pour les forficules : les pinces-oreilles sont utiles dans nos jardins, ils mangent les pucerons qui s&rsquo;attaquent \u00e0 nos fleurs. Afin de les attirer, disposez des petits g\u00eetes sous les arbres pour qu&rsquo;ils viennent s&rsquo;y r\u00e9fugier.<\/li>\n<\/ul>\n<p><a href=\"https:\/\/i0.wp.com\/www.francas71.org\/projetscitoyens\/wp-content\/uploads\/2018\/04\/IMG_0018.jpg\" onclick=\"return TrackClick('http%3A%2F%2Fwww.francas71.org%2Fprojetscitoyens%2Fwp-content%2Fuploads%2F2018%2F04%2FIMG_0018.jpg','')\"><img loading=\"lazy\" decoding=\"async\" data-attachment-id=\"2617\" data-permalink=\"http:\/\/projetscitoyens.francas71.org\/?attachment_id=2617\" data-orig-file=\"https:\/\/i0.wp.com\/projetscitoyens.francas71.org\/wp-content\/uploads\/2018\/04\/IMG_0018.jpg?fit=6000%2C4000\" data-orig-size=\"6000,4000\" data-comments-opened=\"1\" data-image-meta=\"{&quot;aperture&quot;:&quot;4.5&quot;,&quot;credit&quot;:&quot;&quot;,&quot;camera&quot;:&quot;Canon EOS 750D&quot;,&quot;caption&quot;:&quot;&quot;,&quot;created_timestamp&quot;:&quot;1523328402&quot;,&quot;copyright&quot;:&quot;&quot;,&quot;focal_length&quot;:&quot;35&quot;,&quot;iso&quot;:&quot;800&quot;,&quot;shutter_speed&quot;:&quot;0.02&quot;,&quot;title&quot;:&quot;&quot;,&quot;orientation&quot;:&quot;1&quot;}\" data-image-title=\"IMG_0018\" data-image-description=\"\" data-image-caption=\"\" data-medium-file=\"https:\/\/i0.wp.com\/projetscitoyens.francas71.org\/wp-content\/uploads\/2018\/04\/IMG_0018.jpg?fit=300%2C200\" data-large-file=\"https:\/\/i0.wp.com\/projetscitoyens.francas71.org\/wp-content\/uploads\/2018\/04\/IMG_0018.jpg?fit=640%2C427\" tabindex=\"0\" role=\"button\" class=\"aligncenter size-medium wp-image-2617\" src=\"https:\/\/i0.wp.com\/www.francas71.org\/projetscitoyens\/wp-content\/uploads\/2018\/04\/IMG_0018-300x200.jpg?resize=300%2C200\" alt=\"\" width=\"300\" height=\"200\" srcset=\"https:\/\/i0.wp.com\/projetscitoyens.francas71.org\/wp-content\/uploads\/2018\/04\/IMG_0018.jpg?resize=300%2C200 300w, https:\/\/i0.wp.com\/projetscitoyens.francas71.org\/wp-content\/uploads\/2018\/04\/IMG_0018.jpg?resize=768%2C512 768w, https:\/\/i0.wp.com\/projetscitoyens.francas71.org\/wp-content\/uploads\/2018\/04\/IMG_0018.jpg?resize=1024%2C683 1024w, https:\/\/i0.wp.com\/projetscitoyens.francas71.org\/wp-content\/uploads\/2018\/04\/IMG_0018.jpg?w=1280 1280w, https:\/\/i0.wp.com\/projetscitoyens.francas71.org\/wp-content\/uploads\/2018\/04\/IMG_0018.jpg?w=1920 1920w\" sizes=\"(max-width: 300px) 100vw, 300px\" data-recalc-dims=\"1\" \/><\/a><\/p>\n<p>D&rsquo;autres structures partenaires ayant sign\u00e9es la charte Centre A&rsquo;ERE accueillerons Morgane et Owen cette semaine. Restez connect\u00e9s \ud83d\ude09<\/p>\n<p>&nbsp;<\/p>\n","protected":false},"excerpt":{"rendered":"<p>Sur ces vacances d&rsquo;avril, Centre A&rsquo;ERE est mis \u00e0 l&rsquo;honneur ! Nous avons commenc\u00e9 par le Centre de Loisirs \u00e0 Ciry le Noble, ce mardi 10 avril de 14 h \u00e0 16h. Entre les gouttes, Morgane et Owen ont propos\u00e9 deux activit\u00e9s : Fleurissement de la cour de l&rsquo;\u00e9cole : plantations de gla\u00efeuls, campanules, \u0153illets nains&#8230; &nbsp; &nbsp; Cr\u00e9ation de g\u00eetes pour les forficules : les pinces-oreilles sont utiles dans nos jardins, ils mangent les pucerons qui s&rsquo;attaquent \u00e0 nos&#8230;<\/p>\n<p class=\"read-more\"><a class=\"btn btn-default\" href=\"http:\/\/projetscitoyens.francas71.org\/?p=2618\" onclick=\"return TrackClick('http%3A%2F%2Fprojetscitoyens.francas71.org%2F%3Fp%3D2618','Lire+la+suite+Lire+la+suite')\">Lire la suite<span class=\"screen-reader-text\"> Lire la suite<\/span><\/a><\/p>\n","protected":false},"author":1,"featured_media":2617,"comment_status":"open","ping_status":"open","sticky":false,"template":"","format":"standard","meta":{"jetpack_post_was_ever_published":false,"_jetpack_newsletter_access":"","_jetpack_dont_email_post_to_subs":false,"_jetpack_newsletter_tier_id":0,"_jetpack_memberships_contains_paywalled_content":false,"_jetpack_memberships_contains_paid_content":false,"footnotes":"","jetpack_publicize_message":"","jetpack_publicize_feature_enabled":true,"jetpack_social_post_already_shared":true,"jetpack_social_options":{"image_generator_settings":{"template":"highway","enabled":false},"version":2}},"categories":[217],"tags":[],"class_list":["post-2618","post","type-post","status-publish","format-standard","has-post-thumbnail","hentry","category-centre-aere"],"jetpack_publicize_connections":[],"jetpack_featured_media_url":"https:\/\/i0.wp.com\/projetscitoyens.francas71.org\/wp-content\/uploads\/2018\/04\/IMG_0018.jpg?fit=6000%2C4000","jetpack_sharing_enabled":true,"jetpack_shortlink":"https:\/\/wp.me\/p6M0zG-Ge","jetpack-related-posts":[],"jetpack_likes_enabled":true,"_links":{"self":[{"href":"http:\/\/projetscitoyens.francas71.org\/index.php?rest_route=\/wp\/v2\/posts\/2618"}],"collection":[{"href":"http:\/\/projetscitoyens.francas71.org\/index.php?rest_route=\/wp\/v2\/posts"}],"about":[{"href":"http:\/\/projetscitoyens.francas71.org\/index.php?rest_route=\/wp\/v2\/types\/post"}],"author":[{"embeddable":true,"href":"http:\/\/projetscitoyens.francas71.org\/index.php?rest_route=\/wp\/v2\/users\/1"}],"replies":[{"embeddable":true,"href":"http:\/\/projetscitoyens.francas71.org\/index.php?rest_route=%2Fwp%2Fv2%2Fcomments&post=2618"}],"version-history":[{"count":1,"href":"http:\/\/projetscitoyens.francas71.org\/index.php?rest_route=\/wp\/v2\/posts\/2618\/revisions"}],"predecessor-version":[{"id":2619,"href":"http:\/\/projetscitoyens.francas71.org\/index.php?rest_route=\/wp\/v2\/posts\/2618\/revisions\/2619"}],"wp:featuredmedia":[{"embeddable":true,"href":"http:\/\/projetscitoyens.francas71.org\/index.php?rest_route=\/wp\/v2\/media\/2617"}],"wp:attachment":[{"href":"http:\/\/projetscitoyens.francas71.org\/index.php?rest_route=%2Fwp%2Fv2%2Fmedia&parent=2618"}],"wp:term":[{"taxonomy":"category","embeddable":true,"href":"http:\/\/projetscitoyens.francas71.org\/index.php?rest_route=%2Fwp%2Fv2%2Fcategories&post=2618"},{"taxonomy":"post_tag","embeddable":true,"href":"http:\/\/projetscitoyens.francas71.org\/index.php?rest_route=%2Fwp%2Fv2%2Ftags&post=2618"}],"curies":[{"name":"wp","href":"https:\/\/api.w.org\/{rel}","templated":true}]}}