{"id":2629,"date":"2018-04-24T12:00:12","date_gmt":"2018-04-24T11:00:12","guid":{"rendered":"http:\/\/www.francas71.org\/projetscitoyens\/?p=2629"},"modified":"2019-12-16T14:23:59","modified_gmt":"2019-12-16T13:23:59","slug":"monde-denfants-centre-aere-au-cecl-de-vire","status":"publish","type":"post","link":"http:\/\/projetscitoyens.francas71.org\/?p=2629","title":{"rendered":"MONDE D&rsquo;ENFANTS &#8211; Centre A&rsquo;Ere au CECL de Vir\u00e9"},"content":{"rendered":"<p><a href=\"https:\/\/i0.wp.com\/www.francas71.org\/projetscitoyens\/wp-content\/uploads\/2018\/04\/IMG_0086.jpg\" onclick=\"return TrackClick('http%3A%2F%2Fwww.francas71.org%2Fprojetscitoyens%2Fwp-content%2Fuploads%2F2018%2F04%2FIMG_0086.jpg','')\"><img loading=\"lazy\" decoding=\"async\" data-attachment-id=\"2622\" data-permalink=\"http:\/\/projetscitoyens.francas71.org\/?attachment_id=2622\" data-orig-file=\"https:\/\/i0.wp.com\/projetscitoyens.francas71.org\/wp-content\/uploads\/2018\/04\/IMG_0086.jpg?fit=6000%2C4000\" data-orig-size=\"6000,4000\" data-comments-opened=\"1\" data-image-meta=\"{&quot;aperture&quot;:&quot;6.3&quot;,&quot;credit&quot;:&quot;&quot;,&quot;camera&quot;:&quot;Canon EOS 750D&quot;,&quot;caption&quot;:&quot;&quot;,&quot;created_timestamp&quot;:&quot;1523932420&quot;,&quot;copyright&quot;:&quot;&quot;,&quot;focal_length&quot;:&quot;18&quot;,&quot;iso&quot;:&quot;100&quot;,&quot;shutter_speed&quot;:&quot;0.008&quot;,&quot;title&quot;:&quot;&quot;,&quot;orientation&quot;:&quot;1&quot;}\" data-image-title=\"IMG_0086\" data-image-description=\"\" data-image-caption=\"\" data-medium-file=\"https:\/\/i0.wp.com\/projetscitoyens.francas71.org\/wp-content\/uploads\/2018\/04\/IMG_0086.jpg?fit=300%2C200\" data-large-file=\"https:\/\/i0.wp.com\/projetscitoyens.francas71.org\/wp-content\/uploads\/2018\/04\/IMG_0086.jpg?fit=640%2C427\" tabindex=\"0\" role=\"button\" class=\"aligncenter size-medium wp-image-2622\" src=\"https:\/\/i0.wp.com\/www.francas71.org\/projetscitoyens\/wp-content\/uploads\/2018\/04\/IMG_0086-300x200.jpg?resize=300%2C200\" alt=\"\" width=\"300\" height=\"200\" srcset=\"https:\/\/i0.wp.com\/projetscitoyens.francas71.org\/wp-content\/uploads\/2018\/04\/IMG_0086.jpg?resize=300%2C200 300w, https:\/\/i0.wp.com\/projetscitoyens.francas71.org\/wp-content\/uploads\/2018\/04\/IMG_0086.jpg?resize=768%2C512 768w, https:\/\/i0.wp.com\/projetscitoyens.francas71.org\/wp-content\/uploads\/2018\/04\/IMG_0086.jpg?resize=1024%2C683 1024w, https:\/\/i0.wp.com\/projetscitoyens.francas71.org\/wp-content\/uploads\/2018\/04\/IMG_0086.jpg?w=1280 1280w, https:\/\/i0.wp.com\/projetscitoyens.francas71.org\/wp-content\/uploads\/2018\/04\/IMG_0086.jpg?w=1920 1920w\" sizes=\"(max-width: 300px) 100vw, 300px\" data-recalc-dims=\"1\" \/><\/a><\/p>\n<p>Pour continuer la th\u00e9matique CENTRE A&rsquo;ERE des vacances, Owen et Morgane se sont d\u00e9plac\u00e9s au CECL \u00e0 Vir\u00e9 afin de faire d\u00e9couvrir aux enfants les abeilles et le principe de la pollinisation. La premi\u00e8re partie de l&rsquo;apr\u00e8s-midi \u00e9tait d\u00e9di\u00e9e aux enfants de plus de 6 ans, ils ont \u00e9t\u00e9 sensibilis\u00e9s \u00e0 ce sujet par le biais de jeux (b\u00e9ret, relais g\u00e9ant&#8230;). Les enfants de moins de 6 ans ont eux aussi d\u00e9couverts les abeilles. Ils sont maintenant capables de reconnaitre le thorax, l&rsquo;abdomen, la t\u00eate, les 4 ailes et les 6 pattes. La journ\u00e9e s&rsquo;est termin\u00e9e sur une course de relais et un bon go\u00fbter&#8230;<\/p>\n<p>&nbsp;<\/p>\n<p><a href=\"https:\/\/i0.wp.com\/www.francas71.org\/projetscitoyens\/wp-content\/uploads\/2018\/04\/IMG_0076.jpg\" onclick=\"return TrackClick('http%3A%2F%2Fwww.francas71.org%2Fprojetscitoyens%2Fwp-content%2Fuploads%2F2018%2F04%2FIMG_0076.jpg','')\"><img loading=\"lazy\" decoding=\"async\" data-attachment-id=\"2621\" data-permalink=\"http:\/\/projetscitoyens.francas71.org\/?attachment_id=2621\" data-orig-file=\"https:\/\/i0.wp.com\/projetscitoyens.francas71.org\/wp-content\/uploads\/2018\/04\/IMG_0076.jpg?fit=6000%2C4000\" data-orig-size=\"6000,4000\" data-comments-opened=\"1\" data-image-meta=\"{&quot;aperture&quot;:&quot;10&quot;,&quot;credit&quot;:&quot;&quot;,&quot;camera&quot;:&quot;Canon EOS 750D&quot;,&quot;caption&quot;:&quot;&quot;,&quot;created_timestamp&quot;:&quot;1523928522&quot;,&quot;copyright&quot;:&quot;&quot;,&quot;focal_length&quot;:&quot;18&quot;,&quot;iso&quot;:&quot;100&quot;,&quot;shutter_speed&quot;:&quot;0.004&quot;,&quot;title&quot;:&quot;&quot;,&quot;orientation&quot;:&quot;1&quot;}\" data-image-title=\"IMG_0076\" data-image-description=\"\" data-image-caption=\"\" data-medium-file=\"https:\/\/i0.wp.com\/projetscitoyens.francas71.org\/wp-content\/uploads\/2018\/04\/IMG_0076.jpg?fit=300%2C200\" data-large-file=\"https:\/\/i0.wp.com\/projetscitoyens.francas71.org\/wp-content\/uploads\/2018\/04\/IMG_0076.jpg?fit=640%2C427\" tabindex=\"0\" role=\"button\" class=\"aligncenter size-medium wp-image-2621\" src=\"https:\/\/i0.wp.com\/www.francas71.org\/projetscitoyens\/wp-content\/uploads\/2018\/04\/IMG_0076-300x200.jpg?resize=300%2C200\" alt=\"\" width=\"300\" height=\"200\" srcset=\"https:\/\/i0.wp.com\/projetscitoyens.francas71.org\/wp-content\/uploads\/2018\/04\/IMG_0076.jpg?resize=300%2C200 300w, https:\/\/i0.wp.com\/projetscitoyens.francas71.org\/wp-content\/uploads\/2018\/04\/IMG_0076.jpg?resize=768%2C512 768w, https:\/\/i0.wp.com\/projetscitoyens.francas71.org\/wp-content\/uploads\/2018\/04\/IMG_0076.jpg?resize=1024%2C683 1024w, https:\/\/i0.wp.com\/projetscitoyens.francas71.org\/wp-content\/uploads\/2018\/04\/IMG_0076.jpg?w=1280 1280w, https:\/\/i0.wp.com\/projetscitoyens.francas71.org\/wp-content\/uploads\/2018\/04\/IMG_0076.jpg?w=1920 1920w\" sizes=\"(max-width: 300px) 100vw, 300px\" data-recalc-dims=\"1\" \/><\/a><\/p>\n","protected":false},"excerpt":{"rendered":"<p>Pour continuer la th\u00e9matique CENTRE A&rsquo;ERE des vacances, Owen et Morgane se sont d\u00e9plac\u00e9s au CECL \u00e0 Vir\u00e9 afin de faire d\u00e9couvrir aux enfants les abeilles et le principe de la pollinisation. La premi\u00e8re partie de l&rsquo;apr\u00e8s-midi \u00e9tait d\u00e9di\u00e9e aux enfants de plus de 6 ans, ils ont \u00e9t\u00e9 sensibilis\u00e9s \u00e0 ce sujet par le biais de jeux (b\u00e9ret, relais g\u00e9ant&#8230;). Les enfants de moins de 6 ans ont eux aussi d\u00e9couverts les abeilles. Ils sont maintenant capables de reconnaitre&#8230;<\/p>\n<p class=\"read-more\"><a class=\"btn btn-default\" href=\"http:\/\/projetscitoyens.francas71.org\/?p=2629\" onclick=\"return TrackClick('http%3A%2F%2Fprojetscitoyens.francas71.org%2F%3Fp%3D2629','Lire+la+suite+Lire+la+suite')\">Lire la suite<span class=\"screen-reader-text\"> Lire la suite<\/span><\/a><\/p>\n","protected":false},"author":1,"featured_media":2622,"comment_status":"open","ping_status":"open","sticky":false,"template":"","format":"standard","meta":{"jetpack_post_was_ever_published":false,"_jetpack_newsletter_access":"","_jetpack_dont_email_post_to_subs":false,"_jetpack_newsletter_tier_id":0,"_jetpack_memberships_contains_paywalled_content":false,"_jetpack_memberships_contains_paid_content":false,"footnotes":"","jetpack_publicize_message":"","jetpack_publicize_feature_enabled":true,"jetpack_social_post_already_shared":true,"jetpack_social_options":{"image_generator_settings":{"template":"highway","enabled":false},"version":2}},"categories":[217],"tags":[],"class_list":["post-2629","post","type-post","status-publish","format-standard","has-post-thumbnail","hentry","category-centre-aere"],"jetpack_publicize_connections":[],"jetpack_featured_media_url":"https:\/\/i0.wp.com\/projetscitoyens.francas71.org\/wp-content\/uploads\/2018\/04\/IMG_0086.jpg?fit=6000%2C4000","jetpack_sharing_enabled":true,"jetpack_shortlink":"https:\/\/wp.me\/p6M0zG-Gp","jetpack-related-posts":[],"jetpack_likes_enabled":true,"_links":{"self":[{"href":"http:\/\/projetscitoyens.francas71.org\/index.php?rest_route=\/wp\/v2\/posts\/2629"}],"collection":[{"href":"http:\/\/projetscitoyens.francas71.org\/index.php?rest_route=\/wp\/v2\/posts"}],"about":[{"href":"http:\/\/projetscitoyens.francas71.org\/index.php?rest_route=\/wp\/v2\/types\/post"}],"author":[{"embeddable":true,"href":"http:\/\/projetscitoyens.francas71.org\/index.php?rest_route=\/wp\/v2\/users\/1"}],"replies":[{"embeddable":true,"href":"http:\/\/projetscitoyens.francas71.org\/index.php?rest_route=%2Fwp%2Fv2%2Fcomments&post=2629"}],"version-history":[{"count":1,"href":"http:\/\/projetscitoyens.francas71.org\/index.php?rest_route=\/wp\/v2\/posts\/2629\/revisions"}],"predecessor-version":[{"id":2630,"href":"http:\/\/projetscitoyens.francas71.org\/index.php?rest_route=\/wp\/v2\/posts\/2629\/revisions\/2630"}],"wp:featuredmedia":[{"embeddable":true,"href":"http:\/\/projetscitoyens.francas71.org\/index.php?rest_route=\/wp\/v2\/media\/2622"}],"wp:attachment":[{"href":"http:\/\/projetscitoyens.francas71.org\/index.php?rest_route=%2Fwp%2Fv2%2Fmedia&parent=2629"}],"wp:term":[{"taxonomy":"category","embeddable":true,"href":"http:\/\/projetscitoyens.francas71.org\/index.php?rest_route=%2Fwp%2Fv2%2Fcategories&post=2629"},{"taxonomy":"post_tag","embeddable":true,"href":"http:\/\/projetscitoyens.francas71.org\/index.php?rest_route=%2Fwp%2Fv2%2Ftags&post=2629"}],"curies":[{"name":"wp","href":"https:\/\/api.w.org\/{rel}","templated":true}]}}