{"id":2639,"date":"2018-04-26T18:00:57","date_gmt":"2018-04-26T17:00:57","guid":{"rendered":"http:\/\/www.francas71.org\/projetscitoyens\/?p=2639"},"modified":"2019-12-16T14:23:53","modified_gmt":"2019-12-16T13:23:53","slug":"adoctualite-atelier-radio-st-vallier","status":"publish","type":"post","link":"http:\/\/projetscitoyens.francas71.org\/?p=2639","title":{"rendered":"ADO&rsquo;CTUALIT\u00c9 &#8211; Atelier radio &#8211; St Vallier"},"content":{"rendered":"<p><a href=\"https:\/\/i0.wp.com\/www.francas71.org\/projetscitoyens\/wp-content\/uploads\/2018\/04\/DSC_0101-1.jpg\" onclick=\"return TrackClick('http%3A%2F%2Fwww.francas71.org%2Fprojetscitoyens%2Fwp-content%2Fuploads%2F2018%2F04%2FDSC_0101-1.jpg','')\"><img loading=\"lazy\" decoding=\"async\" data-attachment-id=\"2637\" data-permalink=\"http:\/\/projetscitoyens.francas71.org\/?attachment_id=2637\" data-orig-file=\"https:\/\/i0.wp.com\/projetscitoyens.francas71.org\/wp-content\/uploads\/2018\/04\/DSC_0101-1.jpg?fit=4288%2C2848\" data-orig-size=\"4288,2848\" data-comments-opened=\"1\" data-image-meta=\"{&quot;aperture&quot;:&quot;29&quot;,&quot;credit&quot;:&quot;&quot;,&quot;camera&quot;:&quot;NIKON D90&quot;,&quot;caption&quot;:&quot;&quot;,&quot;created_timestamp&quot;:&quot;1524151166&quot;,&quot;copyright&quot;:&quot;&quot;,&quot;focal_length&quot;:&quot;28&quot;,&quot;iso&quot;:&quot;3200&quot;,&quot;shutter_speed&quot;:&quot;0.00125&quot;,&quot;title&quot;:&quot;&quot;,&quot;orientation&quot;:&quot;1&quot;}\" data-image-title=\"DSC_0101\" data-image-description=\"\" data-image-caption=\"\" data-medium-file=\"https:\/\/i0.wp.com\/projetscitoyens.francas71.org\/wp-content\/uploads\/2018\/04\/DSC_0101-1.jpg?fit=300%2C199\" data-large-file=\"https:\/\/i0.wp.com\/projetscitoyens.francas71.org\/wp-content\/uploads\/2018\/04\/DSC_0101-1.jpg?fit=640%2C425\" tabindex=\"0\" role=\"button\" class=\"aligncenter size-medium wp-image-2637\" src=\"https:\/\/i0.wp.com\/www.francas71.org\/projetscitoyens\/wp-content\/uploads\/2018\/04\/DSC_0101-1-300x199.jpg?resize=300%2C199\" alt=\"\" width=\"300\" height=\"199\" srcset=\"https:\/\/i0.wp.com\/projetscitoyens.francas71.org\/wp-content\/uploads\/2018\/04\/DSC_0101-1.jpg?resize=300%2C199 300w, https:\/\/i0.wp.com\/projetscitoyens.francas71.org\/wp-content\/uploads\/2018\/04\/DSC_0101-1.jpg?resize=768%2C510 768w, https:\/\/i0.wp.com\/projetscitoyens.francas71.org\/wp-content\/uploads\/2018\/04\/DSC_0101-1.jpg?resize=1024%2C680 1024w, https:\/\/i0.wp.com\/projetscitoyens.francas71.org\/wp-content\/uploads\/2018\/04\/DSC_0101-1.jpg?w=1280 1280w, https:\/\/i0.wp.com\/projetscitoyens.francas71.org\/wp-content\/uploads\/2018\/04\/DSC_0101-1.jpg?w=1920 1920w\" sizes=\"(max-width: 300px) 100vw, 300px\" data-recalc-dims=\"1\" \/><\/a><\/p>\n<p>Dans le cadre des ATPD, Morgane a rencontr\u00e9 5 jeunes de 11 \u00e0 13 ans, du centre de loisirs de St Vallier.<\/p>\n<p>Le but de ces deux journ\u00e9es pass\u00e9es ensemble, \u00e9tait de leur laisser la parole afin qu&rsquo;ils s&rsquo;expriment sur le sujet de leur choix. Ils ont choisi de dialoguer sur Musical.ly, l&rsquo;application rencontre un fort succ\u00e8s aupr\u00e8s des jeunes puisqu&rsquo;elle permet de cr\u00e9er et poster en direct des vid\u00e9os.<\/p>\n<p>Un micro-trottoir \u00e0 \u00e9t\u00e9 r\u00e9alis\u00e9 dans les rues de Montceau-les-Mines.<\/p>\n<p>La voil\u00e0 enfin! L&rsquo;\u00e9mission r\u00e9alis\u00e9e pendant les vacances est d\u00e9sormais disponible !<\/p>\n<!--[if lt IE 9]><script>document.createElement('audio');<\/script><![endif]-->\n<audio class=\"wp-audio-shortcode\" id=\"audio-2639-1\" preload=\"none\" style=\"width: 100%;\" controls=\"controls\"><source type=\"audio\/mpeg\" src=\"http:\/\/www.francas71.org\/projetscitoyens\/wp-content\/uploads\/2018\/05\/\u00c9mission-finie-Les-Jeunes-du-71.mp3?_=1\" \/><a href=\"http:\/\/www.francas71.org\/projetscitoyens\/wp-content\/uploads\/2018\/05\/\u00c9mission-finie-Les-Jeunes-du-71.mp3\">http:\/\/www.francas71.org\/projetscitoyens\/wp-content\/uploads\/2018\/05\/\u00c9mission-finie-Les-Jeunes-du-71.mp3<\/a><\/audio>\n","protected":false},"excerpt":{"rendered":"<p>Dans le cadre des ATPD, Morgane a rencontr\u00e9 5 jeunes de 11 \u00e0 13 ans, du centre de loisirs de St Vallier. Le but de ces deux journ\u00e9es pass\u00e9es ensemble, \u00e9tait de leur laisser la parole afin qu&rsquo;ils s&rsquo;expriment sur le sujet de leur choix. Ils ont choisi de dialoguer sur Musical.ly, l&rsquo;application rencontre un fort succ\u00e8s aupr\u00e8s des jeunes puisqu&rsquo;elle permet de cr\u00e9er et poster en direct des vid\u00e9os. Un micro-trottoir \u00e0 \u00e9t\u00e9 r\u00e9alis\u00e9 dans les rues de Montceau-les-Mines&#8230;.<\/p>\n<p class=\"read-more\"><a class=\"btn btn-default\" href=\"http:\/\/projetscitoyens.francas71.org\/?p=2639\" onclick=\"return TrackClick('http%3A%2F%2Fprojetscitoyens.francas71.org%2F%3Fp%3D2639','Lire+la+suite+Lire+la+suite')\">Lire la suite<span class=\"screen-reader-text\"> Lire la suite<\/span><\/a><\/p>\n","protected":false},"author":1,"featured_media":2637,"comment_status":"open","ping_status":"open","sticky":false,"template":"","format":"standard","meta":{"jetpack_post_was_ever_published":false,"_jetpack_newsletter_access":"","_jetpack_dont_email_post_to_subs":false,"_jetpack_newsletter_tier_id":0,"_jetpack_memberships_contains_paywalled_content":false,"_jetpack_memberships_contains_paid_content":false,"footnotes":"","jetpack_publicize_message":"","jetpack_publicize_feature_enabled":true,"jetpack_social_post_already_shared":true,"jetpack_social_options":{"image_generator_settings":{"template":"highway","enabled":false},"version":2}},"categories":[231],"tags":[],"class_list":["post-2639","post","type-post","status-publish","format-standard","has-post-thumbnail","hentry","category-2018-radio-jeunes"],"jetpack_publicize_connections":[],"jetpack_featured_media_url":"https:\/\/i0.wp.com\/projetscitoyens.francas71.org\/wp-content\/uploads\/2018\/04\/DSC_0101-1.jpg?fit=4288%2C2848","jetpack_sharing_enabled":true,"jetpack_shortlink":"https:\/\/wp.me\/p6M0zG-Gz","jetpack-related-posts":[],"jetpack_likes_enabled":true,"_links":{"self":[{"href":"http:\/\/projetscitoyens.francas71.org\/index.php?rest_route=\/wp\/v2\/posts\/2639"}],"collection":[{"href":"http:\/\/projetscitoyens.francas71.org\/index.php?rest_route=\/wp\/v2\/posts"}],"about":[{"href":"http:\/\/projetscitoyens.francas71.org\/index.php?rest_route=\/wp\/v2\/types\/post"}],"author":[{"embeddable":true,"href":"http:\/\/projetscitoyens.francas71.org\/index.php?rest_route=\/wp\/v2\/users\/1"}],"replies":[{"embeddable":true,"href":"http:\/\/projetscitoyens.francas71.org\/index.php?rest_route=%2Fwp%2Fv2%2Fcomments&post=2639"}],"version-history":[{"count":3,"href":"http:\/\/projetscitoyens.francas71.org\/index.php?rest_route=\/wp\/v2\/posts\/2639\/revisions"}],"predecessor-version":[{"id":2650,"href":"http:\/\/projetscitoyens.francas71.org\/index.php?rest_route=\/wp\/v2\/posts\/2639\/revisions\/2650"}],"wp:featuredmedia":[{"embeddable":true,"href":"http:\/\/projetscitoyens.francas71.org\/index.php?rest_route=\/wp\/v2\/media\/2637"}],"wp:attachment":[{"href":"http:\/\/projetscitoyens.francas71.org\/index.php?rest_route=%2Fwp%2Fv2%2Fmedia&parent=2639"}],"wp:term":[{"taxonomy":"category","embeddable":true,"href":"http:\/\/projetscitoyens.francas71.org\/index.php?rest_route=%2Fwp%2Fv2%2Fcategories&post=2639"},{"taxonomy":"post_tag","embeddable":true,"href":"http:\/\/projetscitoyens.francas71.org\/index.php?rest_route=%2Fwp%2Fv2%2Ftags&post=2639"}],"curies":[{"name":"wp","href":"https:\/\/api.w.org\/{rel}","templated":true}]}}