{"id":2656,"date":"2018-06-14T12:00:36","date_gmt":"2018-06-14T11:00:36","guid":{"rendered":"http:\/\/www.francas71.org\/projetscitoyens\/?p=2656"},"modified":"2019-12-09T16:12:04","modified_gmt":"2019-12-09T15:12:04","slug":"adoctualite-enregistrement-au-college-des-bruyeres-a-la-clayette","status":"publish","type":"post","link":"http:\/\/projetscitoyens.francas71.org\/?p=2656","title":{"rendered":"ADO&rsquo;CTUALIT\u00c9 &#8211; Enregistrement au Coll\u00e8ge des Bruy\u00e8res \u00e0 la Clayette"},"content":{"rendered":"<p><a href=\"https:\/\/i0.wp.com\/www.francas71.org\/projetscitoyens\/wp-content\/uploads\/2018\/06\/IMG_20180529_150232.jpg\" onclick=\"return TrackClick('http%3A%2F%2Fwww.francas71.org%2Fprojetscitoyens%2Fwp-content%2Fuploads%2F2018%2F06%2FIMG_20180529_150232.jpg','')\"><img loading=\"lazy\" decoding=\"async\" data-attachment-id=\"2660\" data-permalink=\"http:\/\/projetscitoyens.francas71.org\/?attachment_id=2660\" data-orig-file=\"https:\/\/i0.wp.com\/projetscitoyens.francas71.org\/wp-content\/uploads\/2018\/06\/IMG_20180529_150232.jpg?fit=3264%2C2448\" data-orig-size=\"3264,2448\" data-comments-opened=\"1\" data-image-meta=\"{&quot;aperture&quot;:&quot;0&quot;,&quot;credit&quot;:&quot;&quot;,&quot;camera&quot;:&quot;M812F&quot;,&quot;caption&quot;:&quot;&quot;,&quot;created_timestamp&quot;:&quot;1039348800&quot;,&quot;copyright&quot;:&quot;&quot;,&quot;focal_length&quot;:&quot;3.54&quot;,&quot;iso&quot;:&quot;131&quot;,&quot;shutter_speed&quot;:&quot;0.02&quot;,&quot;title&quot;:&quot;&quot;,&quot;orientation&quot;:&quot;0&quot;}\" data-image-title=\"IMG_20180529_150232\" data-image-description=\"\" data-image-caption=\"\" data-medium-file=\"https:\/\/i0.wp.com\/projetscitoyens.francas71.org\/wp-content\/uploads\/2018\/06\/IMG_20180529_150232.jpg?fit=300%2C225\" data-large-file=\"https:\/\/i0.wp.com\/projetscitoyens.francas71.org\/wp-content\/uploads\/2018\/06\/IMG_20180529_150232.jpg?fit=640%2C480\" tabindex=\"0\" role=\"button\" src=\"https:\/\/i0.wp.com\/www.francas71.org\/projetscitoyens\/wp-content\/uploads\/2018\/06\/IMG_20180529_150232-300x225.jpg?resize=300%2C225\" alt=\"\" width=\"300\" height=\"225\" class=\"aligncenter size-medium wp-image-2660\" srcset=\"https:\/\/i0.wp.com\/projetscitoyens.francas71.org\/wp-content\/uploads\/2018\/06\/IMG_20180529_150232.jpg?resize=300%2C225 300w, https:\/\/i0.wp.com\/projetscitoyens.francas71.org\/wp-content\/uploads\/2018\/06\/IMG_20180529_150232.jpg?resize=768%2C576 768w, https:\/\/i0.wp.com\/projetscitoyens.francas71.org\/wp-content\/uploads\/2018\/06\/IMG_20180529_150232.jpg?resize=1024%2C768 1024w, https:\/\/i0.wp.com\/projetscitoyens.francas71.org\/wp-content\/uploads\/2018\/06\/IMG_20180529_150232.jpg?w=1280 1280w, https:\/\/i0.wp.com\/projetscitoyens.francas71.org\/wp-content\/uploads\/2018\/06\/IMG_20180529_150232.jpg?w=1920 1920w\" sizes=\"(max-width: 300px) 100vw, 300px\" data-recalc-dims=\"1\" \/><\/a><\/p>\n<p>Mardi 29 mai, les FRANCAS ont transport\u00e9 leur studio radio au Coll\u00e8ge des Bruy\u00e8res pour enregistrer deux classes de 4\u00e8me travaillant sur les bouleversements de Paris en 1900.<\/p>\n<p>Les \u00e9l\u00e8ves ont retrac\u00e9 les \u00e9volutions majeures de Paris \u00e0 cette \u00e9poque, vous \u00e9couterez des reportages sur la Tour Eiffel, les gares et m\u00e9tros, en passant par l&rsquo;interview d&rsquo;\u00c9mile Zola ou encore des personnes fr\u00e9quentant les grands magazins.<\/p>\n<p>1er groupe :<\/p>\n<!--[if lt IE 9]><script>document.createElement('audio');<\/script><![endif]-->\n<audio class=\"wp-audio-shortcode\" id=\"audio-2656-1\" preload=\"none\" style=\"width: 100%;\" controls=\"controls\"><source type=\"audio\/mpeg\" src=\"http:\/\/www.francas71.org\/projetscitoyens\/wp-content\/uploads\/2018\/06\/Groupe-1-Paris-en-1900-2\u00e8me-passage.mp3?_=1\" \/><a href=\"http:\/\/www.francas71.org\/projetscitoyens\/wp-content\/uploads\/2018\/06\/Groupe-1-Paris-en-1900-2\u00e8me-passage.mp3\">http:\/\/www.francas71.org\/projetscitoyens\/wp-content\/uploads\/2018\/06\/Groupe-1-Paris-en-1900-2\u00e8me-passage.mp3<\/a><\/audio>\n<p>2\u00e8me groupe : <\/p>\n<audio class=\"wp-audio-shortcode\" id=\"audio-2656-2\" preload=\"none\" style=\"width: 100%;\" controls=\"controls\"><source type=\"audio\/mpeg\" src=\"http:\/\/www.francas71.org\/projetscitoyens\/wp-content\/uploads\/2018\/06\/Groupe-2-Paris-en-1900-2eme-passage.mp3?_=2\" \/><a href=\"http:\/\/www.francas71.org\/projetscitoyens\/wp-content\/uploads\/2018\/06\/Groupe-2-Paris-en-1900-2eme-passage.mp3\">http:\/\/www.francas71.org\/projetscitoyens\/wp-content\/uploads\/2018\/06\/Groupe-2-Paris-en-1900-2eme-passage.mp3<\/a><\/audio>\n","protected":false},"excerpt":{"rendered":"<p>Mardi 29 mai, les FRANCAS ont transport\u00e9 leur studio radio au Coll\u00e8ge des Bruy\u00e8res pour enregistrer deux classes de 4\u00e8me travaillant sur les bouleversements de Paris en 1900. Les \u00e9l\u00e8ves ont retrac\u00e9 les \u00e9volutions majeures de Paris \u00e0 cette \u00e9poque, vous \u00e9couterez des reportages sur la Tour Eiffel, les gares et m\u00e9tros, en passant par l&rsquo;interview d&rsquo;\u00c9mile Zola ou encore des personnes fr\u00e9quentant les grands magazins. 1er groupe : 2\u00e8me groupe :<\/p>\n","protected":false},"author":1,"featured_media":2660,"comment_status":"open","ping_status":"open","sticky":false,"template":"","format":"standard","meta":{"jetpack_post_was_ever_published":false,"_jetpack_newsletter_access":"","_jetpack_dont_email_post_to_subs":false,"_jetpack_newsletter_tier_id":0,"_jetpack_memberships_contains_paywalled_content":false,"_jetpack_memberships_contains_paid_content":false,"footnotes":"","jetpack_publicize_message":"","jetpack_publicize_feature_enabled":true,"jetpack_social_post_already_shared":true,"jetpack_social_options":{"image_generator_settings":{"template":"highway","enabled":false},"version":2}},"categories":[231,214],"tags":[],"class_list":["post-2656","post","type-post","status-publish","format-standard","has-post-thumbnail","hentry","category-2018-radio-jeunes","category-la-radio"],"jetpack_publicize_connections":[],"jetpack_featured_media_url":"https:\/\/i0.wp.com\/projetscitoyens.francas71.org\/wp-content\/uploads\/2018\/06\/IMG_20180529_150232.jpg?fit=3264%2C2448","jetpack_sharing_enabled":true,"jetpack_shortlink":"https:\/\/wp.me\/p6M0zG-GQ","jetpack-related-posts":[],"jetpack_likes_enabled":true,"_links":{"self":[{"href":"http:\/\/projetscitoyens.francas71.org\/index.php?rest_route=\/wp\/v2\/posts\/2656"}],"collection":[{"href":"http:\/\/projetscitoyens.francas71.org\/index.php?rest_route=\/wp\/v2\/posts"}],"about":[{"href":"http:\/\/projetscitoyens.francas71.org\/index.php?rest_route=\/wp\/v2\/types\/post"}],"author":[{"embeddable":true,"href":"http:\/\/projetscitoyens.francas71.org\/index.php?rest_route=\/wp\/v2\/users\/1"}],"replies":[{"embeddable":true,"href":"http:\/\/projetscitoyens.francas71.org\/index.php?rest_route=%2Fwp%2Fv2%2Fcomments&post=2656"}],"version-history":[{"count":2,"href":"http:\/\/projetscitoyens.francas71.org\/index.php?rest_route=\/wp\/v2\/posts\/2656\/revisions"}],"predecessor-version":[{"id":2661,"href":"http:\/\/projetscitoyens.francas71.org\/index.php?rest_route=\/wp\/v2\/posts\/2656\/revisions\/2661"}],"wp:featuredmedia":[{"embeddable":true,"href":"http:\/\/projetscitoyens.francas71.org\/index.php?rest_route=\/wp\/v2\/media\/2660"}],"wp:attachment":[{"href":"http:\/\/projetscitoyens.francas71.org\/index.php?rest_route=%2Fwp%2Fv2%2Fmedia&parent=2656"}],"wp:term":[{"taxonomy":"category","embeddable":true,"href":"http:\/\/projetscitoyens.francas71.org\/index.php?rest_route=%2Fwp%2Fv2%2Fcategories&post=2656"},{"taxonomy":"post_tag","embeddable":true,"href":"http:\/\/projetscitoyens.francas71.org\/index.php?rest_route=%2Fwp%2Fv2%2Ftags&post=2656"}],"curies":[{"name":"wp","href":"https:\/\/api.w.org\/{rel}","templated":true}]}}