{"id":2680,"date":"2018-07-17T12:00:27","date_gmt":"2018-07-17T11:00:27","guid":{"rendered":"http:\/\/www.francas71.org\/projetscitoyens\/?p=2680"},"modified":"2019-12-16T14:22:50","modified_gmt":"2019-12-16T13:22:50","slug":"monde-denfants-la-bd-lecole-de-nos-droits-saint-vallier","status":"publish","type":"post","link":"http:\/\/projetscitoyens.francas71.org\/?p=2680","title":{"rendered":"MONDE D&rsquo;ENFANTS &#8211; La BD \u00ab\u00a0L&rsquo;\u00e9cole de nos droits\u00a0\u00bb &#8211; Saint Vallier"},"content":{"rendered":"<p><a href=\"https:\/\/i0.wp.com\/www.francas71.org\/projetscitoyens\/wp-content\/uploads\/2018\/06\/IMG_20180716_1515381.jpg\" onclick=\"return TrackClick('http%3A%2F%2Fwww.francas71.org%2Fprojetscitoyens%2Fwp-content%2Fuploads%2F2018%2F06%2FIMG_20180716_1515381.jpg','')\"><img loading=\"lazy\" decoding=\"async\" data-attachment-id=\"2697\" data-permalink=\"http:\/\/projetscitoyens.francas71.org\/?attachment_id=2697\" data-orig-file=\"https:\/\/i0.wp.com\/projetscitoyens.francas71.org\/wp-content\/uploads\/2018\/06\/IMG_20180716_1515381.jpg?fit=3120%2C4160\" data-orig-size=\"3120,4160\" data-comments-opened=\"1\" data-image-meta=\"{&quot;aperture&quot;:&quot;2&quot;,&quot;credit&quot;:&quot;&quot;,&quot;camera&quot;:&quot;HARRY&quot;,&quot;caption&quot;:&quot;&quot;,&quot;created_timestamp&quot;:&quot;1531754138&quot;,&quot;copyright&quot;:&quot;&quot;,&quot;focal_length&quot;:&quot;3.5&quot;,&quot;iso&quot;:&quot;335&quot;,&quot;shutter_speed&quot;:&quot;0.029996&quot;,&quot;title&quot;:&quot;&quot;,&quot;orientation&quot;:&quot;1&quot;}\" data-image-title=\"IMG_20180716_151538[1]\" data-image-description=\"\" data-image-caption=\"\" data-medium-file=\"https:\/\/i0.wp.com\/projetscitoyens.francas71.org\/wp-content\/uploads\/2018\/06\/IMG_20180716_1515381.jpg?fit=225%2C300\" data-large-file=\"https:\/\/i0.wp.com\/projetscitoyens.francas71.org\/wp-content\/uploads\/2018\/06\/IMG_20180716_1515381.jpg?fit=640%2C853\" tabindex=\"0\" role=\"button\" src=\"https:\/\/i0.wp.com\/www.francas71.org\/projetscitoyens\/wp-content\/uploads\/2018\/06\/IMG_20180716_1515381-225x300.jpg?resize=225%2C300\" alt=\"\" width=\"225\" height=\"300\" class=\"aligncenter size-medium wp-image-2697\" srcset=\"https:\/\/i0.wp.com\/projetscitoyens.francas71.org\/wp-content\/uploads\/2018\/06\/IMG_20180716_1515381.jpg?resize=225%2C300 225w, https:\/\/i0.wp.com\/projetscitoyens.francas71.org\/wp-content\/uploads\/2018\/06\/IMG_20180716_1515381.jpg?resize=768%2C1024 768w, https:\/\/i0.wp.com\/projetscitoyens.francas71.org\/wp-content\/uploads\/2018\/06\/IMG_20180716_1515381.jpg?resize=1024%2C1365 1024w, https:\/\/i0.wp.com\/projetscitoyens.francas71.org\/wp-content\/uploads\/2018\/06\/IMG_20180716_1515381.jpg?w=1280 1280w, https:\/\/i0.wp.com\/projetscitoyens.francas71.org\/wp-content\/uploads\/2018\/06\/IMG_20180716_1515381.jpg?w=1920 1920w\" sizes=\"(max-width: 225px) 100vw, 225px\" data-recalc-dims=\"1\" \/><\/a><\/p>\n<p>Depuis le 30 avril, les Francas de Sa\u00f4ne et Loire interviennent les lundis dans l&rsquo;\u00e9cole Jules Ferry sur les temps d&rsquo;activit\u00e9s p\u00e9riscolaires.<\/p>\n<p>L&rsquo;objectif de ces s\u00e9ances \u00e9tait de cr\u00e9er une bande dessin\u00e9e sur les droits de l&rsquo;enfants. Ce sont eux qui ont imagin\u00e9 les diff\u00e9rentes planches, cr\u00e9\u00e9 les dialogues et dessin\u00e9 les diff\u00e9rents personnages. <\/p>\n<p><strong>La bd comporte 7 planches :<\/strong><\/p>\n<p>&#8211; la premi\u00e8re : Le Droit d&rsquo;avoir une identit\u00e9.<\/p>\n<p>&#8211; la deuxi\u00e8me et  la troisi\u00e8me: Le Droit d&rsquo;\u00eatre prot\u00e9g\u00e9.\/\/ Le Droit \u00e0 l&rsquo;\u00e9ducation.<\/p>\n<p>&#8211; la quatri\u00e8me et la cinqui\u00e8me: Le Droit \u00e0 l&rsquo;\u00e9galit\u00e9. \/\/ Le Droit d&rsquo;\u00eatre soign\u00e9.<\/p>\n<p>&#8211; la sixi\u00e8me et la septi\u00e8me : Le Droit de r\u00eaver, rire et jouer. \/\/ Une fin heureuse.<\/p>\n<p><em>La bande dessin\u00e9e sera expos\u00e9e lors du Village des Droits de l&rsquo;enfant en novembre prochain et fera partie des productions soumises aux votes pour la s\u00e9lection \u00ab\u00a0Coups de Coeur\u00a0\u00bb de la Galerie des Droits.<\/em><\/p>\n","protected":false},"excerpt":{"rendered":"<p>Depuis le 30 avril, les Francas de Sa\u00f4ne et Loire interviennent les lundis dans l&rsquo;\u00e9cole Jules Ferry sur les temps d&rsquo;activit\u00e9s p\u00e9riscolaires. L&rsquo;objectif de ces s\u00e9ances \u00e9tait de cr\u00e9er une bande dessin\u00e9e sur les droits de l&rsquo;enfants. Ce sont eux qui ont imagin\u00e9 les diff\u00e9rentes planches, cr\u00e9\u00e9 les dialogues et dessin\u00e9 les diff\u00e9rents personnages. La bd comporte 7 planches : &#8211; la premi\u00e8re : Le Droit d&rsquo;avoir une identit\u00e9. &#8211; la deuxi\u00e8me et la troisi\u00e8me: Le Droit d&rsquo;\u00eatre prot\u00e9g\u00e9.\/\/ Le&#8230;<\/p>\n<p class=\"read-more\"><a class=\"btn btn-default\" href=\"http:\/\/projetscitoyens.francas71.org\/?p=2680\" onclick=\"return TrackClick('http%3A%2F%2Fprojetscitoyens.francas71.org%2F%3Fp%3D2680','Lire+la+suite+Lire+la+suite')\">Lire la suite<span class=\"screen-reader-text\"> Lire la suite<\/span><\/a><\/p>\n","protected":false},"author":1,"featured_media":0,"comment_status":"open","ping_status":"open","sticky":false,"template":"","format":"standard","meta":{"jetpack_post_was_ever_published":false,"_jetpack_newsletter_access":"","_jetpack_dont_email_post_to_subs":false,"_jetpack_newsletter_tier_id":0,"_jetpack_memberships_contains_paywalled_content":false,"_jetpack_memberships_contains_paid_content":false,"footnotes":"","jetpack_publicize_message":"","jetpack_publicize_feature_enabled":true,"jetpack_social_post_already_shared":true,"jetpack_social_options":{"image_generator_settings":{"template":"highway","enabled":false},"version":2}},"categories":[119,229],"tags":[],"class_list":["post-2680","post","type-post","status-publish","format-standard","hentry","category-agis-pour-tes-droits-2","category-2018-les-droits-de-lenfant"],"jetpack_publicize_connections":[],"jetpack_featured_media_url":"","jetpack_sharing_enabled":true,"jetpack_shortlink":"https:\/\/wp.me\/p6M0zG-He","jetpack-related-posts":[],"jetpack_likes_enabled":true,"_links":{"self":[{"href":"http:\/\/projetscitoyens.francas71.org\/index.php?rest_route=\/wp\/v2\/posts\/2680"}],"collection":[{"href":"http:\/\/projetscitoyens.francas71.org\/index.php?rest_route=\/wp\/v2\/posts"}],"about":[{"href":"http:\/\/projetscitoyens.francas71.org\/index.php?rest_route=\/wp\/v2\/types\/post"}],"author":[{"embeddable":true,"href":"http:\/\/projetscitoyens.francas71.org\/index.php?rest_route=\/wp\/v2\/users\/1"}],"replies":[{"embeddable":true,"href":"http:\/\/projetscitoyens.francas71.org\/index.php?rest_route=%2Fwp%2Fv2%2Fcomments&post=2680"}],"version-history":[{"count":3,"href":"http:\/\/projetscitoyens.francas71.org\/index.php?rest_route=\/wp\/v2\/posts\/2680\/revisions"}],"predecessor-version":[{"id":2699,"href":"http:\/\/projetscitoyens.francas71.org\/index.php?rest_route=\/wp\/v2\/posts\/2680\/revisions\/2699"}],"wp:attachment":[{"href":"http:\/\/projetscitoyens.francas71.org\/index.php?rest_route=%2Fwp%2Fv2%2Fmedia&parent=2680"}],"wp:term":[{"taxonomy":"category","embeddable":true,"href":"http:\/\/projetscitoyens.francas71.org\/index.php?rest_route=%2Fwp%2Fv2%2Fcategories&post=2680"},{"taxonomy":"post_tag","embeddable":true,"href":"http:\/\/projetscitoyens.francas71.org\/index.php?rest_route=%2Fwp%2Fv2%2Ftags&post=2680"}],"curies":[{"name":"wp","href":"https:\/\/api.w.org\/{rel}","templated":true}]}}