{"id":2691,"date":"2018-07-04T07:49:37","date_gmt":"2018-07-04T06:49:37","guid":{"rendered":"http:\/\/www.francas71.org\/projetscitoyens\/?p=2691"},"modified":"2019-12-16T14:23:11","modified_gmt":"2019-12-16T13:23:11","slug":"radio-bafa-la-radio-a-colombier-71-2","status":"publish","type":"post","link":"http:\/\/projetscitoyens.francas71.org\/?p=2691","title":{"rendered":"Radio BAFA &#8211; la radio \u00e0 Colombier (71)"},"content":{"rendered":"<p>Du samedi 30 juin au jeudi 5 juillet 2018, le centre de loisirs de Colombier en Brionnais (71) accueille le stage BAFA approfondissement des Francas de Bourgogne Franche-Comt\u00e9 sur le th\u00e8me des camps et de la randonn\u00e9e.<br \/>\nChaque jour les stagiaires participent \u00e0 un temps m\u00e9dia. Pour raconter le stage, garder des souvenirs et promouvoir le centre de loisirs. Sur diff\u00e9rents supports \u2026 r\u00e9seaux sociaux, papier et radio, les stagiaires produisent une information destin\u00e9e au grand public.<br \/>\nCe jour de lundi 2 juillet, c\u2019est Melissa et Maxime qui sont les journalistes radio.<\/p>\n<!--[if lt IE 9]><script>document.createElement('audio');<\/script><![endif]-->\n<audio class=\"wp-audio-shortcode\" id=\"audio-2691-1\" preload=\"none\" style=\"width: 100%;\" controls=\"controls\"><source type=\"audio\/mpeg\" src=\"http:\/\/www.francas71.org\/projetscitoyens\/wp-content\/uploads\/2018\/07\/lundi-2-juillet-02.mp3?_=1\" \/><a href=\"http:\/\/www.francas71.org\/projetscitoyens\/wp-content\/uploads\/2018\/07\/lundi-2-juillet-02.mp3\">http:\/\/www.francas71.org\/projetscitoyens\/wp-content\/uploads\/2018\/07\/lundi-2-juillet-02.mp3<\/a><\/audio>\n","protected":false},"excerpt":{"rendered":"<p>Du samedi 30 juin au jeudi 5 juillet 2018, le centre de loisirs de Colombier en Brionnais (71) accueille le stage BAFA approfondissement des Francas de Bourgogne Franche-Comt\u00e9 sur le th\u00e8me des camps et de la randonn\u00e9e. Chaque jour les stagiaires participent \u00e0 un temps m\u00e9dia. Pour raconter le stage, garder des souvenirs et promouvoir le centre de loisirs. Sur diff\u00e9rents supports \u2026 r\u00e9seaux sociaux, papier et radio, les stagiaires produisent une information destin\u00e9e au grand public. Ce jour de&#8230;<\/p>\n<p class=\"read-more\"><a class=\"btn btn-default\" href=\"http:\/\/projetscitoyens.francas71.org\/?p=2691\" onclick=\"return TrackClick('http%3A%2F%2Fprojetscitoyens.francas71.org%2F%3Fp%3D2691','Lire+la+suite+Lire+la+suite')\">Lire la suite<span class=\"screen-reader-text\"> Lire la suite<\/span><\/a><\/p>\n","protected":false},"author":1,"featured_media":2392,"comment_status":"open","ping_status":"open","sticky":false,"template":"","format":"standard","meta":{"jetpack_post_was_ever_published":false,"_jetpack_newsletter_access":"","_jetpack_dont_email_post_to_subs":false,"_jetpack_newsletter_tier_id":0,"_jetpack_memberships_contains_paywalled_content":false,"_jetpack_memberships_contains_paid_content":false,"footnotes":"","jetpack_publicize_message":"","jetpack_publicize_feature_enabled":true,"jetpack_social_post_already_shared":true,"jetpack_social_options":{"image_generator_settings":{"template":"highway","enabled":false},"version":2}},"categories":[120,234],"tags":[200,72,207,181],"class_list":["post-2691","post","type-post","status-publish","format-standard","has-post-thumbnail","hentry","category-engagement-des-jeunes","category-stages-bafa","tag-bafa","tag-jeunes","tag-medias","tag-radio"],"jetpack_publicize_connections":[],"jetpack_featured_media_url":"https:\/\/i0.wp.com\/projetscitoyens.francas71.org\/wp-content\/uploads\/2017\/07\/bafa02-.jpg?fit=1280%2C960","jetpack_sharing_enabled":true,"jetpack_shortlink":"https:\/\/wp.me\/p6M0zG-Hp","jetpack-related-posts":[],"jetpack_likes_enabled":true,"_links":{"self":[{"href":"http:\/\/projetscitoyens.francas71.org\/index.php?rest_route=\/wp\/v2\/posts\/2691"}],"collection":[{"href":"http:\/\/projetscitoyens.francas71.org\/index.php?rest_route=\/wp\/v2\/posts"}],"about":[{"href":"http:\/\/projetscitoyens.francas71.org\/index.php?rest_route=\/wp\/v2\/types\/post"}],"author":[{"embeddable":true,"href":"http:\/\/projetscitoyens.francas71.org\/index.php?rest_route=\/wp\/v2\/users\/1"}],"replies":[{"embeddable":true,"href":"http:\/\/projetscitoyens.francas71.org\/index.php?rest_route=%2Fwp%2Fv2%2Fcomments&post=2691"}],"version-history":[{"count":1,"href":"http:\/\/projetscitoyens.francas71.org\/index.php?rest_route=\/wp\/v2\/posts\/2691\/revisions"}],"predecessor-version":[{"id":2692,"href":"http:\/\/projetscitoyens.francas71.org\/index.php?rest_route=\/wp\/v2\/posts\/2691\/revisions\/2692"}],"wp:featuredmedia":[{"embeddable":true,"href":"http:\/\/projetscitoyens.francas71.org\/index.php?rest_route=\/wp\/v2\/media\/2392"}],"wp:attachment":[{"href":"http:\/\/projetscitoyens.francas71.org\/index.php?rest_route=%2Fwp%2Fv2%2Fmedia&parent=2691"}],"wp:term":[{"taxonomy":"category","embeddable":true,"href":"http:\/\/projetscitoyens.francas71.org\/index.php?rest_route=%2Fwp%2Fv2%2Fcategories&post=2691"},{"taxonomy":"post_tag","embeddable":true,"href":"http:\/\/projetscitoyens.francas71.org\/index.php?rest_route=%2Fwp%2Fv2%2Ftags&post=2691"}],"curies":[{"name":"wp","href":"https:\/\/api.w.org\/{rel}","templated":true}]}}