{"id":2694,"date":"2018-07-06T11:43:55","date_gmt":"2018-07-06T10:43:55","guid":{"rendered":"http:\/\/www.francas71.org\/projetscitoyens\/?p=2694"},"modified":"2019-12-16T14:23:02","modified_gmt":"2019-12-16T13:23:02","slug":"radio-bafa-la-radio-a-colombier-71-3","status":"publish","type":"post","link":"http:\/\/projetscitoyens.francas71.org\/?p=2694","title":{"rendered":"Radio BAFA \u2013 la radio \u00e0 Colombier (71)"},"content":{"rendered":"<h3><span style=\"color: #993300;\"><strong>Du samedi 30 juin au jeudi 5 juillet 2018, le centre de loisirs de Colombier en Brionnais (71) accueille le stage BAFA approfondissement des Francas de Bourgogne Franche-Comt\u00e9 sur le th\u00e8me des camps et de la randonn\u00e9e.<\/strong><\/span><\/h3>\n<p>Chaque jour les stagiaires participent \u00e0 un temps m\u00e9dia. Pour raconter le stage, garder des souvenirs et promouvoir le centre de loisirs. Sur diff\u00e9rents supports \u2026 r\u00e9seaux sociaux, papier et radio, les stagiaires produisent une information destin\u00e9e au grand public.<\/p>\n<p>Jeudi 5 juillet, fin du stage et derni\u00e8re \u00e9mission de radio. Une \u00e9mission pour faire le bilan de la semaine avec trois questions :<br \/>\n&#8212; Qu&rsquo;avez vous appris durant ce stage ?<br \/>\n&#8212; Quel a \u00e9t\u00e9 le moment le plus fort ou le plus important ?<br \/>\n&#8212; Pourquoi s&rsquo;engager dans le BAFA ?<\/p>\n<p>Avec Alex, Laura, Elisa, Zo\u00e9, M\u00e9lissa, Maxime, Hugo, Assya et Dimitri et Didier les deux formateurs.<\/p>\n<p>&nbsp;<\/p>\n<p>&nbsp;<\/p>\n<p>&nbsp;<br \/>\n<!--[if lt IE 9]><script>document.createElement('audio');<\/script><![endif]-->\n<audio class=\"wp-audio-shortcode\" id=\"audio-2694-1\" preload=\"none\" style=\"width: 100%;\" controls=\"controls\"><source type=\"audio\/mpeg\" src=\"http:\/\/www.francas71.org\/projetscitoyens\/wp-content\/uploads\/2018\/07\/jeudi-5-juillet.mp3?_=1\" \/><a href=\"http:\/\/www.francas71.org\/projetscitoyens\/wp-content\/uploads\/2018\/07\/jeudi-5-juillet.mp3\">http:\/\/www.francas71.org\/projetscitoyens\/wp-content\/uploads\/2018\/07\/jeudi-5-juillet.mp3<\/a><\/audio><\/p>\n","protected":false},"excerpt":{"rendered":"<p>Du samedi 30 juin au jeudi 5 juillet 2018, le centre de loisirs de Colombier en Brionnais (71) accueille le stage BAFA approfondissement des Francas de Bourgogne Franche-Comt\u00e9 sur le th\u00e8me des camps et de la randonn\u00e9e. Chaque jour les stagiaires participent \u00e0 un temps m\u00e9dia. Pour raconter le stage, garder des souvenirs et promouvoir le centre de loisirs. Sur diff\u00e9rents supports \u2026 r\u00e9seaux sociaux, papier et radio, les stagiaires produisent une information destin\u00e9e au grand public. Jeudi 5 juillet,&#8230;<\/p>\n<p class=\"read-more\"><a class=\"btn btn-default\" href=\"http:\/\/projetscitoyens.francas71.org\/?p=2694\" onclick=\"return TrackClick('http%3A%2F%2Fprojetscitoyens.francas71.org%2F%3Fp%3D2694','Lire+la+suite+Lire+la+suite')\">Lire la suite<span class=\"screen-reader-text\"> Lire la suite<\/span><\/a><\/p>\n","protected":false},"author":1,"featured_media":2357,"comment_status":"open","ping_status":"open","sticky":false,"template":"","format":"standard","meta":{"jetpack_post_was_ever_published":false,"_jetpack_newsletter_access":"","_jetpack_dont_email_post_to_subs":false,"_jetpack_newsletter_tier_id":0,"_jetpack_memberships_contains_paywalled_content":false,"_jetpack_memberships_contains_paid_content":false,"footnotes":"","jetpack_publicize_message":"","jetpack_publicize_feature_enabled":true,"jetpack_social_post_already_shared":true,"jetpack_social_options":{"image_generator_settings":{"template":"highway","enabled":false},"version":2}},"categories":[120,234],"tags":[200,129,220,72,219],"class_list":["post-2694","post","type-post","status-publish","format-standard","has-post-thumbnail","hentry","category-engagement-des-jeunes","category-stages-bafa","tag-bafa","tag-engagement","tag-grand-jeu","tag-jeunes","tag-veillee"],"jetpack_publicize_connections":[],"jetpack_featured_media_url":"https:\/\/i0.wp.com\/projetscitoyens.francas71.org\/wp-content\/uploads\/2017\/04\/bafa89_01.jpg?fit=1280%2C960","jetpack_sharing_enabled":true,"jetpack_shortlink":"https:\/\/wp.me\/p6M0zG-Hs","jetpack-related-posts":[],"jetpack_likes_enabled":true,"_links":{"self":[{"href":"http:\/\/projetscitoyens.francas71.org\/index.php?rest_route=\/wp\/v2\/posts\/2694"}],"collection":[{"href":"http:\/\/projetscitoyens.francas71.org\/index.php?rest_route=\/wp\/v2\/posts"}],"about":[{"href":"http:\/\/projetscitoyens.francas71.org\/index.php?rest_route=\/wp\/v2\/types\/post"}],"author":[{"embeddable":true,"href":"http:\/\/projetscitoyens.francas71.org\/index.php?rest_route=\/wp\/v2\/users\/1"}],"replies":[{"embeddable":true,"href":"http:\/\/projetscitoyens.francas71.org\/index.php?rest_route=%2Fwp%2Fv2%2Fcomments&post=2694"}],"version-history":[{"count":1,"href":"http:\/\/projetscitoyens.francas71.org\/index.php?rest_route=\/wp\/v2\/posts\/2694\/revisions"}],"predecessor-version":[{"id":2695,"href":"http:\/\/projetscitoyens.francas71.org\/index.php?rest_route=\/wp\/v2\/posts\/2694\/revisions\/2695"}],"wp:featuredmedia":[{"embeddable":true,"href":"http:\/\/projetscitoyens.francas71.org\/index.php?rest_route=\/wp\/v2\/media\/2357"}],"wp:attachment":[{"href":"http:\/\/projetscitoyens.francas71.org\/index.php?rest_route=%2Fwp%2Fv2%2Fmedia&parent=2694"}],"wp:term":[{"taxonomy":"category","embeddable":true,"href":"http:\/\/projetscitoyens.francas71.org\/index.php?rest_route=%2Fwp%2Fv2%2Fcategories&post=2694"},{"taxonomy":"post_tag","embeddable":true,"href":"http:\/\/projetscitoyens.francas71.org\/index.php?rest_route=%2Fwp%2Fv2%2Ftags&post=2694"}],"curies":[{"name":"wp","href":"https:\/\/api.w.org\/{rel}","templated":true}]}}