{"id":2700,"date":"2018-07-19T12:00:39","date_gmt":"2018-07-19T11:00:39","guid":{"rendered":"http:\/\/www.francas71.org\/projetscitoyens\/?p=2700"},"modified":"2019-12-16T15:14:26","modified_gmt":"2019-12-16T14:14:26","slug":"adoctualite-sejour-a-vendenesse-sur-arroux","status":"publish","type":"post","link":"http:\/\/projetscitoyens.francas71.org\/?p=2700","title":{"rendered":"ADO&rsquo;CTUALIT\u00c9 &#8211; S\u00e9jour \u00e0 Vendenesse Sur Arroux"},"content":{"rendered":"<p>Cette ann\u00e9e les Francas de Sa\u00f4ne-et-Loire ont d\u00e9cid\u00e9 de proposer un s\u00e9jour \u00e0 Vendenesse sur Arroux pour les 11-13 ans.<\/p>\n<p><strong>Le 9 Juillet 2018 :<\/strong><\/p>\n<p style=\"text-align: left;\">L&rsquo;\u00e9quipe d&rsquo;encadrement (Morgane, Audrey et Pierre) accueille les 11 adolescents venant de l&rsquo;ensemble du d\u00e9partement. Apr\u00e8s avoir pique-niqu\u00e9 \u00e0 midi, nous sommes partis \u00e0 la piscine de Gueugnon afin de se rafra\u00eechir. Cet apr\u00e8s-midi a permis de commencer \u00e0 se conna\u00eetre et de cr\u00e9er une dynamique de groupe.<br \/>\nLe soir, l&rsquo;\u00e9quipe a sollicit\u00e9 les enfants pour pr\u00e9parer le repas, mettre la table, etc&#8230;<\/p>\n<p style=\"text-align: center;\">L&rsquo;objectif \u00e9tait de passer des bons moments en donnant tous un coup de main.<\/p>\n<p style=\"text-align: center;\"><a href=\"https:\/\/i0.wp.com\/www.francas71.org\/projetscitoyens\/wp-content\/uploads\/2018\/07\/IMG_20180709_2006411.jpg\" onclick=\"return TrackClick('http%3A%2F%2Fwww.francas71.org%2Fprojetscitoyens%2Fwp-content%2Fuploads%2F2018%2F07%2FIMG_20180709_2006411.jpg','')\"><img loading=\"lazy\" decoding=\"async\" data-attachment-id=\"2702\" data-permalink=\"http:\/\/projetscitoyens.francas71.org\/?attachment_id=2702\" data-orig-file=\"https:\/\/i0.wp.com\/projetscitoyens.francas71.org\/wp-content\/uploads\/2018\/07\/IMG_20180709_2006411.jpg?fit=3120%2C4160\" data-orig-size=\"3120,4160\" data-comments-opened=\"1\" data-image-meta=\"{&quot;aperture&quot;:&quot;2&quot;,&quot;credit&quot;:&quot;&quot;,&quot;camera&quot;:&quot;HARRY&quot;,&quot;caption&quot;:&quot;&quot;,&quot;created_timestamp&quot;:&quot;1531166801&quot;,&quot;copyright&quot;:&quot;&quot;,&quot;focal_length&quot;:&quot;3.5&quot;,&quot;iso&quot;:&quot;263&quot;,&quot;shutter_speed&quot;:&quot;0.029996&quot;,&quot;title&quot;:&quot;&quot;,&quot;orientation&quot;:&quot;1&quot;}\" data-image-title=\"IMG_20180709_200641[1]\" data-image-description=\"\" data-image-caption=\"\" data-medium-file=\"https:\/\/i0.wp.com\/projetscitoyens.francas71.org\/wp-content\/uploads\/2018\/07\/IMG_20180709_2006411.jpg?fit=225%2C300\" data-large-file=\"https:\/\/i0.wp.com\/projetscitoyens.francas71.org\/wp-content\/uploads\/2018\/07\/IMG_20180709_2006411.jpg?fit=640%2C853\" tabindex=\"0\" role=\"button\" class=\"size-medium wp-image-2702 alignleft\" src=\"https:\/\/i0.wp.com\/www.francas71.org\/projetscitoyens\/wp-content\/uploads\/2018\/07\/IMG_20180709_2006411-225x300.jpg?resize=225%2C300\" alt=\"\" width=\"225\" height=\"300\" srcset=\"https:\/\/i0.wp.com\/projetscitoyens.francas71.org\/wp-content\/uploads\/2018\/07\/IMG_20180709_2006411.jpg?resize=225%2C300 225w, https:\/\/i0.wp.com\/projetscitoyens.francas71.org\/wp-content\/uploads\/2018\/07\/IMG_20180709_2006411.jpg?resize=768%2C1024 768w, https:\/\/i0.wp.com\/projetscitoyens.francas71.org\/wp-content\/uploads\/2018\/07\/IMG_20180709_2006411.jpg?resize=1024%2C1365 1024w, https:\/\/i0.wp.com\/projetscitoyens.francas71.org\/wp-content\/uploads\/2018\/07\/IMG_20180709_2006411.jpg?w=1280 1280w, https:\/\/i0.wp.com\/projetscitoyens.francas71.org\/wp-content\/uploads\/2018\/07\/IMG_20180709_2006411.jpg?w=1920 1920w\" sizes=\"(max-width: 225px) 100vw, 225px\" data-recalc-dims=\"1\" \/><\/a><a href=\"https:\/\/i0.wp.com\/www.francas71.org\/projetscitoyens\/wp-content\/uploads\/2018\/07\/IMG_20180709_2006581.jpg\" onclick=\"return TrackClick('http%3A%2F%2Fwww.francas71.org%2Fprojetscitoyens%2Fwp-content%2Fuploads%2F2018%2F07%2FIMG_20180709_2006581.jpg','')\"><img loading=\"lazy\" decoding=\"async\" data-attachment-id=\"2701\" data-permalink=\"http:\/\/projetscitoyens.francas71.org\/?attachment_id=2701\" data-orig-file=\"https:\/\/i0.wp.com\/projetscitoyens.francas71.org\/wp-content\/uploads\/2018\/07\/IMG_20180709_2006581.jpg?fit=3120%2C4160\" data-orig-size=\"3120,4160\" data-comments-opened=\"1\" data-image-meta=\"{&quot;aperture&quot;:&quot;2&quot;,&quot;credit&quot;:&quot;&quot;,&quot;camera&quot;:&quot;HARRY&quot;,&quot;caption&quot;:&quot;&quot;,&quot;created_timestamp&quot;:&quot;1531166817&quot;,&quot;copyright&quot;:&quot;&quot;,&quot;focal_length&quot;:&quot;3.5&quot;,&quot;iso&quot;:&quot;204&quot;,&quot;shutter_speed&quot;:&quot;0.010003&quot;,&quot;title&quot;:&quot;&quot;,&quot;orientation&quot;:&quot;1&quot;}\" data-image-title=\"IMG_20180709_200658[1]\" data-image-description=\"\" data-image-caption=\"\" data-medium-file=\"https:\/\/i0.wp.com\/projetscitoyens.francas71.org\/wp-content\/uploads\/2018\/07\/IMG_20180709_2006581.jpg?fit=225%2C300\" data-large-file=\"https:\/\/i0.wp.com\/projetscitoyens.francas71.org\/wp-content\/uploads\/2018\/07\/IMG_20180709_2006581.jpg?fit=640%2C853\" tabindex=\"0\" role=\"button\" class=\"size-medium wp-image-2701 alignleft\" src=\"https:\/\/i0.wp.com\/www.francas71.org\/projetscitoyens\/wp-content\/uploads\/2018\/07\/IMG_20180709_2006581-225x300.jpg?resize=225%2C300\" alt=\"\" width=\"225\" height=\"300\" srcset=\"https:\/\/i0.wp.com\/projetscitoyens.francas71.org\/wp-content\/uploads\/2018\/07\/IMG_20180709_2006581.jpg?resize=225%2C300 225w, https:\/\/i0.wp.com\/projetscitoyens.francas71.org\/wp-content\/uploads\/2018\/07\/IMG_20180709_2006581.jpg?resize=768%2C1024 768w, https:\/\/i0.wp.com\/projetscitoyens.francas71.org\/wp-content\/uploads\/2018\/07\/IMG_20180709_2006581.jpg?resize=1024%2C1365 1024w, https:\/\/i0.wp.com\/projetscitoyens.francas71.org\/wp-content\/uploads\/2018\/07\/IMG_20180709_2006581.jpg?w=1280 1280w, https:\/\/i0.wp.com\/projetscitoyens.francas71.org\/wp-content\/uploads\/2018\/07\/IMG_20180709_2006581.jpg?w=1920 1920w\" sizes=\"(max-width: 225px) 100vw, 225px\" data-recalc-dims=\"1\" \/><\/a><\/p>\n<p style=\"text-align: center;\">&nbsp;<\/p>\n<p>&nbsp;<\/p>\n<p>&nbsp;<\/p>\n<p>&nbsp;<\/p>\n<p>&nbsp;<\/p>\n<p>&nbsp;<\/p>\n<p>&nbsp;<\/p>\n<p>&nbsp;<\/p>\n<p>&nbsp;<\/p>\n<p>&nbsp;<\/p>\n<p>&nbsp;<\/p>\n<p><strong>Le 10 Juillet 2018 :<\/strong><\/p>\n<p>Apr\u00e8s une matin\u00e9e \u00e0 profiter des vacances, nous sommes partis d\u00e9couvrir la rivi\u00e8re l&rsquo;Arroux \u00e0 l&rsquo;aide de cano\u00ebs et surtout des personnes faisant parti du club de cano\u00eb kayak de Gueugnon. Une apr\u00e8s-midi sportive!&nbsp;<\/p>\n<p>Et pour finir la journ\u00e9e en beaut\u00e9, direction \u00c9tang sur Arroux pour visionner la demi-finale de la coupe du monde sur un \u00e9cran g\u00e9ant.<\/p>\n<p><a href=\"https:\/\/i0.wp.com\/www.francas71.org\/projetscitoyens\/wp-content\/uploads\/2018\/07\/IMG_20180710_203912.jpg\" onclick=\"return TrackClick('http%3A%2F%2Fwww.francas71.org%2Fprojetscitoyens%2Fwp-content%2Fuploads%2F2018%2F07%2FIMG_20180710_203912.jpg','')\"><img loading=\"lazy\" decoding=\"async\" data-attachment-id=\"2710\" data-permalink=\"http:\/\/projetscitoyens.francas71.org\/?attachment_id=2710\" data-orig-file=\"https:\/\/i0.wp.com\/projetscitoyens.francas71.org\/wp-content\/uploads\/2018\/07\/IMG_20180710_203912.jpg?fit=3120%2C4160\" data-orig-size=\"3120,4160\" data-comments-opened=\"1\" data-image-meta=\"{&quot;aperture&quot;:&quot;2&quot;,&quot;credit&quot;:&quot;&quot;,&quot;camera&quot;:&quot;HARRY&quot;,&quot;caption&quot;:&quot;&quot;,&quot;created_timestamp&quot;:&quot;1531255152&quot;,&quot;copyright&quot;:&quot;&quot;,&quot;focal_length&quot;:&quot;3.5&quot;,&quot;iso&quot;:&quot;132&quot;,&quot;shutter_speed&quot;:&quot;0.020005&quot;,&quot;title&quot;:&quot;&quot;,&quot;orientation&quot;:&quot;1&quot;}\" data-image-title=\"IMG_20180710_203912\" data-image-description=\"\" data-image-caption=\"\" data-medium-file=\"https:\/\/i0.wp.com\/projetscitoyens.francas71.org\/wp-content\/uploads\/2018\/07\/IMG_20180710_203912.jpg?fit=225%2C300\" data-large-file=\"https:\/\/i0.wp.com\/projetscitoyens.francas71.org\/wp-content\/uploads\/2018\/07\/IMG_20180710_203912.jpg?fit=640%2C853\" tabindex=\"0\" role=\"button\" class=\"aligncenter size-medium wp-image-2710\" src=\"https:\/\/i0.wp.com\/www.francas71.org\/projetscitoyens\/wp-content\/uploads\/2018\/07\/IMG_20180710_203912-225x300.jpg?resize=225%2C300\" alt=\"\" width=\"225\" height=\"300\" srcset=\"https:\/\/i0.wp.com\/projetscitoyens.francas71.org\/wp-content\/uploads\/2018\/07\/IMG_20180710_203912.jpg?resize=225%2C300 225w, https:\/\/i0.wp.com\/projetscitoyens.francas71.org\/wp-content\/uploads\/2018\/07\/IMG_20180710_203912.jpg?resize=768%2C1024 768w, https:\/\/i0.wp.com\/projetscitoyens.francas71.org\/wp-content\/uploads\/2018\/07\/IMG_20180710_203912.jpg?resize=1024%2C1365 1024w, https:\/\/i0.wp.com\/projetscitoyens.francas71.org\/wp-content\/uploads\/2018\/07\/IMG_20180710_203912.jpg?w=1280 1280w, https:\/\/i0.wp.com\/projetscitoyens.francas71.org\/wp-content\/uploads\/2018\/07\/IMG_20180710_203912.jpg?w=1920 1920w\" sizes=\"(max-width: 225px) 100vw, 225px\" data-recalc-dims=\"1\" \/><\/a><\/p>\n<p><strong>Le 11 Juillet 2018 :<\/strong><\/p>\n<p>Pour cette journ\u00e9e, l&rsquo;ensemble du groupe est parti \u00e0 Blanzy pour faire de l&rsquo;accrobranche. Nous sommes arriv\u00e9s l\u00e0-bas pour pique-niquer, puis nous avons enfil\u00e9 nos baudriers et en avant pour les diff\u00e9rents parcours : tyroliennes, skate dans les arbres, toile d&rsquo;araign\u00e9e, etc&#8230;&nbsp;<\/p>\n<p><a href=\"https:\/\/i0.wp.com\/www.francas71.org\/projetscitoyens\/wp-content\/uploads\/2018\/07\/IMG_20180711_115432.jpg\" onclick=\"return TrackClick('http%3A%2F%2Fwww.francas71.org%2Fprojetscitoyens%2Fwp-content%2Fuploads%2F2018%2F07%2FIMG_20180711_115432.jpg','')\"><img loading=\"lazy\" decoding=\"async\" data-attachment-id=\"2706\" data-permalink=\"http:\/\/projetscitoyens.francas71.org\/?attachment_id=2706\" data-orig-file=\"https:\/\/i0.wp.com\/projetscitoyens.francas71.org\/wp-content\/uploads\/2018\/07\/IMG_20180711_115432.jpg?fit=3120%2C4160\" data-orig-size=\"3120,4160\" data-comments-opened=\"1\" data-image-meta=\"{&quot;aperture&quot;:&quot;2&quot;,&quot;credit&quot;:&quot;&quot;,&quot;camera&quot;:&quot;HARRY&quot;,&quot;caption&quot;:&quot;&quot;,&quot;created_timestamp&quot;:&quot;1531310072&quot;,&quot;copyright&quot;:&quot;&quot;,&quot;focal_length&quot;:&quot;3.5&quot;,&quot;iso&quot;:&quot;211&quot;,&quot;shutter_speed&quot;:&quot;0.010003&quot;,&quot;title&quot;:&quot;&quot;,&quot;orientation&quot;:&quot;1&quot;}\" data-image-title=\"IMG_20180711_115432\" data-image-description=\"\" data-image-caption=\"\" data-medium-file=\"https:\/\/i0.wp.com\/projetscitoyens.francas71.org\/wp-content\/uploads\/2018\/07\/IMG_20180711_115432.jpg?fit=225%2C300\" data-large-file=\"https:\/\/i0.wp.com\/projetscitoyens.francas71.org\/wp-content\/uploads\/2018\/07\/IMG_20180711_115432.jpg?fit=640%2C853\" tabindex=\"0\" role=\"button\" class=\"size-medium wp-image-2706 alignleft\" src=\"https:\/\/i0.wp.com\/www.francas71.org\/projetscitoyens\/wp-content\/uploads\/2018\/07\/IMG_20180711_115432-225x300.jpg?resize=225%2C300\" alt=\"\" width=\"225\" height=\"300\" srcset=\"https:\/\/i0.wp.com\/projetscitoyens.francas71.org\/wp-content\/uploads\/2018\/07\/IMG_20180711_115432.jpg?resize=225%2C300 225w, https:\/\/i0.wp.com\/projetscitoyens.francas71.org\/wp-content\/uploads\/2018\/07\/IMG_20180711_115432.jpg?resize=768%2C1024 768w, https:\/\/i0.wp.com\/projetscitoyens.francas71.org\/wp-content\/uploads\/2018\/07\/IMG_20180711_115432.jpg?resize=1024%2C1365 1024w, https:\/\/i0.wp.com\/projetscitoyens.francas71.org\/wp-content\/uploads\/2018\/07\/IMG_20180711_115432.jpg?w=1280 1280w, https:\/\/i0.wp.com\/projetscitoyens.francas71.org\/wp-content\/uploads\/2018\/07\/IMG_20180711_115432.jpg?w=1920 1920w\" sizes=\"(max-width: 225px) 100vw, 225px\" data-recalc-dims=\"1\" \/><\/a><a href=\"http:\/\/www.francas71.org\/projetscitoyens\/wp-content\/uploads\/2018\/07\/IMG_20180711_141139.jpg\"><br \/>\n<img loading=\"lazy\" decoding=\"async\" data-attachment-id=\"2707\" data-permalink=\"http:\/\/projetscitoyens.francas71.org\/?attachment_id=2707\" data-orig-file=\"https:\/\/i0.wp.com\/projetscitoyens.francas71.org\/wp-content\/uploads\/2018\/07\/IMG_20180711_141139.jpg?fit=4160%2C3120\" data-orig-size=\"4160,3120\" data-comments-opened=\"1\" data-image-meta=\"{&quot;aperture&quot;:&quot;2&quot;,&quot;credit&quot;:&quot;&quot;,&quot;camera&quot;:&quot;HARRY&quot;,&quot;caption&quot;:&quot;&quot;,&quot;created_timestamp&quot;:&quot;1531318299&quot;,&quot;copyright&quot;:&quot;&quot;,&quot;focal_length&quot;:&quot;3.5&quot;,&quot;iso&quot;:&quot;171&quot;,&quot;shutter_speed&quot;:&quot;0.029996&quot;,&quot;title&quot;:&quot;&quot;,&quot;orientation&quot;:&quot;1&quot;}\" data-image-title=\"IMG_20180711_141139\" data-image-description=\"\" data-image-caption=\"\" data-medium-file=\"https:\/\/i0.wp.com\/projetscitoyens.francas71.org\/wp-content\/uploads\/2018\/07\/IMG_20180711_141139.jpg?fit=300%2C225\" data-large-file=\"https:\/\/i0.wp.com\/projetscitoyens.francas71.org\/wp-content\/uploads\/2018\/07\/IMG_20180711_141139.jpg?fit=640%2C480\" tabindex=\"0\" role=\"button\" class=\"size-medium wp-image-2707 alignleft\" src=\"https:\/\/i0.wp.com\/www.francas71.org\/projetscitoyens\/wp-content\/uploads\/2018\/07\/IMG_20180711_141139-300x225.jpg?resize=300%2C225\" alt=\"\" width=\"300\" height=\"225\" srcset=\"https:\/\/i0.wp.com\/projetscitoyens.francas71.org\/wp-content\/uploads\/2018\/07\/IMG_20180711_141139.jpg?resize=300%2C225 300w, https:\/\/i0.wp.com\/projetscitoyens.francas71.org\/wp-content\/uploads\/2018\/07\/IMG_20180711_141139.jpg?resize=768%2C576 768w, https:\/\/i0.wp.com\/projetscitoyens.francas71.org\/wp-content\/uploads\/2018\/07\/IMG_20180711_141139.jpg?resize=1024%2C768 1024w, https:\/\/i0.wp.com\/projetscitoyens.francas71.org\/wp-content\/uploads\/2018\/07\/IMG_20180711_141139.jpg?w=1280 1280w, https:\/\/i0.wp.com\/projetscitoyens.francas71.org\/wp-content\/uploads\/2018\/07\/IMG_20180711_141139.jpg?w=1920 1920w\" sizes=\"(max-width: 300px) 100vw, 300px\" data-recalc-dims=\"1\" \/><\/a> <a href=\"https:\/\/i0.wp.com\/www.francas71.org\/projetscitoyens\/wp-content\/uploads\/2018\/07\/IMG_20180711_142203.jpg\" onclick=\"return TrackClick('http%3A%2F%2Fwww.francas71.org%2Fprojetscitoyens%2Fwp-content%2Fuploads%2F2018%2F07%2FIMG_20180711_142203.jpg','')\"><img loading=\"lazy\" decoding=\"async\" data-attachment-id=\"2708\" data-permalink=\"http:\/\/projetscitoyens.francas71.org\/?attachment_id=2708\" data-orig-file=\"https:\/\/i0.wp.com\/projetscitoyens.francas71.org\/wp-content\/uploads\/2018\/07\/IMG_20180711_142203.jpg?fit=3120%2C4160\" data-orig-size=\"3120,4160\" data-comments-opened=\"1\" data-image-meta=\"{&quot;aperture&quot;:&quot;2&quot;,&quot;credit&quot;:&quot;&quot;,&quot;camera&quot;:&quot;HARRY&quot;,&quot;caption&quot;:&quot;&quot;,&quot;created_timestamp&quot;:&quot;1531318923&quot;,&quot;copyright&quot;:&quot;&quot;,&quot;focal_length&quot;:&quot;3.5&quot;,&quot;iso&quot;:&quot;149&quot;,&quot;shutter_speed&quot;:&quot;0.020005&quot;,&quot;title&quot;:&quot;&quot;,&quot;orientation&quot;:&quot;1&quot;}\" data-image-title=\"IMG_20180711_142203\" data-image-description=\"\" data-image-caption=\"\" data-medium-file=\"https:\/\/i0.wp.com\/projetscitoyens.francas71.org\/wp-content\/uploads\/2018\/07\/IMG_20180711_142203.jpg?fit=225%2C300\" data-large-file=\"https:\/\/i0.wp.com\/projetscitoyens.francas71.org\/wp-content\/uploads\/2018\/07\/IMG_20180711_142203.jpg?fit=640%2C853\" tabindex=\"0\" role=\"button\" class=\"size-medium wp-image-2708 alignleft\" src=\"https:\/\/i0.wp.com\/www.francas71.org\/projetscitoyens\/wp-content\/uploads\/2018\/07\/IMG_20180711_142203-225x300.jpg?resize=225%2C300\" alt=\"\" width=\"225\" height=\"300\" srcset=\"https:\/\/i0.wp.com\/projetscitoyens.francas71.org\/wp-content\/uploads\/2018\/07\/IMG_20180711_142203.jpg?resize=225%2C300 225w, https:\/\/i0.wp.com\/projetscitoyens.francas71.org\/wp-content\/uploads\/2018\/07\/IMG_20180711_142203.jpg?resize=768%2C1024 768w, https:\/\/i0.wp.com\/projetscitoyens.francas71.org\/wp-content\/uploads\/2018\/07\/IMG_20180711_142203.jpg?resize=1024%2C1365 1024w, https:\/\/i0.wp.com\/projetscitoyens.francas71.org\/wp-content\/uploads\/2018\/07\/IMG_20180711_142203.jpg?w=1280 1280w, https:\/\/i0.wp.com\/projetscitoyens.francas71.org\/wp-content\/uploads\/2018\/07\/IMG_20180711_142203.jpg?w=1920 1920w\" sizes=\"(max-width: 225px) 100vw, 225px\" data-recalc-dims=\"1\" \/><\/a><\/p>\n<p>&nbsp;<\/p>\n<p>&nbsp;<\/p>\n<p>&nbsp;<\/p>\n<p>&nbsp;<\/p>\n<p>&nbsp;<\/p>\n<p>&nbsp;<\/p>\n<p>&nbsp;<\/p>\n<p>&nbsp;<\/p>\n<p>&nbsp;<\/p>\n<p>&nbsp;<\/p>\n<p>&nbsp;<\/p>\n<p>&nbsp;<\/p>\n<p>&nbsp;<\/p>\n<p>&nbsp;<\/p>\n<p>&nbsp;<\/p>\n<p>&nbsp;<\/p>\n<p>&nbsp;<\/p>\n<p>&nbsp;<\/p>\n<p>&nbsp;<\/p>\n<p><strong>Le 12 Juillet 2018 :<\/strong><\/p>\n<p>Ce jeudi-l\u00e0, nous nous sommes de nouveau \u00e9quip\u00e9s de nos gilets de sauvetage pour une nouvelle descente en cano\u00eb. A la diff\u00e9rence de mardi, les jeunes ou encore les animateurs ont aussi pu tester le paddle et le kayak.&nbsp;<\/p>\n<p><a href=\"https:\/\/i0.wp.com\/www.francas71.org\/projetscitoyens\/wp-content\/uploads\/2018\/07\/IMG_20180712_170045.jpg\" onclick=\"return TrackClick('http%3A%2F%2Fwww.francas71.org%2Fprojetscitoyens%2Fwp-content%2Fuploads%2F2018%2F07%2FIMG_20180712_170045.jpg','')\"><img loading=\"lazy\" decoding=\"async\" data-attachment-id=\"2711\" data-permalink=\"http:\/\/projetscitoyens.francas71.org\/?attachment_id=2711\" data-orig-file=\"https:\/\/i0.wp.com\/projetscitoyens.francas71.org\/wp-content\/uploads\/2018\/07\/IMG_20180712_170045.jpg?fit=3120%2C4160\" data-orig-size=\"3120,4160\" data-comments-opened=\"1\" data-image-meta=\"{&quot;aperture&quot;:&quot;2&quot;,&quot;credit&quot;:&quot;&quot;,&quot;camera&quot;:&quot;HARRY&quot;,&quot;caption&quot;:&quot;&quot;,&quot;created_timestamp&quot;:&quot;1531414845&quot;,&quot;copyright&quot;:&quot;&quot;,&quot;focal_length&quot;:&quot;3.5&quot;,&quot;iso&quot;:&quot;115&quot;,&quot;shutter_speed&quot;:&quot;0.00031&quot;,&quot;title&quot;:&quot;&quot;,&quot;orientation&quot;:&quot;1&quot;}\" data-image-title=\"IMG_20180712_170045\" data-image-description=\"\" data-image-caption=\"\" data-medium-file=\"https:\/\/i0.wp.com\/projetscitoyens.francas71.org\/wp-content\/uploads\/2018\/07\/IMG_20180712_170045.jpg?fit=225%2C300\" data-large-file=\"https:\/\/i0.wp.com\/projetscitoyens.francas71.org\/wp-content\/uploads\/2018\/07\/IMG_20180712_170045.jpg?fit=640%2C853\" tabindex=\"0\" role=\"button\" class=\"alignleft size-medium wp-image-2711\" src=\"https:\/\/i0.wp.com\/www.francas71.org\/projetscitoyens\/wp-content\/uploads\/2018\/07\/IMG_20180712_170045-225x300.jpg?resize=225%2C300\" alt=\"\" width=\"225\" height=\"300\" srcset=\"https:\/\/i0.wp.com\/projetscitoyens.francas71.org\/wp-content\/uploads\/2018\/07\/IMG_20180712_170045.jpg?resize=225%2C300 225w, https:\/\/i0.wp.com\/projetscitoyens.francas71.org\/wp-content\/uploads\/2018\/07\/IMG_20180712_170045.jpg?resize=768%2C1024 768w, https:\/\/i0.wp.com\/projetscitoyens.francas71.org\/wp-content\/uploads\/2018\/07\/IMG_20180712_170045.jpg?resize=1024%2C1365 1024w, https:\/\/i0.wp.com\/projetscitoyens.francas71.org\/wp-content\/uploads\/2018\/07\/IMG_20180712_170045.jpg?w=1280 1280w, https:\/\/i0.wp.com\/projetscitoyens.francas71.org\/wp-content\/uploads\/2018\/07\/IMG_20180712_170045.jpg?w=1920 1920w\" sizes=\"(max-width: 225px) 100vw, 225px\" data-recalc-dims=\"1\" \/><\/a> <a href=\"https:\/\/i0.wp.com\/www.francas71.org\/projetscitoyens\/wp-content\/uploads\/2018\/07\/IMG_20180712_170321.jpg\" onclick=\"return TrackClick('http%3A%2F%2Fwww.francas71.org%2Fprojetscitoyens%2Fwp-content%2Fuploads%2F2018%2F07%2FIMG_20180712_170321.jpg','')\"><img loading=\"lazy\" decoding=\"async\" data-attachment-id=\"2712\" data-permalink=\"http:\/\/projetscitoyens.francas71.org\/?attachment_id=2712\" data-orig-file=\"https:\/\/i0.wp.com\/projetscitoyens.francas71.org\/wp-content\/uploads\/2018\/07\/IMG_20180712_170321.jpg?fit=3120%2C4160\" data-orig-size=\"3120,4160\" data-comments-opened=\"1\" data-image-meta=\"{&quot;aperture&quot;:&quot;2&quot;,&quot;credit&quot;:&quot;&quot;,&quot;camera&quot;:&quot;HARRY&quot;,&quot;caption&quot;:&quot;&quot;,&quot;created_timestamp&quot;:&quot;1531415001&quot;,&quot;copyright&quot;:&quot;&quot;,&quot;focal_length&quot;:&quot;3.5&quot;,&quot;iso&quot;:&quot;119&quot;,&quot;shutter_speed&quot;:&quot;0.000392&quot;,&quot;title&quot;:&quot;&quot;,&quot;orientation&quot;:&quot;1&quot;}\" data-image-title=\"IMG_20180712_170321\" data-image-description=\"\" data-image-caption=\"\" data-medium-file=\"https:\/\/i0.wp.com\/projetscitoyens.francas71.org\/wp-content\/uploads\/2018\/07\/IMG_20180712_170321.jpg?fit=225%2C300\" data-large-file=\"https:\/\/i0.wp.com\/projetscitoyens.francas71.org\/wp-content\/uploads\/2018\/07\/IMG_20180712_170321.jpg?fit=640%2C853\" tabindex=\"0\" role=\"button\" class=\"size-medium wp-image-2712 alignleft\" src=\"https:\/\/i0.wp.com\/www.francas71.org\/projetscitoyens\/wp-content\/uploads\/2018\/07\/IMG_20180712_170321-225x300.jpg?resize=225%2C300\" alt=\"\" width=\"225\" height=\"300\" srcset=\"https:\/\/i0.wp.com\/projetscitoyens.francas71.org\/wp-content\/uploads\/2018\/07\/IMG_20180712_170321.jpg?resize=225%2C300 225w, https:\/\/i0.wp.com\/projetscitoyens.francas71.org\/wp-content\/uploads\/2018\/07\/IMG_20180712_170321.jpg?resize=768%2C1024 768w, https:\/\/i0.wp.com\/projetscitoyens.francas71.org\/wp-content\/uploads\/2018\/07\/IMG_20180712_170321.jpg?resize=1024%2C1365 1024w, https:\/\/i0.wp.com\/projetscitoyens.francas71.org\/wp-content\/uploads\/2018\/07\/IMG_20180712_170321.jpg?w=1280 1280w, https:\/\/i0.wp.com\/projetscitoyens.francas71.org\/wp-content\/uploads\/2018\/07\/IMG_20180712_170321.jpg?w=1920 1920w\" sizes=\"(max-width: 225px) 100vw, 225px\" data-recalc-dims=\"1\" \/><\/a><\/p>\n<p>&nbsp;<\/p>\n<p>&nbsp;<\/p>\n<p>&nbsp;<\/p>\n<p>&nbsp;<\/p>\n<p>&nbsp;<\/p>\n<p>&nbsp;<\/p>\n<p>&nbsp;<\/p>\n<p>&nbsp;<\/p>\n<p>&nbsp;<\/p>\n<p>&nbsp;<\/p>\n<p>&nbsp;<\/p>\n<p>&nbsp;<\/p>\n<p>Pour cette derni\u00e8re soir\u00e9e, les jeunes ont fait une gamelle dans le parc de Vendenesse. Et pour finir, ils nous ont demand\u00e9 s&rsquo;ils pouvaient dormir \u00e0 la belle \u00e9toile : ce que l&rsquo;\u00e9quipe a accept\u00e9 sans probl\u00e8me.&nbsp;<\/p>\n<p><a href=\"https:\/\/i0.wp.com\/www.francas71.org\/projetscitoyens\/wp-content\/uploads\/2018\/07\/IMG_20180712_223424.jpg\" onclick=\"return TrackClick('http%3A%2F%2Fwww.francas71.org%2Fprojetscitoyens%2Fwp-content%2Fuploads%2F2018%2F07%2FIMG_20180712_223424.jpg','')\"><img loading=\"lazy\" decoding=\"async\" data-attachment-id=\"2713\" data-permalink=\"http:\/\/projetscitoyens.francas71.org\/?attachment_id=2713\" data-orig-file=\"https:\/\/i0.wp.com\/projetscitoyens.francas71.org\/wp-content\/uploads\/2018\/07\/IMG_20180712_223424.jpg?fit=4160%2C3120\" data-orig-size=\"4160,3120\" data-comments-opened=\"1\" data-image-meta=\"{&quot;aperture&quot;:&quot;2&quot;,&quot;credit&quot;:&quot;&quot;,&quot;camera&quot;:&quot;HARRY&quot;,&quot;caption&quot;:&quot;&quot;,&quot;created_timestamp&quot;:&quot;1531434864&quot;,&quot;copyright&quot;:&quot;&quot;,&quot;focal_length&quot;:&quot;3.5&quot;,&quot;iso&quot;:&quot;2015&quot;,&quot;shutter_speed&quot;:&quot;0.070003&quot;,&quot;title&quot;:&quot;&quot;,&quot;orientation&quot;:&quot;1&quot;}\" data-image-title=\"IMG_20180712_223424\" data-image-description=\"\" data-image-caption=\"\" data-medium-file=\"https:\/\/i0.wp.com\/projetscitoyens.francas71.org\/wp-content\/uploads\/2018\/07\/IMG_20180712_223424.jpg?fit=300%2C225\" data-large-file=\"https:\/\/i0.wp.com\/projetscitoyens.francas71.org\/wp-content\/uploads\/2018\/07\/IMG_20180712_223424.jpg?fit=640%2C480\" tabindex=\"0\" role=\"button\" class=\"size-medium wp-image-2713 aligncenter\" src=\"https:\/\/i0.wp.com\/www.francas71.org\/projetscitoyens\/wp-content\/uploads\/2018\/07\/IMG_20180712_223424-300x225.jpg?resize=300%2C225\" alt=\"\" width=\"300\" height=\"225\" srcset=\"https:\/\/i0.wp.com\/projetscitoyens.francas71.org\/wp-content\/uploads\/2018\/07\/IMG_20180712_223424.jpg?resize=300%2C225 300w, https:\/\/i0.wp.com\/projetscitoyens.francas71.org\/wp-content\/uploads\/2018\/07\/IMG_20180712_223424.jpg?resize=768%2C576 768w, https:\/\/i0.wp.com\/projetscitoyens.francas71.org\/wp-content\/uploads\/2018\/07\/IMG_20180712_223424.jpg?resize=1024%2C768 1024w, https:\/\/i0.wp.com\/projetscitoyens.francas71.org\/wp-content\/uploads\/2018\/07\/IMG_20180712_223424.jpg?w=1280 1280w, https:\/\/i0.wp.com\/projetscitoyens.francas71.org\/wp-content\/uploads\/2018\/07\/IMG_20180712_223424.jpg?w=1920 1920w\" sizes=\"(max-width: 300px) 100vw, 300px\" data-recalc-dims=\"1\" \/><\/a>&nbsp;<\/p>\n<p><strong>Le 13 Juillet 2018 :<\/strong><\/p>\n<p>Voil\u00e0 le dernier \u00e9tait d\u00e9j\u00e0 arriv\u00e9. Apr\u00e8s un r\u00e9veil en musique, c&rsquo;\u00e9tait parti pour le rangement des valises, des tentes et m\u00e9nage final.&nbsp;<\/p>\n<p>Le repas du midi pass\u00e9, nous nous sommes r\u00e9unis pour pouvoir faire un bilan ensemble de la semaine. L&rsquo;\u00e9quipe et les enfants \u00e9taient contents. Certains d&rsquo;entre eux se voyaient d\u00e9j\u00e0 revenir l&rsquo;ann\u00e9e prochaine.<\/p>\n<p style=\"text-align: center;\"><strong>Nous avons pass\u00e9 une belle semaine avec des activit\u00e9s int\u00e9ressantes et un super soleil!<\/strong><\/p>\n<p>&nbsp;<\/p>\n<p><em>Merci \u00e0 Audrey et Pierre les deux animateurs, aux enfants pr\u00e9sents et aussi aux diff\u00e9rents intervenants (le club de cano\u00eb de Gueugnon, l&rsquo;accrobranche de Blanzy&#8230;)<\/em><\/p>\n","protected":false},"excerpt":{"rendered":"<p>Cette ann\u00e9e les Francas de Sa\u00f4ne-et-Loire ont d\u00e9cid\u00e9 de proposer un s\u00e9jour \u00e0 Vendenesse sur Arroux pour les 11-13 ans. Le 9 Juillet 2018 : L&rsquo;\u00e9quipe d&rsquo;encadrement (Morgane, Audrey et Pierre) accueille les 11 adolescents venant de l&rsquo;ensemble du d\u00e9partement. Apr\u00e8s avoir pique-niqu\u00e9 \u00e0 midi, nous sommes partis \u00e0 la piscine de Gueugnon afin de se rafra\u00eechir. Cet apr\u00e8s-midi a permis de commencer \u00e0 se conna\u00eetre et de cr\u00e9er une dynamique de groupe. Le soir, l&rsquo;\u00e9quipe a sollicit\u00e9 les enfants&#8230;<\/p>\n<p class=\"read-more\"><a class=\"btn btn-default\" href=\"http:\/\/projetscitoyens.francas71.org\/?p=2700\" onclick=\"return TrackClick('http%3A%2F%2Fprojetscitoyens.francas71.org%2F%3Fp%3D2700','Lire+la+suite+Lire+la+suite')\">Lire la suite<span class=\"screen-reader-text\"> Lire la suite<\/span><\/a><\/p>\n","protected":false},"author":1,"featured_media":2706,"comment_status":"open","ping_status":"open","sticky":false,"template":"","format":"standard","meta":{"jetpack_post_was_ever_published":false,"_jetpack_newsletter_access":"","_jetpack_dont_email_post_to_subs":false,"_jetpack_newsletter_tier_id":0,"_jetpack_memberships_contains_paywalled_content":false,"_jetpack_memberships_contains_paid_content":false,"footnotes":"","jetpack_publicize_message":"","jetpack_publicize_feature_enabled":true,"jetpack_social_post_already_shared":true,"jetpack_social_options":{"image_generator_settings":{"template":"highway","enabled":false},"version":2}},"categories":[120],"tags":[],"class_list":["post-2700","post","type-post","status-publish","format-standard","has-post-thumbnail","hentry","category-engagement-des-jeunes"],"jetpack_publicize_connections":[],"jetpack_featured_media_url":"https:\/\/i0.wp.com\/projetscitoyens.francas71.org\/wp-content\/uploads\/2018\/07\/IMG_20180711_115432.jpg?fit=3120%2C4160","jetpack_sharing_enabled":true,"jetpack_shortlink":"https:\/\/wp.me\/p6M0zG-Hy","jetpack-related-posts":[],"jetpack_likes_enabled":true,"_links":{"self":[{"href":"http:\/\/projetscitoyens.francas71.org\/index.php?rest_route=\/wp\/v2\/posts\/2700"}],"collection":[{"href":"http:\/\/projetscitoyens.francas71.org\/index.php?rest_route=\/wp\/v2\/posts"}],"about":[{"href":"http:\/\/projetscitoyens.francas71.org\/index.php?rest_route=\/wp\/v2\/types\/post"}],"author":[{"embeddable":true,"href":"http:\/\/projetscitoyens.francas71.org\/index.php?rest_route=\/wp\/v2\/users\/1"}],"replies":[{"embeddable":true,"href":"http:\/\/projetscitoyens.francas71.org\/index.php?rest_route=%2Fwp%2Fv2%2Fcomments&post=2700"}],"version-history":[{"count":12,"href":"http:\/\/projetscitoyens.francas71.org\/index.php?rest_route=\/wp\/v2\/posts\/2700\/revisions"}],"predecessor-version":[{"id":2721,"href":"http:\/\/projetscitoyens.francas71.org\/index.php?rest_route=\/wp\/v2\/posts\/2700\/revisions\/2721"}],"wp:featuredmedia":[{"embeddable":true,"href":"http:\/\/projetscitoyens.francas71.org\/index.php?rest_route=\/wp\/v2\/media\/2706"}],"wp:attachment":[{"href":"http:\/\/projetscitoyens.francas71.org\/index.php?rest_route=%2Fwp%2Fv2%2Fmedia&parent=2700"}],"wp:term":[{"taxonomy":"category","embeddable":true,"href":"http:\/\/projetscitoyens.francas71.org\/index.php?rest_route=%2Fwp%2Fv2%2Fcategories&post=2700"},{"taxonomy":"post_tag","embeddable":true,"href":"http:\/\/projetscitoyens.francas71.org\/index.php?rest_route=%2Fwp%2Fv2%2Ftags&post=2700"}],"curies":[{"name":"wp","href":"https:\/\/api.w.org\/{rel}","templated":true}]}}