{"id":274,"date":"2009-11-09T17:14:33","date_gmt":"2009-11-09T16:14:33","guid":{"rendered":"http:\/\/francas.loisirsdegrandir.org\/?p=274"},"modified":"2009-11-09T17:14:33","modified_gmt":"2009-11-09T16:14:33","slug":"dp-blanzy-ecole-primaire-rene-picard","status":"publish","type":"post","link":"http:\/\/projetscitoyens.francas71.org\/?p=274","title":{"rendered":"DP &#8211; Blanzy &#8211; \u00e9cole primaire Ren\u00e9 Picard"},"content":{"rendered":"<p style=\"text-align: center;\"><a class=\"shutterset_\" href=\"https:\/\/i0.wp.com\/francas.loisirsdegrandir.org\/wp-content\/gallery\/affiches_2009\/blanzy-ecole-primaire-picard-01-cat-03.jpg\" onclick=\"return TrackClick('http%3A%2F%2Ffrancas.loisirsdegrandir.org%2Fwp-content%2Fgallery%2Faffiches_2009%2Fblanzy-ecole-primaire-picard-01-cat-03.jpg','')\"><img decoding=\"async\" class=\"ngg-singlepic ngg-center\" src=\"https:\/\/i0.wp.com\/francas.loisirsdegrandir.org\/wp-content\/gallery\/affiches_2009\/thumbs\/thumbs_blanzy-ecole-primaire-picard-01-cat-03.jpg?w=640\" alt=\"blanzy-ecole-primaire-picard-01-cat-03\" data-recalc-dims=\"1\" \/><\/a><\/p>\n<p style=\"text-align: center;\"><strong><span style=\"color: #800000;\">Commune : Blanzy<\/span><\/strong><br \/>\nStructure : \u00e9cole primaire Ren\u00e9 Picard &#8211; classe de CM1<br \/>\nSlogan affiche : \u00abTes droits noir sur blanc, pour une vie en couleurs \u00bb<br \/>\nAuteurs de l\u2019affiche :<br \/>\nCat\u00e9gorie : 8 \u00e0 11 ans<\/p>\n<p><strong><img decoding=\"async\" title=\"Lire la suite\u2026\" src=\"..\/wp-includes\/js\/tinymce\/plugins\/wordpress\/img\/trans.gif\" alt=\"\" \/><!--more-->D\u00e9marche<br \/>\n<\/strong>La d\u00e9marche pr\u00e9c\u00e9dant la cr\u00e9ation des affiches a d&rsquo;abord \u00e9t\u00e9 commune \u00e0 toute la classe : lecture du document du concours, d\u00e9bat autour des 10 principaux droits et de leur mise en application chez nous et chez nos correspondants du Burkina Faso.<br \/>\nPour les slogans : inscription au tableau des mots-cl\u00e9s et recherche en groupe, puis am\u00e9lioration en groupe classe. Au final, d\u00e9termination de 3 slogans qui correspondront aux 3 affiches.<br \/>\nPour les \u00e9l\u00e9ments graphiques : recherche en groupe, croquis au brouillon et mise en commun. Puis d\u00e9termination d&rsquo;une ligne directrice pour chaque affiche.<br \/>\n\u00ab\u00a0jeu sur le noir et blanc et la couleur ; \u00e9crire les droits des enfants noir sur blanc leur permet de voir la vie en couleur. Le g\u00e2teau d&rsquo;anniversaire rappelle que le texte a 20 ans.\u00a0\u00bb<\/p>\n","protected":false},"excerpt":{"rendered":"<p>Commune : Blanzy Structure : \u00e9cole primaire Ren\u00e9 Picard &#8211; classe de CM1 Slogan affiche : \u00abTes droits noir sur blanc, pour une vie en couleurs \u00bb Auteurs de l\u2019affiche : Cat\u00e9gorie : 8 \u00e0 11 ans<\/p>\n","protected":false},"author":2,"featured_media":0,"comment_status":"open","ping_status":"open","sticky":false,"template":"","format":"standard","meta":{"jetpack_post_was_ever_published":false,"_jetpack_newsletter_access":"","_jetpack_dont_email_post_to_subs":false,"_jetpack_newsletter_tier_id":0,"_jetpack_memberships_contains_paywalled_content":false,"_jetpack_memberships_contains_paid_content":false,"footnotes":"","jetpack_publicize_message":"","jetpack_publicize_feature_enabled":true,"jetpack_social_post_already_shared":false,"jetpack_social_options":{"image_generator_settings":{"template":"highway","enabled":false},"version":2}},"categories":[4],"tags":[],"class_list":["post-274","post","type-post","status-publish","format-standard","hentry","category-ressources-pedagogiques"],"jetpack_publicize_connections":[],"jetpack_featured_media_url":"","jetpack_sharing_enabled":true,"jetpack_shortlink":"https:\/\/wp.me\/p6M0zG-4q","jetpack-related-posts":[],"jetpack_likes_enabled":true,"_links":{"self":[{"href":"http:\/\/projetscitoyens.francas71.org\/index.php?rest_route=\/wp\/v2\/posts\/274"}],"collection":[{"href":"http:\/\/projetscitoyens.francas71.org\/index.php?rest_route=\/wp\/v2\/posts"}],"about":[{"href":"http:\/\/projetscitoyens.francas71.org\/index.php?rest_route=\/wp\/v2\/types\/post"}],"author":[{"embeddable":true,"href":"http:\/\/projetscitoyens.francas71.org\/index.php?rest_route=\/wp\/v2\/users\/2"}],"replies":[{"embeddable":true,"href":"http:\/\/projetscitoyens.francas71.org\/index.php?rest_route=%2Fwp%2Fv2%2Fcomments&post=274"}],"version-history":[{"count":0,"href":"http:\/\/projetscitoyens.francas71.org\/index.php?rest_route=\/wp\/v2\/posts\/274\/revisions"}],"wp:attachment":[{"href":"http:\/\/projetscitoyens.francas71.org\/index.php?rest_route=%2Fwp%2Fv2%2Fmedia&parent=274"}],"wp:term":[{"taxonomy":"category","embeddable":true,"href":"http:\/\/projetscitoyens.francas71.org\/index.php?rest_route=%2Fwp%2Fv2%2Fcategories&post=274"},{"taxonomy":"post_tag","embeddable":true,"href":"http:\/\/projetscitoyens.francas71.org\/index.php?rest_route=%2Fwp%2Fv2%2Ftags&post=274"}],"curies":[{"name":"wp","href":"https:\/\/api.w.org\/{rel}","templated":true}]}}