{"id":2751,"date":"2018-08-15T09:53:06","date_gmt":"2018-08-15T08:53:06","guid":{"rendered":"http:\/\/www.francas71.org\/projetscitoyens\/?p=2751"},"modified":"2019-12-16T14:19:06","modified_gmt":"2019-12-16T13:19:06","slug":"flash-sur-au-cecl-a-vire","status":"publish","type":"post","link":"http:\/\/projetscitoyens.francas71.org\/?p=2751","title":{"rendered":"Flash sur &#8230; \/ Qui est ce qui ? Au CECL \u00e0 Vir\u00e9"},"content":{"rendered":"<div class=\"views-field views-field-title\">\n<h2 class=\"field-content\">Qui est ce qui ? Au CECL \u00e0 Vir\u00e9<\/h2>\n<\/div>\n<div class=\"views-field views-field-field-chronique\">\n<div class=\"field-content\">\n<h3>Un centre = une \u00e9tape du circuit de correspondance = une lettre collective<\/h3>\n<p>Les Francas 71 proposent cet \u00e9t\u00e9 2018 une action de d\u00e9couverte des acteurs du centre de loisirs. Sous forme d\u2019un \u00ab&nbsp;Qui est ce&nbsp;?&nbsp;\u00bb, les enfants comprendront le r\u00f4le des personnes en relation avec eux tout au long de la journ\u00e9e et celles qu\u2019ils ne voient pas afin d\u2019\u00eatre accueillis dans des conditions optimales.<\/p>\n<p>Pour d\u00e9couvrir la 5\u00e8me \u00e9tape au CECL \u00e0 Vir\u00e9 &#8230; <a href=\"http:\/\/www.centredeloisirseducatif.net\/node\/1884\" onclick=\"return TrackClick('http%3A%2F%2Fwww.centredeloisirseducatif.net%2Fnode%2F1884','http%3A%2F%2Fwww.centredeloisirseducatif.net%2Fnode%2F1884')\" target=\"_blank\" rel=\"noopener noreferrer\">http:\/\/www.centredeloisirseducatif.net\/node\/1884<\/a><\/p>\n<\/div>\n<\/div>\n","protected":false},"excerpt":{"rendered":"<p>Qui est ce qui ? Au CECL \u00e0 Vir\u00e9 Un centre = une \u00e9tape du circuit de correspondance = une lettre collective Les Francas 71 proposent cet \u00e9t\u00e9 2018 une action de d\u00e9couverte des acteurs du centre de loisirs. Sous forme d\u2019un \u00ab&nbsp;Qui est ce&nbsp;?&nbsp;\u00bb, les enfants comprendront le r\u00f4le des personnes en relation avec eux tout au long de la journ\u00e9e et celles qu\u2019ils ne voient pas afin d\u2019\u00eatre accueillis dans des conditions optimales. Pour d\u00e9couvrir la 5\u00e8me \u00e9tape&#8230;<\/p>\n<p class=\"read-more\"><a class=\"btn btn-default\" href=\"http:\/\/projetscitoyens.francas71.org\/?p=2751\" onclick=\"return TrackClick('http%3A%2F%2Fprojetscitoyens.francas71.org%2F%3Fp%3D2751','Lire+la+suite+Lire+la+suite')\">Lire la suite<span class=\"screen-reader-text\"> Lire la suite<\/span><\/a><\/p>\n","protected":false},"author":1,"featured_media":2724,"comment_status":"open","ping_status":"open","sticky":false,"template":"","format":"standard","meta":{"jetpack_post_was_ever_published":false,"_jetpack_newsletter_access":"","_jetpack_dont_email_post_to_subs":false,"_jetpack_newsletter_tier_id":0,"_jetpack_memberships_contains_paywalled_content":false,"_jetpack_memberships_contains_paid_content":false,"footnotes":"","jetpack_publicize_message":"","jetpack_publicize_feature_enabled":true,"jetpack_social_post_already_shared":true,"jetpack_social_options":{"image_generator_settings":{"template":"highway","enabled":false},"version":2}},"categories":[235,236],"tags":[19,53,222,192,223],"class_list":["post-2751","post","type-post","status-publish","format-standard","has-post-thumbnail","hentry","category-animation-du-reseau-de-professionnel","category-lete-ca-nous-anime-2018","tag-animateurs","tag-enfants","tag-ete","tag-expression","tag-reseau"],"jetpack_publicize_connections":[],"jetpack_featured_media_url":"https:\/\/i0.wp.com\/projetscitoyens.francas71.org\/wp-content\/uploads\/2018\/07\/titre-qui-est-ce.jpg?fit=3000%2C1220","jetpack_sharing_enabled":true,"jetpack_shortlink":"https:\/\/wp.me\/p6M0zG-In","jetpack-related-posts":[],"jetpack_likes_enabled":true,"_links":{"self":[{"href":"http:\/\/projetscitoyens.francas71.org\/index.php?rest_route=\/wp\/v2\/posts\/2751"}],"collection":[{"href":"http:\/\/projetscitoyens.francas71.org\/index.php?rest_route=\/wp\/v2\/posts"}],"about":[{"href":"http:\/\/projetscitoyens.francas71.org\/index.php?rest_route=\/wp\/v2\/types\/post"}],"author":[{"embeddable":true,"href":"http:\/\/projetscitoyens.francas71.org\/index.php?rest_route=\/wp\/v2\/users\/1"}],"replies":[{"embeddable":true,"href":"http:\/\/projetscitoyens.francas71.org\/index.php?rest_route=%2Fwp%2Fv2%2Fcomments&post=2751"}],"version-history":[{"count":5,"href":"http:\/\/projetscitoyens.francas71.org\/index.php?rest_route=\/wp\/v2\/posts\/2751\/revisions"}],"predecessor-version":[{"id":2936,"href":"http:\/\/projetscitoyens.francas71.org\/index.php?rest_route=\/wp\/v2\/posts\/2751\/revisions\/2936"}],"wp:featuredmedia":[{"embeddable":true,"href":"http:\/\/projetscitoyens.francas71.org\/index.php?rest_route=\/wp\/v2\/media\/2724"}],"wp:attachment":[{"href":"http:\/\/projetscitoyens.francas71.org\/index.php?rest_route=%2Fwp%2Fv2%2Fmedia&parent=2751"}],"wp:term":[{"taxonomy":"category","embeddable":true,"href":"http:\/\/projetscitoyens.francas71.org\/index.php?rest_route=%2Fwp%2Fv2%2Fcategories&post=2751"},{"taxonomy":"post_tag","embeddable":true,"href":"http:\/\/projetscitoyens.francas71.org\/index.php?rest_route=%2Fwp%2Fv2%2Ftags&post=2751"}],"curies":[{"name":"wp","href":"https:\/\/api.w.org\/{rel}","templated":true}]}}