{"id":2770,"date":"2018-11-27T12:00:25","date_gmt":"2018-11-27T11:00:25","guid":{"rendered":"http:\/\/www.francas71.org\/projetscitoyens\/?p=2770"},"modified":"2019-12-16T14:18:20","modified_gmt":"2019-12-16T13:18:20","slug":"monde-denfants-le-village-des-droits-de-lenfant","status":"publish","type":"post","link":"http:\/\/projetscitoyens.francas71.org\/?p=2770","title":{"rendered":"MONDE D&rsquo;ENFANTS : Le Village des Droits de l&rsquo;Enfant"},"content":{"rendered":"<p style=\"text-align: center;\">Le Village des Droits de l&rsquo;Enfant a eu lieu les 20 et 21 novembre dernier, dans la salle des Griottons \u00e0 CLUNY. Ces deux jours ont permis d&rsquo;accueillir plus de 200 enfants (scolaires et centre de loisirs). Ils ont pu d\u00e9couvrir la Convention Internationale des Droits de l&rsquo;Enfant par le biais d&rsquo;ateliers.<\/p>\n<p style=\"text-align: center;\">Nous tenons \u00e0 remercier les diff\u00e9rents partenaires nous ont aid\u00e9s \u00e0 pr\u00e9parer cet \u00e9v\u00e8nement : la Mairie de Cluny, Foyer de l&rsquo;Enfance de M\u00e2con, l&rsquo;EREA de Charnay-les-M\u00e2con, l&rsquo;UNICEF, Centre Social de Cluny, L&rsquo;ESCALE de St R\u00e9my, le planning familial de Chalon-sur-Sa\u00f4ne, l&rsquo;IREPS 71, ABISE \u00e0 Semur-en-Brionnais, Saint Vallier&#8230;.<\/p>\n<p style=\"text-align: center;\">Nous remercions \u00e9galement l&rsquo;ensemble des structures participantes pour avoir fait le d\u00e9placement : l&rsquo;\u00c9cole du ROUSSET, les coll\u00e8ges de CLUNY et LUGNY, les centres de loisirs de MATOUR, BLANZY, et la CHAPELLE DE GUINCHAY.<\/p>\n<p style=\"text-align: center;\"><em>A l&rsquo;ann\u00e9e prochaine !<\/em><\/p>\n<p style=\"text-align: center;\"><a href=\"https:\/\/i0.wp.com\/www.francas71.org\/projetscitoyens\/wp-content\/uploads\/2018\/11\/IMG_20181121_1020561.jpg\" onclick=\"return TrackClick('http%3A%2F%2Fwww.francas71.org%2Fprojetscitoyens%2Fwp-content%2Fuploads%2F2018%2F11%2FIMG_20181121_1020561.jpg','')\"><img loading=\"lazy\" decoding=\"async\" data-attachment-id=\"2769\" data-permalink=\"http:\/\/projetscitoyens.francas71.org\/?attachment_id=2769\" data-orig-file=\"https:\/\/i0.wp.com\/projetscitoyens.francas71.org\/wp-content\/uploads\/2018\/11\/IMG_20181121_1020561.jpg?fit=4160%2C3120\" data-orig-size=\"4160,3120\" data-comments-opened=\"1\" data-image-meta=\"{&quot;aperture&quot;:&quot;2&quot;,&quot;credit&quot;:&quot;&quot;,&quot;camera&quot;:&quot;HARRY&quot;,&quot;caption&quot;:&quot;&quot;,&quot;created_timestamp&quot;:&quot;1542795656&quot;,&quot;copyright&quot;:&quot;&quot;,&quot;focal_length&quot;:&quot;3.5&quot;,&quot;iso&quot;:&quot;440&quot;,&quot;shutter_speed&quot;:&quot;0.039997&quot;,&quot;title&quot;:&quot;&quot;,&quot;orientation&quot;:&quot;1&quot;}\" data-image-title=\"IMG_20181121_102056[1]\" data-image-description=\"\" data-image-caption=\"\" data-medium-file=\"https:\/\/i0.wp.com\/projetscitoyens.francas71.org\/wp-content\/uploads\/2018\/11\/IMG_20181121_1020561.jpg?fit=300%2C225\" data-large-file=\"https:\/\/i0.wp.com\/projetscitoyens.francas71.org\/wp-content\/uploads\/2018\/11\/IMG_20181121_1020561.jpg?fit=640%2C480\" tabindex=\"0\" role=\"button\" class=\"size-medium wp-image-2769 aligncenter\" src=\"https:\/\/i0.wp.com\/www.francas71.org\/projetscitoyens\/wp-content\/uploads\/2018\/11\/IMG_20181121_1020561-300x225.jpg?resize=300%2C225\" alt=\"\" width=\"300\" height=\"225\" srcset=\"https:\/\/i0.wp.com\/projetscitoyens.francas71.org\/wp-content\/uploads\/2018\/11\/IMG_20181121_1020561.jpg?resize=300%2C225 300w, https:\/\/i0.wp.com\/projetscitoyens.francas71.org\/wp-content\/uploads\/2018\/11\/IMG_20181121_1020561.jpg?resize=768%2C576 768w, https:\/\/i0.wp.com\/projetscitoyens.francas71.org\/wp-content\/uploads\/2018\/11\/IMG_20181121_1020561.jpg?resize=1024%2C768 1024w, https:\/\/i0.wp.com\/projetscitoyens.francas71.org\/wp-content\/uploads\/2018\/11\/IMG_20181121_1020561.jpg?w=1280 1280w, https:\/\/i0.wp.com\/projetscitoyens.francas71.org\/wp-content\/uploads\/2018\/11\/IMG_20181121_1020561.jpg?w=1920 1920w\" sizes=\"(max-width: 300px) 100vw, 300px\" data-recalc-dims=\"1\" \/><\/a> <a href=\"https:\/\/i0.wp.com\/www.francas71.org\/projetscitoyens\/wp-content\/uploads\/2018\/11\/IMG_4686.jpg\" onclick=\"return TrackClick('http%3A%2F%2Fwww.francas71.org%2Fprojetscitoyens%2Fwp-content%2Fuploads%2F2018%2F11%2FIMG_4686.jpg','')\"><img loading=\"lazy\" decoding=\"async\" data-attachment-id=\"2767\" data-permalink=\"http:\/\/projetscitoyens.francas71.org\/?attachment_id=2767\" data-orig-file=\"https:\/\/i0.wp.com\/projetscitoyens.francas71.org\/wp-content\/uploads\/2018\/11\/IMG_4686.jpg?fit=4032%2C3024\" data-orig-size=\"4032,3024\" data-comments-opened=\"1\" data-image-meta=\"{&quot;aperture&quot;:&quot;2.2&quot;,&quot;credit&quot;:&quot;&quot;,&quot;camera&quot;:&quot;iPhone 6s&quot;,&quot;caption&quot;:&quot;&quot;,&quot;created_timestamp&quot;:&quot;1542811717&quot;,&quot;copyright&quot;:&quot;&quot;,&quot;focal_length&quot;:&quot;4.15&quot;,&quot;iso&quot;:&quot;200&quot;,&quot;shutter_speed&quot;:&quot;0.03030303030303&quot;,&quot;title&quot;:&quot;&quot;,&quot;orientation&quot;:&quot;1&quot;}\" data-image-title=\"IMG_4686\" data-image-description=\"\" data-image-caption=\"\" data-medium-file=\"https:\/\/i0.wp.com\/projetscitoyens.francas71.org\/wp-content\/uploads\/2018\/11\/IMG_4686.jpg?fit=300%2C225\" data-large-file=\"https:\/\/i0.wp.com\/projetscitoyens.francas71.org\/wp-content\/uploads\/2018\/11\/IMG_4686.jpg?fit=640%2C480\" tabindex=\"0\" role=\"button\" class=\" wp-image-2767 aligncenter\" src=\"https:\/\/i0.wp.com\/www.francas71.org\/projetscitoyens\/wp-content\/uploads\/2018\/11\/IMG_4686-300x225.jpg?resize=336%2C252\" alt=\"\" width=\"336\" height=\"252\" srcset=\"https:\/\/i0.wp.com\/projetscitoyens.francas71.org\/wp-content\/uploads\/2018\/11\/IMG_4686.jpg?resize=300%2C225 300w, https:\/\/i0.wp.com\/projetscitoyens.francas71.org\/wp-content\/uploads\/2018\/11\/IMG_4686.jpg?resize=768%2C576 768w, https:\/\/i0.wp.com\/projetscitoyens.francas71.org\/wp-content\/uploads\/2018\/11\/IMG_4686.jpg?resize=1024%2C768 1024w, https:\/\/i0.wp.com\/projetscitoyens.francas71.org\/wp-content\/uploads\/2018\/11\/IMG_4686.jpg?w=1280 1280w, https:\/\/i0.wp.com\/projetscitoyens.francas71.org\/wp-content\/uploads\/2018\/11\/IMG_4686.jpg?w=1920 1920w\" sizes=\"(max-width: 336px) 100vw, 336px\" data-recalc-dims=\"1\" \/><\/a><\/p>\n","protected":false},"excerpt":{"rendered":"<p>Le Village des Droits de l&rsquo;Enfant a eu lieu les 20 et 21 novembre dernier, dans la salle des Griottons \u00e0 CLUNY. Ces deux jours ont permis d&rsquo;accueillir plus de 200 enfants (scolaires et centre de loisirs). Ils ont pu d\u00e9couvrir la Convention Internationale des Droits de l&rsquo;Enfant par le biais d&rsquo;ateliers. Nous tenons \u00e0 remercier les diff\u00e9rents partenaires nous ont aid\u00e9s \u00e0 pr\u00e9parer cet \u00e9v\u00e8nement : la Mairie de Cluny, Foyer de l&rsquo;Enfance de M\u00e2con, l&rsquo;EREA de Charnay-les-M\u00e2con, l&rsquo;UNICEF,&#8230;<\/p>\n<p class=\"read-more\"><a class=\"btn btn-default\" href=\"http:\/\/projetscitoyens.francas71.org\/?p=2770\" onclick=\"return TrackClick('http%3A%2F%2Fprojetscitoyens.francas71.org%2F%3Fp%3D2770','Lire+la+suite+Lire+la+suite')\">Lire la suite<span class=\"screen-reader-text\"> Lire la suite<\/span><\/a><\/p>\n","protected":false},"author":1,"featured_media":2768,"comment_status":"open","ping_status":"open","sticky":false,"template":"","format":"standard","meta":{"jetpack_post_was_ever_published":false,"_jetpack_newsletter_access":"","_jetpack_dont_email_post_to_subs":false,"_jetpack_newsletter_tier_id":0,"_jetpack_memberships_contains_paywalled_content":false,"_jetpack_memberships_contains_paid_content":false,"footnotes":"","jetpack_publicize_message":"","jetpack_publicize_feature_enabled":true,"jetpack_social_post_already_shared":true,"jetpack_social_options":{"image_generator_settings":{"template":"highway","enabled":false},"version":2}},"categories":[119,229],"tags":[],"class_list":["post-2770","post","type-post","status-publish","format-standard","has-post-thumbnail","hentry","category-agis-pour-tes-droits-2","category-2018-les-droits-de-lenfant"],"jetpack_publicize_connections":[],"jetpack_featured_media_url":"https:\/\/i0.wp.com\/projetscitoyens.francas71.org\/wp-content\/uploads\/2018\/11\/IMG_4687.jpg?fit=4032%2C3024","jetpack_sharing_enabled":true,"jetpack_shortlink":"https:\/\/wp.me\/p6M0zG-IG","jetpack-related-posts":[],"jetpack_likes_enabled":true,"_links":{"self":[{"href":"http:\/\/projetscitoyens.francas71.org\/index.php?rest_route=\/wp\/v2\/posts\/2770"}],"collection":[{"href":"http:\/\/projetscitoyens.francas71.org\/index.php?rest_route=\/wp\/v2\/posts"}],"about":[{"href":"http:\/\/projetscitoyens.francas71.org\/index.php?rest_route=\/wp\/v2\/types\/post"}],"author":[{"embeddable":true,"href":"http:\/\/projetscitoyens.francas71.org\/index.php?rest_route=\/wp\/v2\/users\/1"}],"replies":[{"embeddable":true,"href":"http:\/\/projetscitoyens.francas71.org\/index.php?rest_route=%2Fwp%2Fv2%2Fcomments&post=2770"}],"version-history":[{"count":1,"href":"http:\/\/projetscitoyens.francas71.org\/index.php?rest_route=\/wp\/v2\/posts\/2770\/revisions"}],"predecessor-version":[{"id":2771,"href":"http:\/\/projetscitoyens.francas71.org\/index.php?rest_route=\/wp\/v2\/posts\/2770\/revisions\/2771"}],"wp:featuredmedia":[{"embeddable":true,"href":"http:\/\/projetscitoyens.francas71.org\/index.php?rest_route=\/wp\/v2\/media\/2768"}],"wp:attachment":[{"href":"http:\/\/projetscitoyens.francas71.org\/index.php?rest_route=%2Fwp%2Fv2%2Fmedia&parent=2770"}],"wp:term":[{"taxonomy":"category","embeddable":true,"href":"http:\/\/projetscitoyens.francas71.org\/index.php?rest_route=%2Fwp%2Fv2%2Fcategories&post=2770"},{"taxonomy":"post_tag","embeddable":true,"href":"http:\/\/projetscitoyens.francas71.org\/index.php?rest_route=%2Fwp%2Fv2%2Ftags&post=2770"}],"curies":[{"name":"wp","href":"https:\/\/api.w.org\/{rel}","templated":true}]}}