{"id":2774,"date":"2018-12-13T14:19:05","date_gmt":"2018-12-13T13:19:05","guid":{"rendered":"http:\/\/www.francas71.org\/projetscitoyens\/?p=2774"},"modified":"2019-12-09T16:10:56","modified_gmt":"2019-12-09T15:10:56","slug":"adoctualite-projet-radio-dans-le-cadre-de-leur-epi-au-college-de-montchanin","status":"publish","type":"post","link":"http:\/\/projetscitoyens.francas71.org\/?p=2774","title":{"rendered":"ADO&rsquo;CTUALIT\u00c9 &#8211; Projet Radio dans le cadre de leur EPI au coll\u00e8ge de Montchanin"},"content":{"rendered":"<p><a href=\"https:\/\/i0.wp.com\/www.francas71.org\/projetscitoyens\/wp-content\/uploads\/2017\/07\/bafa02-.jpg\" onclick=\"return TrackClick('http%3A%2F%2Fwww.francas71.org%2Fprojetscitoyens%2Fwp-content%2Fuploads%2F2017%2F07%2Fbafa02-.jpg','')\"><img loading=\"lazy\" decoding=\"async\" data-attachment-id=\"2392\" data-permalink=\"http:\/\/projetscitoyens.francas71.org\/?attachment_id=2392\" data-orig-file=\"https:\/\/i0.wp.com\/projetscitoyens.francas71.org\/wp-content\/uploads\/2017\/07\/bafa02-.jpg?fit=1280%2C960\" data-orig-size=\"1280,960\" data-comments-opened=\"1\" data-image-meta=\"{&quot;aperture&quot;:&quot;0&quot;,&quot;credit&quot;:&quot;&quot;,&quot;camera&quot;:&quot;&quot;,&quot;caption&quot;:&quot;&quot;,&quot;created_timestamp&quot;:&quot;0&quot;,&quot;copyright&quot;:&quot;&quot;,&quot;focal_length&quot;:&quot;0&quot;,&quot;iso&quot;:&quot;0&quot;,&quot;shutter_speed&quot;:&quot;0&quot;,&quot;title&quot;:&quot;&quot;,&quot;orientation&quot;:&quot;0&quot;}\" data-image-title=\"bafa02\" data-image-description=\"\" data-image-caption=\"\" data-medium-file=\"https:\/\/i0.wp.com\/projetscitoyens.francas71.org\/wp-content\/uploads\/2017\/07\/bafa02-.jpg?fit=300%2C225\" data-large-file=\"https:\/\/i0.wp.com\/projetscitoyens.francas71.org\/wp-content\/uploads\/2017\/07\/bafa02-.jpg?fit=640%2C480\" tabindex=\"0\" role=\"button\" class=\"size-medium wp-image-2392 aligncenter\" src=\"https:\/\/i0.wp.com\/www.francas71.org\/projetscitoyens\/wp-content\/uploads\/2017\/07\/bafa02--300x225.jpg?resize=300%2C225\" alt=\"\" width=\"300\" height=\"225\" srcset=\"https:\/\/i0.wp.com\/projetscitoyens.francas71.org\/wp-content\/uploads\/2017\/07\/bafa02-.jpg?resize=300%2C225 300w, https:\/\/i0.wp.com\/projetscitoyens.francas71.org\/wp-content\/uploads\/2017\/07\/bafa02-.jpg?resize=768%2C576 768w, https:\/\/i0.wp.com\/projetscitoyens.francas71.org\/wp-content\/uploads\/2017\/07\/bafa02-.jpg?resize=1024%2C768 1024w, https:\/\/i0.wp.com\/projetscitoyens.francas71.org\/wp-content\/uploads\/2017\/07\/bafa02-.jpg?w=1280 1280w\" sizes=\"(max-width: 300px) 100vw, 300px\" data-recalc-dims=\"1\" \/><\/a><\/p>\n<p>De novembre \u00e0 d\u00e9cembre 2018, les Francas ont accompagn\u00e9 quatre classes de 3\u00e8me du coll\u00e8ge Anne Frank \u00e0 Montchanin en Sa\u00f4ne et Loire sur leur projet d&rsquo;EPI (Enseignements Pratiques Interdisciplinaires) sur le th\u00e8me de la premi\u00e8re guerre mondiale.<\/p>\n<p>Durant la premi\u00e8re s\u00e9ance, les \u00e9l\u00e8ves ont d\u00e9couvert le mat\u00e9riel radio et ils ont fait leur premier essai radio par groupe de six. L&rsquo;animatrice des Francas les a interrog\u00e9 sur leur sortie \u00e0 Verdun (extraits ci-dessous) pendant que le reste de la classe faisait des mots crois\u00e9s sur les diff\u00e9rents termes que l&rsquo;on utilise \u00e0 la radio.<\/p>\n<p>Classe des 3\u00e8me1<\/p>\n<!--[if lt IE 9]><script>document.createElement('audio');<\/script><![endif]-->\n<audio class=\"wp-audio-shortcode\" id=\"audio-2774-1\" preload=\"none\" style=\"width: 100%;\" controls=\"controls\"><source type=\"audio\/mpeg\" src=\"http:\/\/www.francas71.org\/projetscitoyens\/wp-content\/uploads\/2018\/12\/\u00c9mission-test-3e1.mp3?_=1\" \/><a href=\"http:\/\/www.francas71.org\/projetscitoyens\/wp-content\/uploads\/2018\/12\/\u00c9mission-test-3e1.mp3\">http:\/\/www.francas71.org\/projetscitoyens\/wp-content\/uploads\/2018\/12\/\u00c9mission-test-3e1.mp3<\/a><\/audio>\n<p>Classe des 3\u00e8me2<\/p>\n<audio class=\"wp-audio-shortcode\" id=\"audio-2774-2\" preload=\"none\" style=\"width: 100%;\" controls=\"controls\"><source type=\"audio\/mpeg\" src=\"http:\/\/www.francas71.org\/projetscitoyens\/wp-content\/uploads\/2018\/12\/\u00c9mission-test-3e2.mp3?_=2\" \/><a href=\"http:\/\/www.francas71.org\/projetscitoyens\/wp-content\/uploads\/2018\/12\/\u00c9mission-test-3e2.mp3\">http:\/\/www.francas71.org\/projetscitoyens\/wp-content\/uploads\/2018\/12\/\u00c9mission-test-3e2.mp3<\/a><\/audio>\n<p>Classe des 3\u00e8me3<\/p>\n<audio class=\"wp-audio-shortcode\" id=\"audio-2774-3\" preload=\"none\" style=\"width: 100%;\" controls=\"controls\"><source type=\"audio\/mpeg\" src=\"http:\/\/www.francas71.org\/projetscitoyens\/wp-content\/uploads\/2018\/12\/\u00c9mission-test-3e3.mp3?_=3\" \/><a href=\"http:\/\/www.francas71.org\/projetscitoyens\/wp-content\/uploads\/2018\/12\/\u00c9mission-test-3e3.mp3\">http:\/\/www.francas71.org\/projetscitoyens\/wp-content\/uploads\/2018\/12\/\u00c9mission-test-3e3.mp3<\/a><\/audio>\n<p>Classe des 3\u00e8me4<\/p>\n<audio class=\"wp-audio-shortcode\" id=\"audio-2774-4\" preload=\"none\" style=\"width: 100%;\" controls=\"controls\"><source type=\"audio\/mpeg\" src=\"http:\/\/www.francas71.org\/projetscitoyens\/wp-content\/uploads\/2018\/12\/\u00c9mission-test-3e4.mp3?_=4\" \/><a href=\"http:\/\/www.francas71.org\/projetscitoyens\/wp-content\/uploads\/2018\/12\/\u00c9mission-test-3e4.mp3\">http:\/\/www.francas71.org\/projetscitoyens\/wp-content\/uploads\/2018\/12\/\u00c9mission-test-3e4.mp3<\/a><\/audio>\n<p>&nbsp;<\/p>\n<p>Ensuite, les \u00e9l\u00e8ves devaient travailler sur le sujet choisi par bin\u00f4me ou par trin\u00f4me, avec les professeurs pour faire un enregistrement d&rsquo;essai \u00e0 la radio \u00e0 la prochaine s\u00e9ance avec le travail fourni. Nous les conseillions, \u00e0 ce moment-l\u00e0, sur des formulations, la coh\u00e9rence de leur texte, le contenu&#8230; Ils avaient encore du temps avant l\u2019enregistrement final, pour prendre en compte nos conseils et retravailler leur texte.<\/p>\n<p>La derni\u00e8re s\u00e9ance, qui se d\u00e9roula le 11 d\u00e9cembre 2018, \u00e9tait donc l&rsquo;enregistrement final, la salle \u00e9tait dispos\u00e9e de sorte \u00e0 ce que les \u00e9l\u00e8ves soient spectateurs du groupe qui passait en enregistrement, tout s&rsquo;est bien d\u00e9roul\u00e9. Nous avons m\u00eame eu deux classes sur les quatre qui ont souhait\u00e9 enregistrer une chanson qu&rsquo;ils ont \u00e9tudi\u00e9 en cours de musique.<\/p>\n<p>&nbsp;<\/p>\n<p>L&rsquo;int\u00e9gralit\u00e9 des \u00e9missions de la classe des 3\u00e8me1:<\/p>\n<audio class=\"wp-audio-shortcode\" id=\"audio-2774-5\" preload=\"none\" style=\"width: 100%;\" controls=\"controls\"><source type=\"audio\/mpeg\" src=\"http:\/\/www.francas71.org\/projetscitoyens\/wp-content\/uploads\/2018\/12\/Int\u00e9gralit\u00e9-des-\u00e9missions-3e1.mp3?_=5\" \/><a href=\"http:\/\/www.francas71.org\/projetscitoyens\/wp-content\/uploads\/2018\/12\/Int\u00e9gralit\u00e9-des-\u00e9missions-3e1.mp3\">http:\/\/www.francas71.org\/projetscitoyens\/wp-content\/uploads\/2018\/12\/Int\u00e9gralit\u00e9-des-\u00e9missions-3e1.mp3<\/a><\/audio>\n<p>&nbsp;<\/p>\n<p>L&rsquo;int\u00e9gralit\u00e9 des \u00e9missions de la classe des 3\u00e8me2:<\/p>\n<audio class=\"wp-audio-shortcode\" id=\"audio-2774-6\" preload=\"none\" style=\"width: 100%;\" controls=\"controls\"><source type=\"audio\/mpeg\" src=\"http:\/\/www.francas71.org\/projetscitoyens\/wp-content\/uploads\/2018\/12\/Int\u00e9gralit\u00e9-des-\u00e9missions-3e2.mp3?_=6\" \/><a href=\"http:\/\/www.francas71.org\/projetscitoyens\/wp-content\/uploads\/2018\/12\/Int\u00e9gralit\u00e9-des-\u00e9missions-3e2.mp3\">http:\/\/www.francas71.org\/projetscitoyens\/wp-content\/uploads\/2018\/12\/Int\u00e9gralit\u00e9-des-\u00e9missions-3e2.mp3<\/a><\/audio>\n<p>&nbsp;<\/p>\n<p>L&rsquo;int\u00e9gralit\u00e9 des \u00e9missions de la classe des 3\u00e8me3:<\/p>\n<audio class=\"wp-audio-shortcode\" id=\"audio-2774-7\" preload=\"none\" style=\"width: 100%;\" controls=\"controls\"><source type=\"audio\/mpeg\" src=\"http:\/\/www.francas71.org\/projetscitoyens\/wp-content\/uploads\/2018\/12\/Int\u00e9gralit\u00e9-des-\u00e9missions-3e3.mp3?_=7\" \/><a href=\"http:\/\/www.francas71.org\/projetscitoyens\/wp-content\/uploads\/2018\/12\/Int\u00e9gralit\u00e9-des-\u00e9missions-3e3.mp3\">http:\/\/www.francas71.org\/projetscitoyens\/wp-content\/uploads\/2018\/12\/Int\u00e9gralit\u00e9-des-\u00e9missions-3e3.mp3<\/a><\/audio>\n<p>&nbsp;<\/p>\n<p>L&rsquo;int\u00e9gralit\u00e9 des \u00e9missions de la classe des 3\u00e8me4:<\/p>\n<audio class=\"wp-audio-shortcode\" id=\"audio-2774-8\" preload=\"none\" style=\"width: 100%;\" controls=\"controls\"><source type=\"audio\/mpeg\" src=\"http:\/\/www.francas71.org\/projetscitoyens\/wp-content\/uploads\/2018\/12\/Ensemble-des-\u00e9missions-3e4.mp3?_=8\" \/><a href=\"http:\/\/www.francas71.org\/projetscitoyens\/wp-content\/uploads\/2018\/12\/Ensemble-des-\u00e9missions-3e4.mp3\">http:\/\/www.francas71.org\/projetscitoyens\/wp-content\/uploads\/2018\/12\/Ensemble-des-\u00e9missions-3e4.mp3<\/a><\/audio>\n<p>&nbsp;<\/p>\n<p>&nbsp;<\/p>\n<p style=\"text-align: center;\"><em>Les photos sont \u00e0 venir dans les prochaines semaines.<\/em><\/p>\n","protected":false},"excerpt":{"rendered":"<p>De novembre \u00e0 d\u00e9cembre 2018, les Francas ont accompagn\u00e9 quatre classes de 3\u00e8me du coll\u00e8ge Anne Frank \u00e0 Montchanin en Sa\u00f4ne et Loire sur leur projet d&rsquo;EPI (Enseignements Pratiques Interdisciplinaires) sur le th\u00e8me de la premi\u00e8re guerre mondiale. Durant la premi\u00e8re s\u00e9ance, les \u00e9l\u00e8ves ont d\u00e9couvert le mat\u00e9riel radio et ils ont fait leur premier essai radio par groupe de six. L&rsquo;animatrice des Francas les a interrog\u00e9 sur leur sortie \u00e0 Verdun (extraits ci-dessous) pendant que le reste de la&#8230;<\/p>\n<p class=\"read-more\"><a class=\"btn btn-default\" href=\"http:\/\/projetscitoyens.francas71.org\/?p=2774\" onclick=\"return TrackClick('http%3A%2F%2Fprojetscitoyens.francas71.org%2F%3Fp%3D2774','Lire+la+suite+Lire+la+suite')\">Lire la suite<span class=\"screen-reader-text\"> Lire la suite<\/span><\/a><\/p>\n","protected":false},"author":1,"featured_media":2392,"comment_status":"open","ping_status":"open","sticky":false,"template":"","format":"standard","meta":{"jetpack_post_was_ever_published":false,"_jetpack_newsletter_access":"","_jetpack_dont_email_post_to_subs":false,"_jetpack_newsletter_tier_id":0,"_jetpack_memberships_contains_paywalled_content":false,"_jetpack_memberships_contains_paid_content":false,"footnotes":"","jetpack_publicize_message":"","jetpack_publicize_feature_enabled":true,"jetpack_social_post_already_shared":true,"jetpack_social_options":{"image_generator_settings":{"template":"highway","enabled":false},"version":2}},"categories":[231,214],"tags":[],"class_list":["post-2774","post","type-post","status-publish","format-standard","has-post-thumbnail","hentry","category-2018-radio-jeunes","category-la-radio"],"jetpack_publicize_connections":[],"jetpack_featured_media_url":"https:\/\/i0.wp.com\/projetscitoyens.francas71.org\/wp-content\/uploads\/2017\/07\/bafa02-.jpg?fit=1280%2C960","jetpack_sharing_enabled":true,"jetpack_shortlink":"https:\/\/wp.me\/p6M0zG-IK","jetpack-related-posts":[],"jetpack_likes_enabled":true,"_links":{"self":[{"href":"http:\/\/projetscitoyens.francas71.org\/index.php?rest_route=\/wp\/v2\/posts\/2774"}],"collection":[{"href":"http:\/\/projetscitoyens.francas71.org\/index.php?rest_route=\/wp\/v2\/posts"}],"about":[{"href":"http:\/\/projetscitoyens.francas71.org\/index.php?rest_route=\/wp\/v2\/types\/post"}],"author":[{"embeddable":true,"href":"http:\/\/projetscitoyens.francas71.org\/index.php?rest_route=\/wp\/v2\/users\/1"}],"replies":[{"embeddable":true,"href":"http:\/\/projetscitoyens.francas71.org\/index.php?rest_route=%2Fwp%2Fv2%2Fcomments&post=2774"}],"version-history":[{"count":7,"href":"http:\/\/projetscitoyens.francas71.org\/index.php?rest_route=\/wp\/v2\/posts\/2774\/revisions"}],"predecessor-version":[{"id":2789,"href":"http:\/\/projetscitoyens.francas71.org\/index.php?rest_route=\/wp\/v2\/posts\/2774\/revisions\/2789"}],"wp:featuredmedia":[{"embeddable":true,"href":"http:\/\/projetscitoyens.francas71.org\/index.php?rest_route=\/wp\/v2\/media\/2392"}],"wp:attachment":[{"href":"http:\/\/projetscitoyens.francas71.org\/index.php?rest_route=%2Fwp%2Fv2%2Fmedia&parent=2774"}],"wp:term":[{"taxonomy":"category","embeddable":true,"href":"http:\/\/projetscitoyens.francas71.org\/index.php?rest_route=%2Fwp%2Fv2%2Fcategories&post=2774"},{"taxonomy":"post_tag","embeddable":true,"href":"http:\/\/projetscitoyens.francas71.org\/index.php?rest_route=%2Fwp%2Fv2%2Ftags&post=2774"}],"curies":[{"name":"wp","href":"https:\/\/api.w.org\/{rel}","templated":true}]}}