{"id":2793,"date":"2019-04-16T11:30:16","date_gmt":"2019-04-16T10:30:16","guid":{"rendered":"http:\/\/www.francas71.org\/projetscitoyens\/?p=2793"},"modified":"2019-12-09T16:11:07","modified_gmt":"2019-12-09T15:11:07","slug":"projet-radio-au-college-de-lugny-avec-les-4eme-remobilisation","status":"publish","type":"post","link":"http:\/\/projetscitoyens.francas71.org\/?p=2793","title":{"rendered":"Projet Radio au coll\u00e8ge de Lugny avec les 4\u00e8me remobilisation"},"content":{"rendered":"<p>Dans le cadre scolaire, le coll\u00e8ge Victor Hugo de Lugny a fait appel aux Francas de Sa\u00f4ne et Loire dans le but de remotiver leurs \u00e9l\u00e8ves de 4\u00e8me remobilisation, gr\u00e2ce \u00e0 ce projet radio. Ce dernier s&rsquo;est d\u00e9roul\u00e9 sur plusieurs s\u00e9ances afin de pr\u00e9parer les \u00e9l\u00e8ves au forum des m\u00e9tiers o\u00f9 ils avaient pour but d&rsquo;interviewer diff\u00e9rent<a href=\"https:\/\/i0.wp.com\/www.francas71.org\/projetscitoyens\/wp-content\/uploads\/2019\/04\/56718481_629805367443310_9221794993583161344_n.jpg\" onclick=\"return TrackClick('http%3A%2F%2Fwww.francas71.org%2Fprojetscitoyens%2Fwp-content%2Fuploads%2F2019%2F04%2F56718481_629805367443310_9221794993583161344_n.jpg','')\"><img loading=\"lazy\" decoding=\"async\" data-attachment-id=\"2795\" data-permalink=\"http:\/\/projetscitoyens.francas71.org\/?attachment_id=2795\" data-orig-file=\"https:\/\/i0.wp.com\/projetscitoyens.francas71.org\/wp-content\/uploads\/2019\/04\/56718481_629805367443310_9221794993583161344_n.jpg?fit=1504%2C2016\" data-orig-size=\"1504,2016\" data-comments-opened=\"1\" data-image-meta=\"{&quot;aperture&quot;:&quot;0&quot;,&quot;credit&quot;:&quot;&quot;,&quot;camera&quot;:&quot;&quot;,&quot;caption&quot;:&quot;&quot;,&quot;created_timestamp&quot;:&quot;0&quot;,&quot;copyright&quot;:&quot;&quot;,&quot;focal_length&quot;:&quot;0&quot;,&quot;iso&quot;:&quot;0&quot;,&quot;shutter_speed&quot;:&quot;0&quot;,&quot;title&quot;:&quot;&quot;,&quot;orientation&quot;:&quot;0&quot;}\" data-image-title=\"56718481_629805367443310_9221794993583161344_n\" data-image-description=\"\" data-image-caption=\"\" data-medium-file=\"https:\/\/i0.wp.com\/projetscitoyens.francas71.org\/wp-content\/uploads\/2019\/04\/56718481_629805367443310_9221794993583161344_n.jpg?fit=224%2C300\" data-large-file=\"https:\/\/i0.wp.com\/projetscitoyens.francas71.org\/wp-content\/uploads\/2019\/04\/56718481_629805367443310_9221794993583161344_n.jpg?fit=640%2C858\" tabindex=\"0\" role=\"button\" class=\"alignleft size-medium wp-image-2795\" src=\"https:\/\/i0.wp.com\/www.francas71.org\/projetscitoyens\/wp-content\/uploads\/2019\/04\/56718481_629805367443310_9221794993583161344_n-224x300.jpg?resize=224%2C300\" alt=\"\" width=\"224\" height=\"300\" srcset=\"https:\/\/i0.wp.com\/projetscitoyens.francas71.org\/wp-content\/uploads\/2019\/04\/56718481_629805367443310_9221794993583161344_n.jpg?resize=224%2C300 224w, https:\/\/i0.wp.com\/projetscitoyens.francas71.org\/wp-content\/uploads\/2019\/04\/56718481_629805367443310_9221794993583161344_n.jpg?resize=768%2C1029 768w, https:\/\/i0.wp.com\/projetscitoyens.francas71.org\/wp-content\/uploads\/2019\/04\/56718481_629805367443310_9221794993583161344_n.jpg?resize=764%2C1024 764w, https:\/\/i0.wp.com\/projetscitoyens.francas71.org\/wp-content\/uploads\/2019\/04\/56718481_629805367443310_9221794993583161344_n.jpg?resize=1024%2C1373 1024w, https:\/\/i0.wp.com\/projetscitoyens.francas71.org\/wp-content\/uploads\/2019\/04\/56718481_629805367443310_9221794993583161344_n.jpg?w=1504 1504w, https:\/\/i0.wp.com\/projetscitoyens.francas71.org\/wp-content\/uploads\/2019\/04\/56718481_629805367443310_9221794993583161344_n.jpg?w=1280 1280w\" sizes=\"(max-width: 224px) 100vw, 224px\" data-recalc-dims=\"1\" \/><\/a>s professionnels sur leur m\u00e9tier respectif. Les \u00e9l\u00e8ves se sont fortement investis tout au long de ce projet pour cr\u00e9er, au final, une \u00e9mission radio digne de ce nom ! Ce projet a commenc\u00e9 le 10 janvier 2019 pour se terminer le 29 mars 2019 avec 6 s\u00e9ances au total qui se sont d\u00e9clin\u00e9es de la mani\u00e8re suivante :<\/p>\n<p>&#8211; la s\u00e9ance 1 : pr\u00e9sentation du mat\u00e9riel radio, qu&rsquo;est-ce qu&rsquo;une \u00e9mission radio et passages test au micro pour les 4\u00e8me, sur le livre qu&rsquo;ils ont \u00e9tudi\u00e9 en cours \u00ab\u00a0Ma\u00eft\u00e9 coiffure\u00a0\u00bb<\/p>\n<p>&#8211; la s\u00e9ance 2 : d\u00e9couverte du m\u00e9tier de journaliste puis quelques notions sur comment pr\u00e9parer une interview<\/p>\n<p>&#8211; la s\u00e9ance 3 : d\u00e9couverte des diff\u00e9rents m\u00e9tiers de la radio<\/p>\n<p>&#8211; la s\u00e9ance 4 : pr\u00e9paration pour le forum et enregistrement du jingle, de l&rsquo;introduction et de la conclusion de l&rsquo;\u00e9mission<\/p>\n<p>&#8211; la s\u00e9ance 5 : forum des m\u00e9tiers et r\u00e9alisation de l&rsquo;\u00e9mission radio en interviewant les diff\u00e9rents professionnels<\/p>\n<p>&#8211; la s\u00e9ance 6 : \u00e9coute de l&rsquo;\u00e9mission r\u00e9alis\u00e9e et bilan du travail effectu\u00e9 tout au long du projet<\/p>\n<p>&nbsp;<\/p>\n<!--[if lt IE 9]><script>document.createElement('audio');<\/script><![endif]-->\n<audio class=\"wp-audio-shortcode\" id=\"audio-2793-1\" preload=\"none\" style=\"width: 100%;\" controls=\"controls\"><source type=\"audio\/mpeg\" src=\"http:\/\/www.francas71.org\/projetscitoyens\/wp-content\/uploads\/2019\/04\/emission-radio-complete-4e-remob-Lugny-MP3.mp3?_=1\" \/><a href=\"http:\/\/www.francas71.org\/projetscitoyens\/wp-content\/uploads\/2019\/04\/emission-radio-complete-4e-remob-Lugny-MP3.mp3\">http:\/\/www.francas71.org\/projetscitoyens\/wp-content\/uploads\/2019\/04\/emission-radio-complete-4e-remob-Lugny-MP3.mp3<\/a><\/audio>\n","protected":false},"excerpt":{"rendered":"<p>Dans le cadre scolaire, le coll\u00e8ge Victor Hugo de Lugny a fait appel aux Francas de Sa\u00f4ne et Loire dans le but de remotiver leurs \u00e9l\u00e8ves de 4\u00e8me remobilisation, gr\u00e2ce \u00e0 ce projet radio. Ce dernier s&rsquo;est d\u00e9roul\u00e9 sur plusieurs s\u00e9ances afin de pr\u00e9parer les \u00e9l\u00e8ves au forum des m\u00e9tiers o\u00f9 ils avaient pour but d&rsquo;interviewer diff\u00e9rents professionnels sur leur m\u00e9tier respectif. Les \u00e9l\u00e8ves se sont fortement investis tout au long de ce projet pour cr\u00e9er, au final, une \u00e9mission&#8230;<\/p>\n<p class=\"read-more\"><a class=\"btn btn-default\" href=\"http:\/\/projetscitoyens.francas71.org\/?p=2793\" onclick=\"return TrackClick('http%3A%2F%2Fprojetscitoyens.francas71.org%2F%3Fp%3D2793','Lire+la+suite+Lire+la+suite')\">Lire la suite<span class=\"screen-reader-text\"> Lire la suite<\/span><\/a><\/p>\n","protected":false},"author":1,"featured_media":2795,"comment_status":"open","ping_status":"open","sticky":false,"template":"","format":"standard","meta":{"jetpack_post_was_ever_published":false,"_jetpack_newsletter_access":"","_jetpack_dont_email_post_to_subs":false,"_jetpack_newsletter_tier_id":0,"_jetpack_memberships_contains_paywalled_content":false,"_jetpack_memberships_contains_paid_content":false,"footnotes":"","jetpack_publicize_message":"","jetpack_publicize_feature_enabled":true,"jetpack_social_post_already_shared":true,"jetpack_social_options":{"image_generator_settings":{"template":"highway","enabled":false},"version":2}},"categories":[232,214],"tags":[],"class_list":["post-2793","post","type-post","status-publish","format-standard","has-post-thumbnail","hentry","category-2019-radio-jeunes","category-la-radio"],"jetpack_publicize_connections":[],"jetpack_featured_media_url":"https:\/\/i0.wp.com\/projetscitoyens.francas71.org\/wp-content\/uploads\/2019\/04\/56718481_629805367443310_9221794993583161344_n.jpg?fit=1504%2C2016","jetpack_sharing_enabled":true,"jetpack_shortlink":"https:\/\/wp.me\/p6M0zG-J3","jetpack-related-posts":[],"jetpack_likes_enabled":true,"_links":{"self":[{"href":"http:\/\/projetscitoyens.francas71.org\/index.php?rest_route=\/wp\/v2\/posts\/2793"}],"collection":[{"href":"http:\/\/projetscitoyens.francas71.org\/index.php?rest_route=\/wp\/v2\/posts"}],"about":[{"href":"http:\/\/projetscitoyens.francas71.org\/index.php?rest_route=\/wp\/v2\/types\/post"}],"author":[{"embeddable":true,"href":"http:\/\/projetscitoyens.francas71.org\/index.php?rest_route=\/wp\/v2\/users\/1"}],"replies":[{"embeddable":true,"href":"http:\/\/projetscitoyens.francas71.org\/index.php?rest_route=%2Fwp%2Fv2%2Fcomments&post=2793"}],"version-history":[{"count":3,"href":"http:\/\/projetscitoyens.francas71.org\/index.php?rest_route=\/wp\/v2\/posts\/2793\/revisions"}],"predecessor-version":[{"id":2798,"href":"http:\/\/projetscitoyens.francas71.org\/index.php?rest_route=\/wp\/v2\/posts\/2793\/revisions\/2798"}],"wp:featuredmedia":[{"embeddable":true,"href":"http:\/\/projetscitoyens.francas71.org\/index.php?rest_route=\/wp\/v2\/media\/2795"}],"wp:attachment":[{"href":"http:\/\/projetscitoyens.francas71.org\/index.php?rest_route=%2Fwp%2Fv2%2Fmedia&parent=2793"}],"wp:term":[{"taxonomy":"category","embeddable":true,"href":"http:\/\/projetscitoyens.francas71.org\/index.php?rest_route=%2Fwp%2Fv2%2Fcategories&post=2793"},{"taxonomy":"post_tag","embeddable":true,"href":"http:\/\/projetscitoyens.francas71.org\/index.php?rest_route=%2Fwp%2Fv2%2Ftags&post=2793"}],"curies":[{"name":"wp","href":"https:\/\/api.w.org\/{rel}","templated":true}]}}