{"id":2800,"date":"2019-06-26T10:22:24","date_gmt":"2019-06-26T09:22:24","guid":{"rendered":"http:\/\/www.francas71.org\/projetscitoyens\/?p=2800"},"modified":"2019-12-03T15:43:28","modified_gmt":"2019-12-03T14:43:28","slug":"projet-radio-au-college-des-bruyeres-a-la-clayette","status":"publish","type":"post","link":"http:\/\/projetscitoyens.francas71.org\/?p=2800","title":{"rendered":"Projet radio au coll\u00e8ge des bruy\u00e8res \u00e0 La Clayette"},"content":{"rendered":"<p>Dans le cadre scolaire, les Francas ont accompagn\u00e9 trois <a href=\"https:\/\/i0.wp.com\/www.francas71.org\/projetscitoyens\/wp-content\/uploads\/2019\/06\/65489701_356978331679141_6429742586742702080_n-1.jpg\" onclick=\"return TrackClick('http%3A%2F%2Fwww.francas71.org%2Fprojetscitoyens%2Fwp-content%2Fuploads%2F2019%2F06%2F65489701_356978331679141_6429742586742702080_n-1.jpg','')\"><img loading=\"lazy\" decoding=\"async\" data-attachment-id=\"2811\" data-permalink=\"http:\/\/projetscitoyens.francas71.org\/?attachment_id=2811\" data-orig-file=\"https:\/\/i0.wp.com\/projetscitoyens.francas71.org\/wp-content\/uploads\/2019\/06\/65489701_356978331679141_6429742586742702080_n-1-e1561540192483.jpg?fit=2560%2C1440\" data-orig-size=\"2560,1440\" data-comments-opened=\"1\" data-image-meta=\"{&quot;aperture&quot;:&quot;0&quot;,&quot;credit&quot;:&quot;&quot;,&quot;camera&quot;:&quot;&quot;,&quot;caption&quot;:&quot;&quot;,&quot;created_timestamp&quot;:&quot;0&quot;,&quot;copyright&quot;:&quot;&quot;,&quot;focal_length&quot;:&quot;0&quot;,&quot;iso&quot;:&quot;0&quot;,&quot;shutter_speed&quot;:&quot;0&quot;,&quot;title&quot;:&quot;&quot;,&quot;orientation&quot;:&quot;8&quot;}\" data-image-title=\"65489701_356978331679141_6429742586742702080_n\" data-image-description=\"\" data-image-caption=\"\" data-medium-file=\"https:\/\/i0.wp.com\/projetscitoyens.francas71.org\/wp-content\/uploads\/2019\/06\/65489701_356978331679141_6429742586742702080_n-1-e1561540192483.jpg?fit=300%2C169\" data-large-file=\"https:\/\/i0.wp.com\/projetscitoyens.francas71.org\/wp-content\/uploads\/2019\/06\/65489701_356978331679141_6429742586742702080_n-1-e1561540192483.jpg?fit=640%2C360\" tabindex=\"0\" role=\"button\" class=\"alignleft wp-image-2811 size-medium\" src=\"https:\/\/i0.wp.com\/www.francas71.org\/projetscitoyens\/wp-content\/uploads\/2019\/06\/65489701_356978331679141_6429742586742702080_n-1-e1561540192483-300x169.jpg?resize=300%2C169\" alt=\"\" width=\"300\" height=\"169\" srcset=\"https:\/\/i0.wp.com\/projetscitoyens.francas71.org\/wp-content\/uploads\/2019\/06\/65489701_356978331679141_6429742586742702080_n-1-e1561540192483.jpg?resize=300%2C169 300w, https:\/\/i0.wp.com\/projetscitoyens.francas71.org\/wp-content\/uploads\/2019\/06\/65489701_356978331679141_6429742586742702080_n-1-e1561540192483.jpg?resize=768%2C432 768w, https:\/\/i0.wp.com\/projetscitoyens.francas71.org\/wp-content\/uploads\/2019\/06\/65489701_356978331679141_6429742586742702080_n-1-e1561540192483.jpg?resize=1024%2C576 1024w, https:\/\/i0.wp.com\/projetscitoyens.francas71.org\/wp-content\/uploads\/2019\/06\/65489701_356978331679141_6429742586742702080_n-1-e1561540192483.jpg?w=1280 1280w, https:\/\/i0.wp.com\/projetscitoyens.francas71.org\/wp-content\/uploads\/2019\/06\/65489701_356978331679141_6429742586742702080_n-1-e1561540192483.jpg?w=1920 1920w\" sizes=\"(max-width: 300px) 100vw, 300px\" data-recalc-dims=\"1\" \/><\/a> classes de 4\u00e8me du coll\u00e8ge les bruy\u00e8res \u00e0 La Clayette en Sa\u00f4ne et Loire sur leur projet d&rsquo;EPI (Enseignements Pratiques Interdisciplinaires) sur les th\u00e8mes du Creusot et de Paris en 1900.<\/p>\n<p>&nbsp;<\/p>\n<p>&nbsp;<\/p>\n<p>&nbsp;<\/p>\n<p>Dans un premier temps, les \u00e9l\u00e8ves ont appr\u00e9hend\u00e9 le mat\u00e9riel radio en faisant un premier passage test pour qu&rsquo;ils puissent se rendre compte de la mani\u00e8re dont il faut s&rsquo;exprimer pour qu&rsquo;on les entende clairement et distinctement.<\/p>\n<p>&nbsp;<\/p>\n<p>&nbsp;<\/p>\n<p>&nbsp;<\/p>\n<p><img loading=\"lazy\" decoding=\"async\" data-attachment-id=\"2803\" data-permalink=\"http:\/\/projetscitoyens.francas71.org\/?attachment_id=2803\" data-orig-file=\"https:\/\/i0.wp.com\/projetscitoyens.francas71.org\/wp-content\/uploads\/2019\/06\/65748665_1155009914670982_2177211839664881664_n-e1561540292819.jpg?fit=2560%2C1440\" data-orig-size=\"2560,1440\" data-comments-opened=\"1\" data-image-meta=\"{&quot;aperture&quot;:&quot;0&quot;,&quot;credit&quot;:&quot;&quot;,&quot;camera&quot;:&quot;&quot;,&quot;caption&quot;:&quot;&quot;,&quot;created_timestamp&quot;:&quot;0&quot;,&quot;copyright&quot;:&quot;&quot;,&quot;focal_length&quot;:&quot;0&quot;,&quot;iso&quot;:&quot;0&quot;,&quot;shutter_speed&quot;:&quot;0&quot;,&quot;title&quot;:&quot;&quot;,&quot;orientation&quot;:&quot;8&quot;}\" data-image-title=\"65748665_1155009914670982_2177211839664881664_n\" data-image-description=\"\" data-image-caption=\"\" data-medium-file=\"https:\/\/i0.wp.com\/projetscitoyens.francas71.org\/wp-content\/uploads\/2019\/06\/65748665_1155009914670982_2177211839664881664_n-e1561540292819.jpg?fit=300%2C169\" data-large-file=\"https:\/\/i0.wp.com\/projetscitoyens.francas71.org\/wp-content\/uploads\/2019\/06\/65748665_1155009914670982_2177211839664881664_n-e1561540292819.jpg?fit=640%2C360\" tabindex=\"0\" role=\"button\" class=\"size-medium wp-image-2803 alignleft\" src=\"https:\/\/i0.wp.com\/www.francas71.org\/projetscitoyens\/wp-content\/uploads\/2019\/06\/65748665_1155009914670982_2177211839664881664_n-e1561540292819-300x169.jpg?resize=300%2C169\" alt=\"\" width=\"300\" height=\"169\" srcset=\"https:\/\/i0.wp.com\/projetscitoyens.francas71.org\/wp-content\/uploads\/2019\/06\/65748665_1155009914670982_2177211839664881664_n-e1561540292819.jpg?resize=300%2C169 300w, https:\/\/i0.wp.com\/projetscitoyens.francas71.org\/wp-content\/uploads\/2019\/06\/65748665_1155009914670982_2177211839664881664_n-e1561540292819.jpg?resize=768%2C432 768w, https:\/\/i0.wp.com\/projetscitoyens.francas71.org\/wp-content\/uploads\/2019\/06\/65748665_1155009914670982_2177211839664881664_n-e1561540292819.jpg?resize=1024%2C576 1024w, https:\/\/i0.wp.com\/projetscitoyens.francas71.org\/wp-content\/uploads\/2019\/06\/65748665_1155009914670982_2177211839664881664_n-e1561540292819.jpg?w=1280 1280w, https:\/\/i0.wp.com\/projetscitoyens.francas71.org\/wp-content\/uploads\/2019\/06\/65748665_1155009914670982_2177211839664881664_n-e1561540292819.jpg?w=1920 1920w\" sizes=\"(max-width: 300px) 100vw, 300px\" data-recalc-dims=\"1\" \/><\/p>\n<p>Dans un second temps, les \u00e9l\u00e8ves devaient travailler sur le sujet choisi par petit groupe allant de 2 \u00e0 4, pour faire un enregistrement fictif \u00e0 la radio \u00e0 la prochaine s\u00e9ance avec le travail fourni. C&rsquo;est \u00e0 ce moment-l\u00e0 que nous les conseillons sur des formulations, la coh\u00e9rence de leur texte, leur ton.. Ils avaient encore du temps avant l&rsquo;enregistrement&nbsp; final pour prendre en compte nos conseils et retravailler leur texte.<\/p>\n<p>&nbsp;<\/p>\n<p>&nbsp;<\/p>\n<p>&nbsp;<\/p>\n<p>&nbsp;<\/p>\n<p>&nbsp;<\/p>\n<p><a href=\"https:\/\/i0.wp.com\/www.francas71.org\/projetscitoyens\/wp-content\/uploads\/2019\/06\/65201128_349170679102841_4034613224694349824_n-e1561540395854.jpg\" onclick=\"return TrackClick('http%3A%2F%2Fwww.francas71.org%2Fprojetscitoyens%2Fwp-content%2Fuploads%2F2019%2F06%2F65201128_349170679102841_4034613224694349824_n-e1561540395854.jpg','')\"><img loading=\"lazy\" decoding=\"async\" data-attachment-id=\"2805\" data-permalink=\"http:\/\/projetscitoyens.francas71.org\/?attachment_id=2805\" data-orig-file=\"https:\/\/i0.wp.com\/projetscitoyens.francas71.org\/wp-content\/uploads\/2019\/06\/65201128_349170679102841_4034613224694349824_n-e1561540395854.jpg?fit=2560%2C1440\" data-orig-size=\"2560,1440\" data-comments-opened=\"1\" data-image-meta=\"{&quot;aperture&quot;:&quot;0&quot;,&quot;credit&quot;:&quot;&quot;,&quot;camera&quot;:&quot;&quot;,&quot;caption&quot;:&quot;&quot;,&quot;created_timestamp&quot;:&quot;0&quot;,&quot;copyright&quot;:&quot;&quot;,&quot;focal_length&quot;:&quot;0&quot;,&quot;iso&quot;:&quot;0&quot;,&quot;shutter_speed&quot;:&quot;0&quot;,&quot;title&quot;:&quot;&quot;,&quot;orientation&quot;:&quot;8&quot;}\" data-image-title=\"65201128_349170679102841_4034613224694349824_n\" data-image-description=\"\" data-image-caption=\"\" data-medium-file=\"https:\/\/i0.wp.com\/projetscitoyens.francas71.org\/wp-content\/uploads\/2019\/06\/65201128_349170679102841_4034613224694349824_n-e1561540395854.jpg?fit=300%2C169\" data-large-file=\"https:\/\/i0.wp.com\/projetscitoyens.francas71.org\/wp-content\/uploads\/2019\/06\/65201128_349170679102841_4034613224694349824_n-e1561540395854.jpg?fit=640%2C360\" tabindex=\"0\" role=\"button\" class=\"alignleft size-medium wp-image-2805\" src=\"https:\/\/i0.wp.com\/www.francas71.org\/projetscitoyens\/wp-content\/uploads\/2019\/06\/65201128_349170679102841_4034613224694349824_n-e1561540395854-300x169.jpg?resize=300%2C169\" alt=\"\" width=\"300\" height=\"169\" srcset=\"https:\/\/i0.wp.com\/projetscitoyens.francas71.org\/wp-content\/uploads\/2019\/06\/65201128_349170679102841_4034613224694349824_n-e1561540395854.jpg?resize=300%2C169 300w, https:\/\/i0.wp.com\/projetscitoyens.francas71.org\/wp-content\/uploads\/2019\/06\/65201128_349170679102841_4034613224694349824_n-e1561540395854.jpg?resize=768%2C432 768w, https:\/\/i0.wp.com\/projetscitoyens.francas71.org\/wp-content\/uploads\/2019\/06\/65201128_349170679102841_4034613224694349824_n-e1561540395854.jpg?resize=1024%2C576 1024w, https:\/\/i0.wp.com\/projetscitoyens.francas71.org\/wp-content\/uploads\/2019\/06\/65201128_349170679102841_4034613224694349824_n-e1561540395854.jpg?w=1280 1280w, https:\/\/i0.wp.com\/projetscitoyens.francas71.org\/wp-content\/uploads\/2019\/06\/65201128_349170679102841_4034613224694349824_n-e1561540395854.jpg?w=1920 1920w\" sizes=\"(max-width: 300px) 100vw, 300px\" data-recalc-dims=\"1\" \/><\/a><\/p>\n<p>&nbsp;<\/p>\n<p>&nbsp;<\/p>\n<p>La derni\u00e8re s\u00e9ance, du 28 Mai 2019, \u00e9tait donc l&rsquo;enregistrement final. La salle \u00e9tait dispos\u00e9e de sorte \u00e0 ce que les \u00e9l\u00e8ves soient spectateurs du groupe qui passait en enregistrement, tout s&rsquo;est bien d\u00e9roul\u00e9. Chaque groupe a eu le temps de passer deux fois, ce qui a permis de choisir le meilleur des deux passages lors du montage de l&rsquo;\u00e9mission.<\/p>\n<p>&nbsp;<\/p>\n<p>&nbsp;<\/p>\n<!--[if lt IE 9]><script>document.createElement('audio');<\/script><![endif]-->\n<audio class=\"wp-audio-shortcode\" id=\"audio-2800-1\" preload=\"none\" style=\"width: 100%;\" controls=\"controls\"><source type=\"audio\/mpeg\" src=\"http:\/\/www.francas71.org\/projetscitoyens\/wp-content\/uploads\/2019\/06\/Emission-compl\u00e8te-du-28-mai-1900-4e1-format-mp3.mp3?_=1\" \/><a href=\"http:\/\/www.francas71.org\/projetscitoyens\/wp-content\/uploads\/2019\/06\/Emission-compl\u00e8te-du-28-mai-1900-4e1-format-mp3.mp3\">http:\/\/www.francas71.org\/projetscitoyens\/wp-content\/uploads\/2019\/06\/Emission-compl\u00e8te-du-28-mai-1900-4e1-format-mp3.mp3<\/a><\/audio>\n<audio class=\"wp-audio-shortcode\" id=\"audio-2800-2\" preload=\"none\" style=\"width: 100%;\" controls=\"controls\"><source type=\"audio\/mpeg\" src=\"http:\/\/www.francas71.org\/projetscitoyens\/wp-content\/uploads\/2019\/06\/Emission-compl\u00e8te-du-28-mai-1900-4e2-format-mp3.mp3?_=2\" \/><a href=\"http:\/\/www.francas71.org\/projetscitoyens\/wp-content\/uploads\/2019\/06\/Emission-compl\u00e8te-du-28-mai-1900-4e2-format-mp3.mp3\">http:\/\/www.francas71.org\/projetscitoyens\/wp-content\/uploads\/2019\/06\/Emission-compl\u00e8te-du-28-mai-1900-4e2-format-mp3.mp3<\/a><\/audio>\n<audio class=\"wp-audio-shortcode\" id=\"audio-2800-3\" preload=\"none\" style=\"width: 100%;\" controls=\"controls\"><source type=\"audio\/mpeg\" src=\"http:\/\/www.francas71.org\/projetscitoyens\/wp-content\/uploads\/2019\/06\/Emission-compl\u00e8te-du-28-mai-1900-au-creusot-4e3-format-mp3.mp3?_=3\" \/><a href=\"http:\/\/www.francas71.org\/projetscitoyens\/wp-content\/uploads\/2019\/06\/Emission-compl\u00e8te-du-28-mai-1900-au-creusot-4e3-format-mp3.mp3\">http:\/\/www.francas71.org\/projetscitoyens\/wp-content\/uploads\/2019\/06\/Emission-compl\u00e8te-du-28-mai-1900-au-creusot-4e3-format-mp3.mp3<\/a><\/audio>\n","protected":false},"excerpt":{"rendered":"<p>Dans le cadre scolaire, les Francas ont accompagn\u00e9 trois classes de 4\u00e8me du coll\u00e8ge les bruy\u00e8res \u00e0 La Clayette en Sa\u00f4ne et Loire sur leur projet d&rsquo;EPI (Enseignements Pratiques Interdisciplinaires) sur les th\u00e8mes du Creusot et de Paris en 1900. &nbsp; &nbsp; &nbsp; Dans un premier temps, les \u00e9l\u00e8ves ont appr\u00e9hend\u00e9 le mat\u00e9riel radio en faisant un premier passage test pour qu&rsquo;ils puissent se rendre compte de la mani\u00e8re dont il faut s&rsquo;exprimer pour qu&rsquo;on les entende clairement et distinctement&#8230;.<\/p>\n<p class=\"read-more\"><a class=\"btn btn-default\" href=\"http:\/\/projetscitoyens.francas71.org\/?p=2800\" onclick=\"return TrackClick('http%3A%2F%2Fprojetscitoyens.francas71.org%2F%3Fp%3D2800','Lire+la+suite+Lire+la+suite')\">Lire la suite<span class=\"screen-reader-text\"> Lire la suite<\/span><\/a><\/p>\n","protected":false},"author":1,"featured_media":2803,"comment_status":"open","ping_status":"open","sticky":false,"template":"","format":"standard","meta":{"jetpack_post_was_ever_published":false,"_jetpack_newsletter_access":"","_jetpack_dont_email_post_to_subs":false,"_jetpack_newsletter_tier_id":0,"_jetpack_memberships_contains_paywalled_content":false,"_jetpack_memberships_contains_paid_content":false,"footnotes":"","jetpack_publicize_message":"","jetpack_publicize_feature_enabled":true,"jetpack_social_post_already_shared":true,"jetpack_social_options":{"image_generator_settings":{"template":"highway","enabled":false},"version":2}},"categories":[232,214],"tags":[],"class_list":["post-2800","post","type-post","status-publish","format-standard","has-post-thumbnail","hentry","category-2019-radio-jeunes","category-la-radio"],"jetpack_publicize_connections":[],"jetpack_featured_media_url":"https:\/\/i0.wp.com\/projetscitoyens.francas71.org\/wp-content\/uploads\/2019\/06\/65748665_1155009914670982_2177211839664881664_n-e1561540292819.jpg?fit=2560%2C1440","jetpack_sharing_enabled":true,"jetpack_shortlink":"https:\/\/wp.me\/p6M0zG-Ja","jetpack-related-posts":[],"jetpack_likes_enabled":true,"_links":{"self":[{"href":"http:\/\/projetscitoyens.francas71.org\/index.php?rest_route=\/wp\/v2\/posts\/2800"}],"collection":[{"href":"http:\/\/projetscitoyens.francas71.org\/index.php?rest_route=\/wp\/v2\/posts"}],"about":[{"href":"http:\/\/projetscitoyens.francas71.org\/index.php?rest_route=\/wp\/v2\/types\/post"}],"author":[{"embeddable":true,"href":"http:\/\/projetscitoyens.francas71.org\/index.php?rest_route=\/wp\/v2\/users\/1"}],"replies":[{"embeddable":true,"href":"http:\/\/projetscitoyens.francas71.org\/index.php?rest_route=%2Fwp%2Fv2%2Fcomments&post=2800"}],"version-history":[{"count":2,"href":"http:\/\/projetscitoyens.francas71.org\/index.php?rest_route=\/wp\/v2\/posts\/2800\/revisions"}],"predecessor-version":[{"id":2815,"href":"http:\/\/projetscitoyens.francas71.org\/index.php?rest_route=\/wp\/v2\/posts\/2800\/revisions\/2815"}],"wp:featuredmedia":[{"embeddable":true,"href":"http:\/\/projetscitoyens.francas71.org\/index.php?rest_route=\/wp\/v2\/media\/2803"}],"wp:attachment":[{"href":"http:\/\/projetscitoyens.francas71.org\/index.php?rest_route=%2Fwp%2Fv2%2Fmedia&parent=2800"}],"wp:term":[{"taxonomy":"category","embeddable":true,"href":"http:\/\/projetscitoyens.francas71.org\/index.php?rest_route=%2Fwp%2Fv2%2Fcategories&post=2800"},{"taxonomy":"post_tag","embeddable":true,"href":"http:\/\/projetscitoyens.francas71.org\/index.php?rest_route=%2Fwp%2Fv2%2Ftags&post=2800"}],"curies":[{"name":"wp","href":"https:\/\/api.w.org\/{rel}","templated":true}]}}