{"id":2816,"date":"2019-06-26T15:18:44","date_gmt":"2019-06-26T14:18:44","guid":{"rendered":"http:\/\/www.francas71.org\/projetscitoyens\/?p=2816"},"modified":"2019-12-03T15:43:06","modified_gmt":"2019-12-03T14:43:06","slug":"projet-radio-au-college-de-montchanin","status":"publish","type":"post","link":"http:\/\/projetscitoyens.francas71.org\/?p=2816","title":{"rendered":"Projet Radio au coll\u00e8ge de Montchanin"},"content":{"rendered":"<p>Dans le cadre scolaire, les Francas ont accompagn\u00e9 deux classes de 4\u00e8me au coll\u00e8ge Anne Frank de Montchanin en Sa\u00f4ne et Loire sur leur projet d\u2019EPI (Enseignements Pratiques Interdisciplinaires) avec deux \u00e9missions enregistr\u00e9es en septembre 1900 et deux autres \u00e9missions enregistr\u00e9es en juin 2019.<\/p>\n<p>Dans un premier temps, les \u00e9l\u00e8ves ont appr\u00e9hend\u00e9 le mat\u00e9riel radio en faisant un premier passage test pour qu\u2019ils puissent se rendre compte de la mani\u00e8re dont il faut s\u2019exprimer pour qu\u2019on les entende clairement et distinctement.<\/p>\n<p>&nbsp;<\/p>\n<p>Dans un second temps, les \u00e9l\u00e8ves devaient travailler sur le sujet choisi par bin\u00f4me ou trin\u00f4me pour faire un enregistrement fictif \u00e0 la radio \u00e0 la prochaine s\u00e9ance avec le travail fourni. C\u2019est \u00e0 ce moment-l\u00e0 que nous les conseillons sur des formulations, la coh\u00e9rence de leur texte, leur ton.. Ils avaient encore du temps avant l\u2019enregistrement&nbsp; final pour prendre en compte nos conseils et retravailler leur texte.<\/p>\n<p>&nbsp;<\/p>\n<p>La derni\u00e8re s\u00e9ance, du 6 juin 2019, \u00e9tait donc l\u2019enregistrement final. La salle \u00e9tait dispos\u00e9e de sorte \u00e0 ce que les \u00e9l\u00e8ves soient spectateurs du groupe qui passait en enregistrement, tout s\u2019est bien d\u00e9roul\u00e9. Chaque groupe a eu le temps de passer deux fois, ce qui a permis de choisir le meilleur des deux passages lors du montage de l\u2019\u00e9mission.<\/p>\n<p>Certains \u00e9l\u00e8ves ont cr\u00e9\u00e9 eux-m\u00eame le jingle de l&rsquo;\u00e9mission en faisant travailler leur imagination ainsi que leur originalit\u00e9.<\/p>\n<!--[if lt IE 9]><script>document.createElement('audio');<\/script><![endif]-->\n<audio class=\"wp-audio-shortcode\" id=\"audio-2816-1\" preload=\"none\" style=\"width: 100%;\" controls=\"controls\"><source type=\"audio\/mpeg\" src=\"http:\/\/www.francas71.org\/projetscitoyens\/wp-content\/uploads\/2019\/06\/Emission-compl\u00e8te-du-14-f\u00e9vrier-1902-Montchanin-4e3-format-mp3.mp3?_=1\" \/><a href=\"http:\/\/www.francas71.org\/projetscitoyens\/wp-content\/uploads\/2019\/06\/Emission-compl\u00e8te-du-14-f\u00e9vrier-1902-Montchanin-4e3-format-mp3.mp3\">http:\/\/www.francas71.org\/projetscitoyens\/wp-content\/uploads\/2019\/06\/Emission-compl\u00e8te-du-14-f\u00e9vrier-1902-Montchanin-4e3-format-mp3.mp3<\/a><\/audio>\n<audio class=\"wp-audio-shortcode\" id=\"audio-2816-2\" preload=\"none\" style=\"width: 100%;\" controls=\"controls\"><source type=\"audio\/mpeg\" src=\"http:\/\/www.francas71.org\/projetscitoyens\/wp-content\/uploads\/2019\/06\/Emission-compl\u00e8te-du-20-juin-1906-4e2-format-mp3.mp3?_=2\" \/><a href=\"http:\/\/www.francas71.org\/projetscitoyens\/wp-content\/uploads\/2019\/06\/Emission-compl\u00e8te-du-20-juin-1906-4e2-format-mp3.mp3\">http:\/\/www.francas71.org\/projetscitoyens\/wp-content\/uploads\/2019\/06\/Emission-compl\u00e8te-du-20-juin-1906-4e2-format-mp3.mp3<\/a><\/audio>\n<audio class=\"wp-audio-shortcode\" id=\"audio-2816-3\" preload=\"none\" style=\"width: 100%;\" controls=\"controls\"><source type=\"audio\/mpeg\" src=\"http:\/\/www.francas71.org\/projetscitoyens\/wp-content\/uploads\/2019\/06\/Emission-compl\u00e8te-daujourdhui-4e2-avec-sons.mp3?_=3\" \/><a href=\"http:\/\/www.francas71.org\/projetscitoyens\/wp-content\/uploads\/2019\/06\/Emission-compl\u00e8te-daujourdhui-4e2-avec-sons.mp3\">http:\/\/www.francas71.org\/projetscitoyens\/wp-content\/uploads\/2019\/06\/Emission-compl\u00e8te-daujourdhui-4e2-avec-sons.mp3<\/a><\/audio>\n<audio class=\"wp-audio-shortcode\" id=\"audio-2816-4\" preload=\"none\" style=\"width: 100%;\" controls=\"controls\"><source type=\"audio\/mpeg\" src=\"http:\/\/www.francas71.org\/projetscitoyens\/wp-content\/uploads\/2019\/06\/Emission-compl\u00e8te-daujourdhui-Montchanin-4e3-format-mp3.mp3?_=4\" \/><a href=\"http:\/\/www.francas71.org\/projetscitoyens\/wp-content\/uploads\/2019\/06\/Emission-compl\u00e8te-daujourdhui-Montchanin-4e3-format-mp3.mp3\">http:\/\/www.francas71.org\/projetscitoyens\/wp-content\/uploads\/2019\/06\/Emission-compl\u00e8te-daujourdhui-Montchanin-4e3-format-mp3.mp3<\/a><\/audio>\n<p>&nbsp;<\/p>\n","protected":false},"excerpt":{"rendered":"<p>Dans le cadre scolaire, les Francas ont accompagn\u00e9 deux classes de 4\u00e8me au coll\u00e8ge Anne Frank de Montchanin en Sa\u00f4ne et Loire sur leur projet d\u2019EPI (Enseignements Pratiques Interdisciplinaires) avec deux \u00e9missions enregistr\u00e9es en septembre 1900 et deux autres \u00e9missions enregistr\u00e9es en juin 2019. Dans un premier temps, les \u00e9l\u00e8ves ont appr\u00e9hend\u00e9 le mat\u00e9riel radio en faisant un premier passage test pour qu\u2019ils puissent se rendre compte de la mani\u00e8re dont il faut s\u2019exprimer pour qu\u2019on les entende clairement et&#8230;<\/p>\n<p class=\"read-more\"><a class=\"btn btn-default\" href=\"http:\/\/projetscitoyens.francas71.org\/?p=2816\" onclick=\"return TrackClick('http%3A%2F%2Fprojetscitoyens.francas71.org%2F%3Fp%3D2816','Lire+la+suite+Lire+la+suite')\">Lire la suite<span class=\"screen-reader-text\"> Lire la suite<\/span><\/a><\/p>\n","protected":false},"author":1,"featured_media":2357,"comment_status":"open","ping_status":"open","sticky":false,"template":"","format":"standard","meta":{"jetpack_post_was_ever_published":false,"_jetpack_newsletter_access":"","_jetpack_dont_email_post_to_subs":false,"_jetpack_newsletter_tier_id":0,"_jetpack_memberships_contains_paywalled_content":false,"_jetpack_memberships_contains_paid_content":false,"footnotes":"","jetpack_publicize_message":"","jetpack_publicize_feature_enabled":true,"jetpack_social_post_already_shared":true,"jetpack_social_options":{"image_generator_settings":{"template":"highway","enabled":false},"version":2}},"categories":[232,214],"tags":[],"class_list":["post-2816","post","type-post","status-publish","format-standard","has-post-thumbnail","hentry","category-2019-radio-jeunes","category-la-radio"],"jetpack_publicize_connections":[],"jetpack_featured_media_url":"https:\/\/i0.wp.com\/projetscitoyens.francas71.org\/wp-content\/uploads\/2017\/04\/bafa89_01.jpg?fit=1280%2C960","jetpack_sharing_enabled":true,"jetpack_shortlink":"https:\/\/wp.me\/p6M0zG-Jq","jetpack-related-posts":[],"jetpack_likes_enabled":true,"_links":{"self":[{"href":"http:\/\/projetscitoyens.francas71.org\/index.php?rest_route=\/wp\/v2\/posts\/2816"}],"collection":[{"href":"http:\/\/projetscitoyens.francas71.org\/index.php?rest_route=\/wp\/v2\/posts"}],"about":[{"href":"http:\/\/projetscitoyens.francas71.org\/index.php?rest_route=\/wp\/v2\/types\/post"}],"author":[{"embeddable":true,"href":"http:\/\/projetscitoyens.francas71.org\/index.php?rest_route=\/wp\/v2\/users\/1"}],"replies":[{"embeddable":true,"href":"http:\/\/projetscitoyens.francas71.org\/index.php?rest_route=%2Fwp%2Fv2%2Fcomments&post=2816"}],"version-history":[{"count":1,"href":"http:\/\/projetscitoyens.francas71.org\/index.php?rest_route=\/wp\/v2\/posts\/2816\/revisions"}],"predecessor-version":[{"id":2821,"href":"http:\/\/projetscitoyens.francas71.org\/index.php?rest_route=\/wp\/v2\/posts\/2816\/revisions\/2821"}],"wp:featuredmedia":[{"embeddable":true,"href":"http:\/\/projetscitoyens.francas71.org\/index.php?rest_route=\/wp\/v2\/media\/2357"}],"wp:attachment":[{"href":"http:\/\/projetscitoyens.francas71.org\/index.php?rest_route=%2Fwp%2Fv2%2Fmedia&parent=2816"}],"wp:term":[{"taxonomy":"category","embeddable":true,"href":"http:\/\/projetscitoyens.francas71.org\/index.php?rest_route=%2Fwp%2Fv2%2Fcategories&post=2816"},{"taxonomy":"post_tag","embeddable":true,"href":"http:\/\/projetscitoyens.francas71.org\/index.php?rest_route=%2Fwp%2Fv2%2Ftags&post=2816"}],"curies":[{"name":"wp","href":"https:\/\/api.w.org\/{rel}","templated":true}]}}