{"id":2830,"date":"2019-12-07T12:00:57","date_gmt":"2019-12-07T11:00:57","guid":{"rendered":"http:\/\/www.francas71.org\/projetscitoyens\/?p=2830"},"modified":"2019-12-16T16:06:27","modified_gmt":"2019-12-16T15:06:27","slug":"les-30-ans-des-droits-de-lenfant-en-saone-et-loire","status":"publish","type":"post","link":"http:\/\/projetscitoyens.francas71.org\/?p=2830","title":{"rendered":"Les 30 ans des Droits de l&rsquo;enfant en Sa\u00f4ne et Loire!"},"content":{"rendered":"<h1 style=\"text-align: center;\"><a href=\"https:\/\/i0.wp.com\/www.francas71.org\/projetscitoyens\/wp-content\/uploads\/2019\/12\/LOGO-Francas-PETIT-quadri-copie.jpg\" onclick=\"return TrackClick('http%3A%2F%2Fwww.francas71.org%2Fprojetscitoyens%2Fwp-content%2Fuploads%2F2019%2F12%2FLOGO-Francas-PETIT-quadri-copie.jpg','')\"><img loading=\"lazy\" decoding=\"async\" data-attachment-id=\"2831\" data-permalink=\"http:\/\/projetscitoyens.francas71.org\/?attachment_id=2831\" data-orig-file=\"https:\/\/i0.wp.com\/projetscitoyens.francas71.org\/wp-content\/uploads\/2019\/12\/LOGO-Francas-PETIT-quadri-copie.jpg?fit=150%2C51\" data-orig-size=\"150,51\" data-comments-opened=\"1\" data-image-meta=\"{&quot;aperture&quot;:&quot;0&quot;,&quot;credit&quot;:&quot;&quot;,&quot;camera&quot;:&quot;&quot;,&quot;caption&quot;:&quot;&quot;,&quot;created_timestamp&quot;:&quot;0&quot;,&quot;copyright&quot;:&quot;&quot;,&quot;focal_length&quot;:&quot;0&quot;,&quot;iso&quot;:&quot;0&quot;,&quot;shutter_speed&quot;:&quot;0&quot;,&quot;title&quot;:&quot;&quot;,&quot;orientation&quot;:&quot;0&quot;}\" data-image-title=\"LOGO Francas PETIT quadri copie\" data-image-description=\"\" data-image-caption=\"\" data-medium-file=\"https:\/\/i0.wp.com\/projetscitoyens.francas71.org\/wp-content\/uploads\/2019\/12\/LOGO-Francas-PETIT-quadri-copie.jpg?fit=150%2C51\" data-large-file=\"https:\/\/i0.wp.com\/projetscitoyens.francas71.org\/wp-content\/uploads\/2019\/12\/LOGO-Francas-PETIT-quadri-copie.jpg?fit=150%2C51\" tabindex=\"0\" role=\"button\" class=\"size-full wp-image-2831 alignleft\" src=\"https:\/\/i0.wp.com\/www.francas71.org\/projetscitoyens\/wp-content\/uploads\/2019\/12\/LOGO-Francas-PETIT-quadri-copie.jpg?resize=150%2C51\" onclick=\"return TrackClick('http%3A%2F%2Fwww.francas71.org%2Fprojetscitoyens%2Fwp-content%2Fuploads%2F2019%2F12%2FLOGO-Francas-PETIT-quadri-copie.jpg','')\" alt=\"\" width=\"150\" height=\"51\" data-recalc-dims=\"1\" \/><\/a><\/h1>\n<h1><\/h1>\n<h1><\/h1>\n<h1 style=\"text-align: center;\">Cette ann\u00e9e<\/h1>\n<h1 style=\"text-align: center;\">la <span style=\"color: #ff0000;\">Convention Internationale des Droits de l&rsquo;Enfant<\/span> (C.I.D.E)<\/h1>\n<h1 style=\"text-align: center;\">f\u00eate ses 30 ANS !<\/h1>\n<p style=\"text-align: center;\">Les salari\u00e9s de l&rsquo;<strong>Association d\u00e9partementale de Sa\u00f4ne et Loire<\/strong> ont voulu (re)mettre en avant ce texte important.<\/p>\n<p style=\"text-align: center;\">Plusieurs actions se sont d\u00e9roul\u00e9es depuis quelques semaines, certaines sont encore en cours de r\u00e9alisation.<\/p>\n<p style=\"text-align: center;\">D&rsquo;aujourd&rsquo;hui \u00e0 janvier, vous pourrez d\u00e9couvrir une action par semaine au travers diff\u00e9rents articles !<\/p>\n<p style=\"text-align: center;\">\n<p><a href=\"https:\/\/i0.wp.com\/www.francas71.org\/projetscitoyens\/wp-content\/uploads\/2019\/12\/Agis-pour-tes-droits.png\" onclick=\"return TrackClick('http%3A%2F%2Fwww.francas71.org%2Fprojetscitoyens%2Fwp-content%2Fuploads%2F2019%2F12%2FAgis-pour-tes-droits.png','')\"><img loading=\"lazy\" decoding=\"async\" data-attachment-id=\"2832\" data-permalink=\"http:\/\/projetscitoyens.francas71.org\/?attachment_id=2832\" data-orig-file=\"https:\/\/i0.wp.com\/projetscitoyens.francas71.org\/wp-content\/uploads\/2019\/12\/Agis-pour-tes-droits.png?fit=564%2C334\" data-orig-size=\"564,334\" data-comments-opened=\"1\" data-image-meta=\"{&quot;aperture&quot;:&quot;0&quot;,&quot;credit&quot;:&quot;&quot;,&quot;camera&quot;:&quot;&quot;,&quot;caption&quot;:&quot;&quot;,&quot;created_timestamp&quot;:&quot;0&quot;,&quot;copyright&quot;:&quot;&quot;,&quot;focal_length&quot;:&quot;0&quot;,&quot;iso&quot;:&quot;0&quot;,&quot;shutter_speed&quot;:&quot;0&quot;,&quot;title&quot;:&quot;&quot;,&quot;orientation&quot;:&quot;0&quot;}\" data-image-title=\"Agis pour tes droits\" data-image-description=\"\" data-image-caption=\"\" data-medium-file=\"https:\/\/i0.wp.com\/projetscitoyens.francas71.org\/wp-content\/uploads\/2019\/12\/Agis-pour-tes-droits.png?fit=300%2C178\" data-large-file=\"https:\/\/i0.wp.com\/projetscitoyens.francas71.org\/wp-content\/uploads\/2019\/12\/Agis-pour-tes-droits.png?fit=564%2C334\" tabindex=\"0\" role=\"button\" class=\" wp-image-2832 aligncenter\" src=\"https:\/\/i0.wp.com\/www.francas71.org\/projetscitoyens\/wp-content\/uploads\/2019\/12\/Agis-pour-tes-droits-300x178.png?resize=137%2C81\" alt=\"\" width=\"137\" height=\"81\" srcset=\"https:\/\/i0.wp.com\/projetscitoyens.francas71.org\/wp-content\/uploads\/2019\/12\/Agis-pour-tes-droits.png?resize=300%2C178 300w, https:\/\/i0.wp.com\/projetscitoyens.francas71.org\/wp-content\/uploads\/2019\/12\/Agis-pour-tes-droits.png?w=564 564w\" sizes=\"(max-width: 137px) 100vw, 137px\" data-recalc-dims=\"1\" \/><\/a><\/p>\n<h4><\/h4>\n<h4 style=\"text-align: center;\"># 1 &#8211; <strong>Interventions ponctuelles\u00a0<\/strong><\/h4>\n<p style=\"text-align: center;\"><em>parution pr\u00e9vue le 11 d\u00e9cembre<\/em>.<\/p>\n<h4 style=\"text-align: center;\"><strong># 2 &#8211; 100 000 expressions <\/strong><\/h4>\n<p style=\"text-align: center;\"><em>parution pr\u00e9vue le 18 d\u00e9cembre<\/em><\/p>\n<h4 style=\"text-align: center;\"><strong># 3 &#8211; Le Village des droits de l&rsquo;enfant<\/strong><\/h4>\n<p style=\"text-align: center;\"><em>parution pr\u00e9vue le 25 d\u00e9cembre<\/em><\/p>\n<h4 style=\"text-align: center;\"><strong># 4 &#8211; Atelier bande-dessin\u00e9e<\/strong><\/h4>\n<p style=\"text-align: center;\"><em>parution pr\u00e9vue le 01\u00a0<\/em><em>janvier 2020<\/em><\/p>\n<p style=\"text-align: center;\">\n<p style=\"text-align: center;\">\n","protected":false},"excerpt":{"rendered":"<p>Cette ann\u00e9e la Convention Internationale des Droits de l&rsquo;Enfant (C.I.D.E) f\u00eate ses 30 ANS ! Les salari\u00e9s de l&rsquo;Association d\u00e9partementale de Sa\u00f4ne et Loire ont voulu (re)mettre en avant ce texte important. Plusieurs actions se sont d\u00e9roul\u00e9es depuis quelques semaines, certaines sont encore en cours de r\u00e9alisation. D&rsquo;aujourd&rsquo;hui \u00e0 janvier, vous pourrez d\u00e9couvrir une action par semaine au travers diff\u00e9rents articles ! # 1 &#8211; Interventions ponctuelles\u00a0 parution pr\u00e9vue le 11 d\u00e9cembre. # 2 &#8211; 100 000 expressions parution pr\u00e9vue&#8230;<\/p>\n<p class=\"read-more\"><a class=\"btn btn-default\" href=\"http:\/\/projetscitoyens.francas71.org\/?p=2830\" onclick=\"return TrackClick('http%3A%2F%2Fprojetscitoyens.francas71.org%2F%3Fp%3D2830','Lire+la+suite+Lire+la+suite')\">Lire la suite<span class=\"screen-reader-text\"> Lire la suite<\/span><\/a><\/p>\n","protected":false},"author":1,"featured_media":2835,"comment_status":"open","ping_status":"open","sticky":false,"template":"","format":"standard","meta":{"jetpack_post_was_ever_published":false,"_jetpack_newsletter_access":"","_jetpack_dont_email_post_to_subs":false,"_jetpack_newsletter_tier_id":0,"_jetpack_memberships_contains_paywalled_content":false,"_jetpack_memberships_contains_paid_content":false,"footnotes":"","jetpack_publicize_message":"Les 30 ans des Droits de l'enfant en Sa\u00f4ne et Loire!","jetpack_publicize_feature_enabled":true,"jetpack_social_post_already_shared":true,"jetpack_social_options":{"image_generator_settings":{"template":"highway","enabled":false},"version":2}},"categories":[119,227],"tags":[],"class_list":["post-2830","post","type-post","status-publish","format-standard","has-post-thumbnail","hentry","category-agis-pour-tes-droits-2","category-2019-les-droits-de-lenfant"],"jetpack_publicize_connections":[],"jetpack_featured_media_url":"https:\/\/i0.wp.com\/projetscitoyens.francas71.org\/wp-content\/uploads\/2019\/12\/Capture.jpg?fit=415%2C339","jetpack_sharing_enabled":true,"jetpack_shortlink":"https:\/\/wp.me\/p6M0zG-JE","jetpack-related-posts":[],"jetpack_likes_enabled":true,"_links":{"self":[{"href":"http:\/\/projetscitoyens.francas71.org\/index.php?rest_route=\/wp\/v2\/posts\/2830"}],"collection":[{"href":"http:\/\/projetscitoyens.francas71.org\/index.php?rest_route=\/wp\/v2\/posts"}],"about":[{"href":"http:\/\/projetscitoyens.francas71.org\/index.php?rest_route=\/wp\/v2\/types\/post"}],"author":[{"embeddable":true,"href":"http:\/\/projetscitoyens.francas71.org\/index.php?rest_route=\/wp\/v2\/users\/1"}],"replies":[{"embeddable":true,"href":"http:\/\/projetscitoyens.francas71.org\/index.php?rest_route=%2Fwp%2Fv2%2Fcomments&post=2830"}],"version-history":[{"count":7,"href":"http:\/\/projetscitoyens.francas71.org\/index.php?rest_route=\/wp\/v2\/posts\/2830\/revisions"}],"predecessor-version":[{"id":3037,"href":"http:\/\/projetscitoyens.francas71.org\/index.php?rest_route=\/wp\/v2\/posts\/2830\/revisions\/3037"}],"wp:featuredmedia":[{"embeddable":true,"href":"http:\/\/projetscitoyens.francas71.org\/index.php?rest_route=\/wp\/v2\/media\/2835"}],"wp:attachment":[{"href":"http:\/\/projetscitoyens.francas71.org\/index.php?rest_route=%2Fwp%2Fv2%2Fmedia&parent=2830"}],"wp:term":[{"taxonomy":"category","embeddable":true,"href":"http:\/\/projetscitoyens.francas71.org\/index.php?rest_route=%2Fwp%2Fv2%2Fcategories&post=2830"},{"taxonomy":"post_tag","embeddable":true,"href":"http:\/\/projetscitoyens.francas71.org\/index.php?rest_route=%2Fwp%2Fv2%2Ftags&post=2830"}],"curies":[{"name":"wp","href":"https:\/\/api.w.org\/{rel}","templated":true}]}}