{"id":285,"date":"2009-11-16T16:47:18","date_gmt":"2009-11-16T15:47:18","guid":{"rendered":"http:\/\/francas.loisirsdegrandir.org\/?p=285"},"modified":"2019-12-16T14:32:51","modified_gmt":"2019-12-16T13:32:51","slug":"la-selection-departementale","status":"publish","type":"post","link":"http:\/\/projetscitoyens.francas71.org\/?p=285","title":{"rendered":"La s\u00e9lection d\u00e9partementale"},"content":{"rendered":"<p>Jeudi 12 novembre &#8211; 19h : apr\u00e8s pr\u00e8s de deux heures de discussion et d&rsquo;\u00e9changes constructifs, le jury d\u00e9partemental a tranch\u00e9. <strong>16 affiches<\/strong> ont \u00e9t\u00e9 s\u00e9lectionn\u00e9 pour participer au concours national qui se d\u00e9roule \u00e0 Strasbourg.<\/p>\n<p><!--more--><span style=\"color: #800000;\"><strong>Les affiches s\u00e9lectionn\u00e9es sont les suivantes :<\/strong><\/span><\/p>\n<p><strong>Charnay les M\u00e2con<\/strong> &#8211; relais assistantes maternelles (cat 7)<br \/>\n<a class=\"shutterset_\" href=\"https:\/\/i0.wp.com\/francas.loisirsdegrandir.org\/wp-content\/gallery\/affiches_2009\/charnay-les-macon-ram-01-cat-01.jpg\" onclick=\"return TrackClick('http%3A%2F%2Ffrancas.loisirsdegrandir.org%2Fwp-content%2Fgallery%2Faffiches_2009%2Fcharnay-les-macon-ram-01-cat-01.jpg','')\"><img decoding=\"async\" class=\"ngg-singlepic ngg-center\" src=\"https:\/\/i0.wp.com\/francas.loisirsdegrandir.org\/wp-content\/gallery\/affiches_2009\/thumbs\/thumbs_charnay-les-macon-ram-01-cat-01.jpg?w=640\" alt=\"charnay-les-macon-ram-01-cat-01\" data-recalc-dims=\"1\" \/><\/a><\/p>\n<p><strong>Autun <\/strong>&#8211; lyc\u00e9e Bonaparte (cat 6)<br \/>\n<a class=\"shutterset_\" href=\"https:\/\/i0.wp.com\/francas.loisirsdegrandir.org\/wp-content\/gallery\/affiches_2009\/autun-lycee-bonaparte-03-cat-06.jpg\" onclick=\"return TrackClick('http%3A%2F%2Ffrancas.loisirsdegrandir.org%2Fwp-content%2Fgallery%2Faffiches_2009%2Fautun-lycee-bonaparte-03-cat-06.jpg','')\"><img decoding=\"async\" class=\"ngg-singlepic ngg-center\" src=\"https:\/\/i0.wp.com\/francas.loisirsdegrandir.org\/wp-content\/gallery\/affiches_2009\/thumbs\/thumbs_autun-lycee-bonaparte-03-cat-06.jpg?w=640\" alt=\"autun-lycee-bonaparte-03-cat-06\" data-recalc-dims=\"1\" \/><\/a><\/p>\n<p><strong>Autun <\/strong>&#8211; lyc\u00e9e Bonaparte (cat 6)<br \/>\n<a class=\"shutterset_\" href=\"https:\/\/i0.wp.com\/francas.loisirsdegrandir.org\/wp-content\/gallery\/affiches_2009\/autun-lycee-bonaparte-04-cat-06.jpg\" onclick=\"return TrackClick('http%3A%2F%2Ffrancas.loisirsdegrandir.org%2Fwp-content%2Fgallery%2Faffiches_2009%2Fautun-lycee-bonaparte-04-cat-06.jpg','')\"><img decoding=\"async\" class=\"ngg-singlepic ngg-center\" src=\"https:\/\/i0.wp.com\/francas.loisirsdegrandir.org\/wp-content\/gallery\/affiches_2009\/thumbs\/thumbs_autun-lycee-bonaparte-04-cat-06.jpg?w=640\" alt=\"autun-lycee-bonaparte-04-cat-06\" data-recalc-dims=\"1\" \/><\/a><\/p>\n<p><strong>Autun <\/strong>&#8211; lyc\u00e9e Bonaparte (cat 6)<br \/>\n<a class=\"shutterset_\" href=\"https:\/\/i0.wp.com\/francas.loisirsdegrandir.org\/wp-content\/gallery\/affiches_2009\/autun-lycee-bonaparte-06-cat-06.jpg\" onclick=\"return TrackClick('http%3A%2F%2Ffrancas.loisirsdegrandir.org%2Fwp-content%2Fgallery%2Faffiches_2009%2Fautun-lycee-bonaparte-06-cat-06.jpg','')\"><img decoding=\"async\" class=\"ngg-singlepic ngg-center\" src=\"https:\/\/i0.wp.com\/francas.loisirsdegrandir.org\/wp-content\/gallery\/affiches_2009\/thumbs\/thumbs_autun-lycee-bonaparte-06-cat-06.jpg?w=640\" alt=\"autun-lycee-bonaparte-06-cat-06\" data-recalc-dims=\"1\" \/><\/a><\/p>\n<p><strong>Chalon sur Sa\u00f4ne<\/strong> &#8211; lyc\u00e9e Le Devoir (cat 6)<br \/>\n<a class=\"shutterset_\" href=\"https:\/\/i0.wp.com\/francas.loisirsdegrandir.org\/wp-content\/gallery\/affiches_2009\/chalon-lycee-le-devoir-06-cat-06.jpg\" onclick=\"return TrackClick('http%3A%2F%2Ffrancas.loisirsdegrandir.org%2Fwp-content%2Fgallery%2Faffiches_2009%2Fchalon-lycee-le-devoir-06-cat-06.jpg','')\"><img decoding=\"async\" class=\"ngg-singlepic ngg-center\" src=\"https:\/\/i0.wp.com\/francas.loisirsdegrandir.org\/wp-content\/gallery\/affiches_2009\/thumbs\/thumbs_chalon-lycee-le-devoir-06-cat-06.jpg?w=640\" alt=\"chalon-lycee-le-devoir-06-cat-06\" data-recalc-dims=\"1\" \/><\/a><\/p>\n<p><strong>Chalon sur Sa\u00f4ne<\/strong> &#8211; lyc\u00e9e Le Devoir (cat 6)<br \/>\n<a class=\"shutterset_\" href=\"https:\/\/i0.wp.com\/francas.loisirsdegrandir.org\/wp-content\/gallery\/affiches_2009\/chalon-lycee-le-devoir-09-cat-06.jpg\" onclick=\"return TrackClick('http%3A%2F%2Ffrancas.loisirsdegrandir.org%2Fwp-content%2Fgallery%2Faffiches_2009%2Fchalon-lycee-le-devoir-09-cat-06.jpg','')\"><img decoding=\"async\" class=\"ngg-singlepic ngg-center\" src=\"https:\/\/i0.wp.com\/francas.loisirsdegrandir.org\/wp-content\/gallery\/affiches_2009\/thumbs\/thumbs_chalon-lycee-le-devoir-09-cat-06.jpg?w=640\" alt=\"chalon-lycee-le-devoir-09-cat-06\" data-recalc-dims=\"1\" \/><\/a><\/p>\n<p><strong>M\u00e2con <\/strong>&#8211; coll\u00e8ge St Exup\u00e9ry &#8211; club solidarit\u00e9 (cat 5)<br \/>\n<a class=\"shutterset_\" href=\"https:\/\/i0.wp.com\/francas.loisirsdegrandir.org\/wp-content\/gallery\/affiches_2009\/macon-college-st-exupery-club-solidarite-cat-05.jpg\" onclick=\"return TrackClick('http%3A%2F%2Ffrancas.loisirsdegrandir.org%2Fwp-content%2Fgallery%2Faffiches_2009%2Fmacon-college-st-exupery-club-solidarite-cat-05.jpg','')\"><img decoding=\"async\" class=\"ngg-singlepic ngg-center\" src=\"https:\/\/i0.wp.com\/francas.loisirsdegrandir.org\/wp-content\/gallery\/affiches_2009\/thumbs\/thumbs_macon-college-st-exupery-club-solidarite-cat-05.jpg?w=640\" alt=\"macon-college-st-exupery-club-solidarite-cat-05\" data-recalc-dims=\"1\" \/><\/a><\/p>\n<p><strong>Pierre de Bresse<\/strong> &#8211; centre de loisirs (cat 4)<br \/>\n<a class=\"shutterset_\" href=\"https:\/\/i0.wp.com\/francas.loisirsdegrandir.org\/wp-content\/gallery\/affiches_2009\/pierre-de-bresse-centre-de-loisirs-cat-04.jpg\" onclick=\"return TrackClick('http%3A%2F%2Ffrancas.loisirsdegrandir.org%2Fwp-content%2Fgallery%2Faffiches_2009%2Fpierre-de-bresse-centre-de-loisirs-cat-04.jpg','')\"><img decoding=\"async\" class=\"ngg-singlepic ngg-center\" src=\"https:\/\/i0.wp.com\/francas.loisirsdegrandir.org\/wp-content\/gallery\/affiches_2009\/thumbs\/thumbs_pierre-de-bresse-centre-de-loisirs-cat-04.jpg?w=640\" alt=\"pierre-de-bresse-centre-de-loisirs-cat-04\" data-recalc-dims=\"1\" \/><\/a><\/p>\n<p><strong>Blanzy <\/strong>&#8211; \u00e9cole primaire Ren\u00e9 Picard (cat 3)<br \/>\n<a class=\"shutterset_\" href=\"https:\/\/i0.wp.com\/francas.loisirsdegrandir.org\/wp-content\/gallery\/affiches_2009\/blanzy-ecole-primaire-picard-02-cat-03.jpg\" onclick=\"return TrackClick('http%3A%2F%2Ffrancas.loisirsdegrandir.org%2Fwp-content%2Fgallery%2Faffiches_2009%2Fblanzy-ecole-primaire-picard-02-cat-03.jpg','')\"><img decoding=\"async\" class=\"ngg-singlepic ngg-center\" src=\"https:\/\/i0.wp.com\/francas.loisirsdegrandir.org\/wp-content\/gallery\/affiches_2009\/thumbs\/thumbs_blanzy-ecole-primaire-picard-02-cat-03.jpg?w=640\" alt=\"blanzy-ecole-primaire-picard-02-cat-03\" data-recalc-dims=\"1\" \/><\/a><\/p>\n<p><strong>Matour <\/strong>&#8211; centre de loisirs SIVU (cat 3)<br \/>\n<a class=\"shutterset_\" href=\"https:\/\/i0.wp.com\/francas.loisirsdegrandir.org\/wp-content\/gallery\/affiches_2009\/matour-centre-de-loisirs-cat-03.jpg\" onclick=\"return TrackClick('http%3A%2F%2Ffrancas.loisirsdegrandir.org%2Fwp-content%2Fgallery%2Faffiches_2009%2Fmatour-centre-de-loisirs-cat-03.jpg','')\"><img decoding=\"async\" class=\"ngg-singlepic ngg-center\" src=\"https:\/\/i0.wp.com\/francas.loisirsdegrandir.org\/wp-content\/gallery\/affiches_2009\/thumbs\/thumbs_matour-centre-de-loisirs-cat-03.jpg?w=640\" alt=\"matour-centre-de-loisirs-cat-03\" data-recalc-dims=\"1\" \/><\/a><\/p>\n<p><strong>St R\u00e9my<\/strong> &#8211; centre de loisirs ESCALE<br \/>\n<a class=\"shutterset_\" href=\"https:\/\/i0.wp.com\/francas.loisirsdegrandir.org\/wp-content\/gallery\/affiches_2009\/st-remy-centre-de-loisirs-cat-03.jpg\" onclick=\"return TrackClick('http%3A%2F%2Ffrancas.loisirsdegrandir.org%2Fwp-content%2Fgallery%2Faffiches_2009%2Fst-remy-centre-de-loisirs-cat-03.jpg','')\"><img decoding=\"async\" class=\"ngg-singlepic ngg-center\" src=\"https:\/\/i0.wp.com\/francas.loisirsdegrandir.org\/wp-content\/gallery\/affiches_2009\/thumbs\/thumbs_st-remy-centre-de-loisirs-cat-03.jpg?w=640\" alt=\"st-remy-centre-de-loisirs-cat-03\" data-recalc-dims=\"1\" \/><\/a><\/p>\n<p><strong>Tournus <\/strong>&#8211; \u00e9cole primaire Raymond Dorey (cat 3)<br \/>\n<a class=\"shutterset_\" href=\"https:\/\/i0.wp.com\/francas.loisirsdegrandir.org\/wp-content\/gallery\/affiches_2009\/tournus-ecole-dorey-03-cat-03.jpg\" onclick=\"return TrackClick('http%3A%2F%2Ffrancas.loisirsdegrandir.org%2Fwp-content%2Fgallery%2Faffiches_2009%2Ftournus-ecole-dorey-03-cat-03.jpg','')\"><img decoding=\"async\" class=\"ngg-singlepic ngg-center\" src=\"https:\/\/i0.wp.com\/francas.loisirsdegrandir.org\/wp-content\/gallery\/affiches_2009\/thumbs\/thumbs_tournus-ecole-dorey-03-cat-03.jpg?w=640\" alt=\"tournus-ecole-dorey-03-cat-03\" data-recalc-dims=\"1\" \/><\/a><\/p>\n<p><strong>Vendenesse les Charolles<\/strong> &#8211; \u00e9cole primaire (cat 3)<br \/>\n<a class=\"shutterset_\" href=\"https:\/\/i0.wp.com\/francas.loisirsdegrandir.org\/wp-content\/gallery\/affiches_2009\/vendenesse-les-charolles-ecole-primaire-01-cat-03.jpg\" onclick=\"return TrackClick('http%3A%2F%2Ffrancas.loisirsdegrandir.org%2Fwp-content%2Fgallery%2Faffiches_2009%2Fvendenesse-les-charolles-ecole-primaire-01-cat-03.jpg','')\"><img decoding=\"async\" class=\"ngg-singlepic ngg-center\" src=\"https:\/\/i0.wp.com\/francas.loisirsdegrandir.org\/wp-content\/gallery\/affiches_2009\/thumbs\/thumbs_vendenesse-les-charolles-ecole-primaire-01-cat-03.jpg?w=640\" alt=\"vendenesse-les-charolles-ecole-primaire-01-cat-03\" data-recalc-dims=\"1\" \/><\/a><\/p>\n<p><strong>St Cyr<\/strong> &#8211; \u00e9cole primaire (cat 2)<br \/>\n<a class=\"shutterset_\" href=\"https:\/\/i0.wp.com\/francas.loisirsdegrandir.org\/wp-content\/gallery\/affiches_2009\/st-cyr-ecole-primaire-cat-02.jpg\" onclick=\"return TrackClick('http%3A%2F%2Ffrancas.loisirsdegrandir.org%2Fwp-content%2Fgallery%2Faffiches_2009%2Fst-cyr-ecole-primaire-cat-02.jpg','')\"><img decoding=\"async\" class=\"ngg-singlepic ngg-center\" src=\"https:\/\/i0.wp.com\/francas.loisirsdegrandir.org\/wp-content\/gallery\/affiches_2009\/thumbs\/thumbs_st-cyr-ecole-primaire-cat-02.jpg?w=640\" alt=\"st-cyr-ecole-primaire-cat-02\" data-recalc-dims=\"1\" \/><\/a><\/p>\n<p><strong>St R\u00e9my<\/strong> &#8211; centre de loisirs ESCALE (cat 2)<br \/>\n<a class=\"shutterset_\" href=\"https:\/\/i0.wp.com\/francas.loisirsdegrandir.org\/wp-content\/gallery\/affiches_2009\/st-remy-centre-de-loisirs-cat-02.jpg\" onclick=\"return TrackClick('http%3A%2F%2Ffrancas.loisirsdegrandir.org%2Fwp-content%2Fgallery%2Faffiches_2009%2Fst-remy-centre-de-loisirs-cat-02.jpg','')\"><img decoding=\"async\" class=\"ngg-singlepic ngg-center\" src=\"https:\/\/i0.wp.com\/francas.loisirsdegrandir.org\/wp-content\/gallery\/affiches_2009\/thumbs\/thumbs_st-remy-centre-de-loisirs-cat-02.jpg?w=640\" alt=\"st-remy-centre-de-loisirs-cat-02\" data-recalc-dims=\"1\" \/><\/a><\/p>\n<p><strong>Matour <\/strong>&#8211; centre de loisirs SIVU (cat 1)<br \/>\n<a class=\"shutterset_\" href=\"https:\/\/i0.wp.com\/francas.loisirsdegrandir.org\/wp-content\/gallery\/affiches_2009\/matour-centre-de-loisirs-cat-01.jpg\" onclick=\"return TrackClick('http%3A%2F%2Ffrancas.loisirsdegrandir.org%2Fwp-content%2Fgallery%2Faffiches_2009%2Fmatour-centre-de-loisirs-cat-01.jpg','')\"><img decoding=\"async\" class=\"ngg-singlepic ngg-center\" src=\"https:\/\/i0.wp.com\/francas.loisirsdegrandir.org\/wp-content\/gallery\/affiches_2009\/thumbs\/thumbs_matour-centre-de-loisirs-cat-01.jpg?w=640\" alt=\"matour-centre-de-loisirs-cat-01\" data-recalc-dims=\"1\" \/><\/a><\/p>\n","protected":false},"excerpt":{"rendered":"<p>Jeudi 12 novembre &#8211; 19h : apr\u00e8s pr\u00e8s de deux heures de discussion et d&rsquo;\u00e9changes constructifs, le jury d\u00e9partemental a tranch\u00e9. 16 affiches ont \u00e9t\u00e9 s\u00e9lectionn\u00e9 pour participer au concours national qui se d\u00e9roule \u00e0 Strasbourg.<\/p>\n","protected":false},"author":2,"featured_media":0,"comment_status":"open","ping_status":"open","sticky":false,"template":"","format":"standard","meta":{"jetpack_post_was_ever_published":false,"_jetpack_newsletter_access":"","_jetpack_dont_email_post_to_subs":false,"_jetpack_newsletter_tier_id":0,"_jetpack_memberships_contains_paywalled_content":false,"_jetpack_memberships_contains_paid_content":false,"footnotes":"","jetpack_publicize_message":"","jetpack_publicize_feature_enabled":true,"jetpack_social_post_already_shared":false,"jetpack_social_options":{"image_generator_settings":{"template":"highway","enabled":false},"version":2}},"categories":[7],"tags":[],"class_list":["post-285","post","type-post","status-publish","format-standard","hentry","category-historique-agis-pour-tes-droits"],"jetpack_publicize_connections":[],"jetpack_featured_media_url":"","jetpack_sharing_enabled":true,"jetpack_shortlink":"https:\/\/wp.me\/p6M0zG-4B","jetpack-related-posts":[],"jetpack_likes_enabled":true,"_links":{"self":[{"href":"http:\/\/projetscitoyens.francas71.org\/index.php?rest_route=\/wp\/v2\/posts\/285"}],"collection":[{"href":"http:\/\/projetscitoyens.francas71.org\/index.php?rest_route=\/wp\/v2\/posts"}],"about":[{"href":"http:\/\/projetscitoyens.francas71.org\/index.php?rest_route=\/wp\/v2\/types\/post"}],"author":[{"embeddable":true,"href":"http:\/\/projetscitoyens.francas71.org\/index.php?rest_route=\/wp\/v2\/users\/2"}],"replies":[{"embeddable":true,"href":"http:\/\/projetscitoyens.francas71.org\/index.php?rest_route=%2Fwp%2Fv2%2Fcomments&post=285"}],"version-history":[{"count":1,"href":"http:\/\/projetscitoyens.francas71.org\/index.php?rest_route=\/wp\/v2\/posts\/285\/revisions"}],"predecessor-version":[{"id":2959,"href":"http:\/\/projetscitoyens.francas71.org\/index.php?rest_route=\/wp\/v2\/posts\/285\/revisions\/2959"}],"wp:attachment":[{"href":"http:\/\/projetscitoyens.francas71.org\/index.php?rest_route=%2Fwp%2Fv2%2Fmedia&parent=285"}],"wp:term":[{"taxonomy":"category","embeddable":true,"href":"http:\/\/projetscitoyens.francas71.org\/index.php?rest_route=%2Fwp%2Fv2%2Fcategories&post=285"},{"taxonomy":"post_tag","embeddable":true,"href":"http:\/\/projetscitoyens.francas71.org\/index.php?rest_route=%2Fwp%2Fv2%2Ftags&post=285"}],"curies":[{"name":"wp","href":"https:\/\/api.w.org\/{rel}","templated":true}]}}