{"id":2872,"date":"2019-12-18T12:00:59","date_gmt":"2019-12-18T11:00:59","guid":{"rendered":"http:\/\/www.francas71.org\/projetscitoyens\/?p=2872"},"modified":"2019-12-16T14:18:44","modified_gmt":"2019-12-16T13:18:44","slug":"cide-2019-100-000-expressions","status":"publish","type":"post","link":"http:\/\/projetscitoyens.francas71.org\/?p=2872","title":{"rendered":"{ CIDE 2019 } &#8211; 100 000 expressions"},"content":{"rendered":"<h1 style=\"text-align: center;\"><strong>Le d\u00e9fi 100 000 expressions dans le 71 !<\/strong><\/h1>\n<p>&nbsp;<\/p>\n<p>&nbsp; &nbsp; &nbsp; &nbsp; &nbsp; &nbsp; &nbsp; &nbsp;La f\u00e9d\u00e9ration nationale des Francas a eu comme objectif de recueillir la parole de 100000 enfants et adolescents afin de r\u00e9aliser un \u00e9tat des lieux de la condition enfantine en France. Vous pouvez <span style=\"color: #ff0000;\">trouver<\/span> des informations, des t\u00e9moignages ou encore <span style=\"color: #ff0000;\">contribuer <\/span>\u00e0 cette d\u00e9marche en allant sur le site: <a href=\"https:\/\/enfantsacteurscitoyens.fr\/\" onclick=\"return TrackClick('https%3A%2F%2Fenfantsacteurscitoyens.fr%2F','www.enfantsacteurscitoyens.fr')\">www.enfantsacteurscitoyens.fr<\/a><\/p>\n<p style=\"text-align: center;\">Dans le d\u00e9partement de Sa\u00f4ne et Loire, nous avons d\u00e9cid\u00e9 de lancer un d\u00e9fi pour savoir combien de paroles nous pourrions r\u00e9colt\u00e9.&nbsp;<a href=\"https:\/\/i0.wp.com\/www.francas71.org\/projetscitoyens\/wp-content\/uploads\/2019\/12\/Capture-1.jpg\" onclick=\"return TrackClick('http%3A%2F%2Fwww.francas71.org%2Fprojetscitoyens%2Fwp-content%2Fuploads%2F2019%2F12%2FCapture-1.jpg','')\"><img loading=\"lazy\" decoding=\"async\" data-attachment-id=\"2876\" data-permalink=\"http:\/\/projetscitoyens.francas71.org\/?attachment_id=2876\" data-orig-file=\"https:\/\/i0.wp.com\/projetscitoyens.francas71.org\/wp-content\/uploads\/2019\/12\/Capture-1.jpg?fit=524%2C741\" data-orig-size=\"524,741\" data-comments-opened=\"1\" data-image-meta=\"{&quot;aperture&quot;:&quot;0&quot;,&quot;credit&quot;:&quot;Morgane&quot;,&quot;camera&quot;:&quot;&quot;,&quot;caption&quot;:&quot;&quot;,&quot;created_timestamp&quot;:&quot;1575903874&quot;,&quot;copyright&quot;:&quot;&quot;,&quot;focal_length&quot;:&quot;0&quot;,&quot;iso&quot;:&quot;0&quot;,&quot;shutter_speed&quot;:&quot;0&quot;,&quot;title&quot;:&quot;&quot;,&quot;orientation&quot;:&quot;0&quot;}\" data-image-title=\"Capture\" data-image-description=\"\" data-image-caption=\"\" data-medium-file=\"https:\/\/i0.wp.com\/projetscitoyens.francas71.org\/wp-content\/uploads\/2019\/12\/Capture-1.jpg?fit=212%2C300\" data-large-file=\"https:\/\/i0.wp.com\/projetscitoyens.francas71.org\/wp-content\/uploads\/2019\/12\/Capture-1.jpg?fit=524%2C741\" tabindex=\"0\" role=\"button\" class=\" wp-image-2876 aligncenter\" src=\"https:\/\/i0.wp.com\/www.francas71.org\/projetscitoyens\/wp-content\/uploads\/2019\/12\/Capture-1-150x150.jpg?resize=176%2C176\" alt=\"\" width=\"176\" height=\"176\" srcset=\"https:\/\/i0.wp.com\/projetscitoyens.francas71.org\/wp-content\/uploads\/2019\/12\/Capture-1.jpg?resize=150%2C150 150w, https:\/\/i0.wp.com\/projetscitoyens.francas71.org\/wp-content\/uploads\/2019\/12\/Capture-1.jpg?resize=50%2C50 50w, https:\/\/i0.wp.com\/projetscitoyens.francas71.org\/wp-content\/uploads\/2019\/12\/Capture-1.jpg?zoom=2&amp;resize=176%2C176 352w\" sizes=\"(max-width: 176px) 100vw, 176px\" data-recalc-dims=\"1\" \/><\/a><\/p>\n<h2>&nbsp;<\/h2>\n<h2><strong>Voici quelques structures participantes :<\/strong><\/h2>\n<ul>\n<li>Brionnais d\u00e9couverte (Animation Jeunesse), Marcigny<\/li>\n<\/ul>\n<ul>\n<li>Foyer de l&rsquo;enfance, M\u00e2con<\/li>\n<\/ul>\n<ul>\n<li>Espace jeunesse de Montceau-les-mines<\/li>\n<\/ul>\n<h2>&nbsp;<\/h2>\n<p style=\"text-align: center;\"><strong><span style=\"color: #3366ff;\">1 &#8211; Dans ma vie, je suis heureux(-se) quand je peux faire quoi ?<\/span><\/strong><\/p>\n<p style=\"text-align: center;\">\u00catre avec les animaux<\/p>\n<p style=\"text-align: center;\"><span style=\"color: #993300;\">Jouer aux jeux vid\u00e9os, jeux de soci\u00e9t\u00e9, activit\u00e9s manuelles<\/span><\/p>\n<p style=\"text-align: center;\">Faire des sorties culturelles ou avec mes ami(e)s<\/p>\n<p style=\"text-align: center;\"><span style=\"color: #993300;\">Manger \u00e0 ma faim et dormir<\/span><\/p>\n<p style=\"text-align: center;\">Faire des c\u00e2lins \u00e0 ma famille<\/p>\n<p style=\"text-align: center;\"><span style=\"color: #993300;\">Pendant les f\u00eates de fin d&rsquo;ann\u00e9e ou les anniversaires.<\/span><\/p>\n<p style=\"text-align: center;\">Conduire des tracteurs,<\/p>\n<p style=\"text-align: center;\"><span style=\"color: #993300;\">Faire du sport<\/span><\/p>\n<p style=\"text-align: center;\">\u00c9couter de la musique<\/p>\n<p style=\"text-align: center;\"><span style=\"color: #993300;\">Rendre service<\/span><\/p>\n<h1 style=\"text-align: center;\">~<\/h1>\n<p style=\"text-align: center;\"><strong><span style=\"color: #3366ff;\">2 &#8211; Pour devenir adulte, je fais ou j&rsquo;aimerais faire quoi ?&nbsp;<\/span><\/strong><\/p>\n<p>&nbsp;<\/p>\n<p style=\"text-align: center;\">Me marier et avoir une maison.<\/p>\n<p style=\"text-align: center;\"><span style=\"color: #993300;\">Faire des \u00e9tudes, des neurosciences<\/span><\/p>\n<p style=\"text-align: center;\">Avoir un travail (v\u00e9t\u00e9rinaire, animateur (-trice), professeur de maths, moniteur (-trice) d&rsquo;\u00e9quitation, p\u00e9diatre,&#8230;)<\/p>\n<p style=\"text-align: center;\"><span style=\"color: #993300;\">Grandir<\/span><\/p>\n<p style=\"text-align: center;\">\u00catre responsable, mature, autonome, \u00eatre poli(e)<\/p>\n<p style=\"text-align: center;\"><span style=\"color: #993300;\">Rien, je ne sais pas<\/span><\/p>\n<p style=\"text-align: center;\">M&rsquo;impliquer dans la vie associative<\/p>\n<h1 style=\"text-align: center;\">~<\/h1>\n<p style=\"text-align: center;\"><strong><span style=\"color: #3366ff;\">3 &#8211; Si j&rsquo;avais un super-pouvoir, je changerais quoi dans la vie des enfants ou des jeunes de mon village, de mon quartier, de ma classe, etc ?<\/span><\/strong><\/p>\n<p style=\"text-align: center;\"><span style=\"color: #993300;\">Retrouver leur famille, vivre chez eux<\/span><\/p>\n<p style=\"text-align: center;\">Ne plus avoir de devoirs les soirs, ne plus aller \u00e0 l&rsquo;\u00e9cole<\/p>\n<p style=\"text-align: center;\"><span style=\"color: #993300;\">Que tous les enfants mangent \u00e0 leur faim<\/span><\/p>\n<p style=\"text-align: center;\">Que tous les enfants soient riches plus tard<\/p>\n<p style=\"text-align: center;\"><span style=\"color: #993300;\">Permettre la paix dans le monde, que tout le monde soit gentil<\/span><\/p>\n<p style=\"text-align: center;\">Les faire sortir dehors et les d\u00e9connecter des \u00e9crans<\/p>\n<p style=\"text-align: center;\"><span style=\"color: #993300;\">Sauve la nature (\u00ab\u00a0parce que ce n&rsquo;est pas cool pour nous et pour les futures personnes\u00a0\u00bb)<\/span><\/p>\n<p style=\"text-align: center;\">Voler dans le ciel<\/p>\n<p style=\"text-align: center;\"><span style=\"color: #993300;\">Cr\u00e9er des stades, parcs, cin\u00e9mas&#8230;<\/span><\/p>\n<p style=\"text-align: center;\">Avoir plus d&rsquo;amusements<\/p>\n<p style=\"text-align: center;\"><span style=\"color: #993300;\">Changer leur vision du monde, r\u00e9duire les in\u00e9galit\u00e9s<\/span><\/p>\n<p style=\"text-align: center;\">\u00c9liminer le harc\u00e8lement&nbsp;<\/p>\n<h1 style=\"text-align: center;\">~<\/h1>\n<p>&nbsp;<\/p>\n<p style=\"text-align: center;\"><strong>Merci \u00e0 ces jeunes pour leur participation !&nbsp;<\/strong><\/p>\n","protected":false},"excerpt":{"rendered":"<p>Le d\u00e9fi 100 000 expressions dans le 71 ! &nbsp; &nbsp; &nbsp; &nbsp; &nbsp; &nbsp; &nbsp; &nbsp; &nbsp;La f\u00e9d\u00e9ration nationale des Francas a eu comme objectif de recueillir la parole de 100000 enfants et adolescents afin de r\u00e9aliser un \u00e9tat des lieux de la condition enfantine en France. Vous pouvez trouver des informations, des t\u00e9moignages ou encore contribuer \u00e0 cette d\u00e9marche en allant sur le site: www.enfantsacteurscitoyens.fr Dans le d\u00e9partement de Sa\u00f4ne et Loire, nous avons d\u00e9cid\u00e9 de lancer un&#8230;<\/p>\n<p class=\"read-more\"><a class=\"btn btn-default\" href=\"http:\/\/projetscitoyens.francas71.org\/?p=2872\" onclick=\"return TrackClick('http%3A%2F%2Fprojetscitoyens.francas71.org%2F%3Fp%3D2872','Lire+la+suite+Lire+la+suite')\">Lire la suite<span class=\"screen-reader-text\"> Lire la suite<\/span><\/a><\/p>\n","protected":false},"author":1,"featured_media":0,"comment_status":"open","ping_status":"open","sticky":false,"template":"","format":"standard","meta":{"jetpack_post_was_ever_published":false,"_jetpack_newsletter_access":"","_jetpack_dont_email_post_to_subs":false,"_jetpack_newsletter_tier_id":0,"_jetpack_memberships_contains_paywalled_content":false,"_jetpack_memberships_contains_paid_content":false,"footnotes":"","jetpack_publicize_message":"","jetpack_publicize_feature_enabled":true,"jetpack_social_post_already_shared":false,"jetpack_social_options":{"image_generator_settings":{"template":"highway","enabled":false},"version":2}},"categories":[119,227],"tags":[],"class_list":["post-2872","post","type-post","status-publish","format-standard","hentry","category-agis-pour-tes-droits-2","category-2019-les-droits-de-lenfant"],"jetpack_publicize_connections":[],"jetpack_featured_media_url":"","jetpack_sharing_enabled":true,"jetpack_shortlink":"https:\/\/wp.me\/p6M0zG-Kk","jetpack-related-posts":[],"jetpack_likes_enabled":true,"_links":{"self":[{"href":"http:\/\/projetscitoyens.francas71.org\/index.php?rest_route=\/wp\/v2\/posts\/2872"}],"collection":[{"href":"http:\/\/projetscitoyens.francas71.org\/index.php?rest_route=\/wp\/v2\/posts"}],"about":[{"href":"http:\/\/projetscitoyens.francas71.org\/index.php?rest_route=\/wp\/v2\/types\/post"}],"author":[{"embeddable":true,"href":"http:\/\/projetscitoyens.francas71.org\/index.php?rest_route=\/wp\/v2\/users\/1"}],"replies":[{"embeddable":true,"href":"http:\/\/projetscitoyens.francas71.org\/index.php?rest_route=%2Fwp%2Fv2%2Fcomments&post=2872"}],"version-history":[{"count":11,"href":"http:\/\/projetscitoyens.francas71.org\/index.php?rest_route=\/wp\/v2\/posts\/2872\/revisions"}],"predecessor-version":[{"id":2884,"href":"http:\/\/projetscitoyens.francas71.org\/index.php?rest_route=\/wp\/v2\/posts\/2872\/revisions\/2884"}],"wp:attachment":[{"href":"http:\/\/projetscitoyens.francas71.org\/index.php?rest_route=%2Fwp%2Fv2%2Fmedia&parent=2872"}],"wp:term":[{"taxonomy":"category","embeddable":true,"href":"http:\/\/projetscitoyens.francas71.org\/index.php?rest_route=%2Fwp%2Fv2%2Fcategories&post=2872"},{"taxonomy":"post_tag","embeddable":true,"href":"http:\/\/projetscitoyens.francas71.org\/index.php?rest_route=%2Fwp%2Fv2%2Ftags&post=2872"}],"curies":[{"name":"wp","href":"https:\/\/api.w.org\/{rel}","templated":true}]}}