{"id":2937,"date":"2019-12-25T12:00:00","date_gmt":"2019-12-25T11:00:00","guid":{"rendered":"http:\/\/www.francas71.org\/projetscitoyens\/?p=2937"},"modified":"2019-12-16T14:18:33","modified_gmt":"2019-12-16T13:18:33","slug":"village-des-droits-de-lenfant","status":"publish","type":"post","link":"http:\/\/projetscitoyens.francas71.org\/?p=2937","title":{"rendered":"Village des Droits de l&rsquo;enfant"},"content":{"rendered":"\n<h2 class=\"wp-block-heading\"><\/h2>\n\n\n\n<div class=\"wp-block-group\"><div class=\"wp-block-group__inner-container is-layout-flow wp-block-group-is-layout-flow\">\n<div class=\"wp-block-group\"><div class=\"wp-block-group__inner-container is-layout-flow wp-block-group-is-layout-flow\">\n<div class=\"wp-block-group is-layout-flow wp-block-group-is-layout-flow\"><div class=\"wp-block-group__inner-container\"><\/div><\/div>\n\n\n\n<div class=\"wp-block-group\"><div class=\"wp-block-group__inner-container is-layout-flow wp-block-group-is-layout-flow\">\n<p>Du 18 au 20 novembre 2020, la ville de Cluny a accueilli le deuxi\u00e8me Village des droits de l&rsquo;enfant organis\u00e9 par les Francas 71.<\/p>\n\n\n\n<figure class=\"wp-block-gallery columns-2 is-cropped wp-block-gallery-1 is-layout-flex wp-block-gallery-is-layout-flex\"><ul class=\"blocks-gallery-grid\"><li class=\"blocks-gallery-item\"><figure><img loading=\"lazy\" decoding=\"async\" width=\"640\" height=\"958\" data-attachment-id=\"2946\" data-permalink=\"http:\/\/projetscitoyens.francas71.org\/?attachment_id=2946\" data-orig-file=\"https:\/\/i0.wp.com\/projetscitoyens.francas71.org\/wp-content\/uploads\/2019\/12\/Francas_Cluny_247.jpg?fit=1181%2C1769\" data-orig-size=\"1181,1769\" data-comments-opened=\"1\" data-image-meta=\"{&quot;aperture&quot;:&quot;4.5&quot;,&quot;credit&quot;:&quot;Nicolas Rodet&quot;,&quot;camera&quot;:&quot;NIKON D750&quot;,&quot;caption&quot;:&quot;&quot;,&quot;created_timestamp&quot;:&quot;1574264506&quot;,&quot;copyright&quot;:&quot;\\u00a9 Nicolas Rodet&quot;,&quot;focal_length&quot;:&quot;58&quot;,&quot;iso&quot;:&quot;6400&quot;,&quot;shutter_speed&quot;:&quot;0.005&quot;,&quot;title&quot;:&quot;&quot;,&quot;orientation&quot;:&quot;0&quot;}\" data-image-title=\"Francas_Cluny_247\" data-image-description=\"\" data-image-caption=\"\" data-medium-file=\"https:\/\/i0.wp.com\/projetscitoyens.francas71.org\/wp-content\/uploads\/2019\/12\/Francas_Cluny_247.jpg?fit=200%2C300\" data-large-file=\"https:\/\/i0.wp.com\/projetscitoyens.francas71.org\/wp-content\/uploads\/2019\/12\/Francas_Cluny_247.jpg?fit=640%2C958\" tabindex=\"0\" role=\"button\" src=\"https:\/\/i0.wp.com\/www.francas71.org\/projetscitoyens\/wp-content\/uploads\/2019\/12\/Francas_Cluny_247-684x1024.jpg?resize=640%2C958\" alt=\"\" data-id=\"2946\" data-full-url=\"http:\/\/www.francas71.org\/projetscitoyens\/wp-content\/uploads\/2019\/12\/Francas_Cluny_247.jpg\" data-link=\"http:\/\/www.francas71.org\/projetscitoyens\/?attachment_id=2946\" class=\"wp-image-2946\" srcset=\"https:\/\/i0.wp.com\/projetscitoyens.francas71.org\/wp-content\/uploads\/2019\/12\/Francas_Cluny_247.jpg?resize=684%2C1024 684w, https:\/\/i0.wp.com\/projetscitoyens.francas71.org\/wp-content\/uploads\/2019\/12\/Francas_Cluny_247.jpg?resize=200%2C300 200w, https:\/\/i0.wp.com\/projetscitoyens.francas71.org\/wp-content\/uploads\/2019\/12\/Francas_Cluny_247.jpg?resize=768%2C1150 768w, https:\/\/i0.wp.com\/projetscitoyens.francas71.org\/wp-content\/uploads\/2019\/12\/Francas_Cluny_247.jpg?resize=1025%2C1536 1025w, https:\/\/i0.wp.com\/projetscitoyens.francas71.org\/wp-content\/uploads\/2019\/12\/Francas_Cluny_247.jpg?resize=180%2C270 180w, https:\/\/i0.wp.com\/projetscitoyens.francas71.org\/wp-content\/uploads\/2019\/12\/Francas_Cluny_247.jpg?w=1181 1181w\" sizes=\"(max-width: 640px) 100vw, 640px\" data-recalc-dims=\"1\" \/><\/figure><\/li><li class=\"blocks-gallery-item\"><figure><img loading=\"lazy\" decoding=\"async\" width=\"640\" height=\"958\" data-attachment-id=\"2944\" data-permalink=\"http:\/\/projetscitoyens.francas71.org\/?attachment_id=2944\" data-orig-file=\"https:\/\/i0.wp.com\/projetscitoyens.francas71.org\/wp-content\/uploads\/2019\/12\/Francas_Cluny_007.jpg?fit=1181%2C1769\" data-orig-size=\"1181,1769\" data-comments-opened=\"1\" data-image-meta=\"{&quot;aperture&quot;:&quot;4&quot;,&quot;credit&quot;:&quot;Nicolas Rodet&quot;,&quot;camera&quot;:&quot;NIKON D750&quot;,&quot;caption&quot;:&quot;&quot;,&quot;created_timestamp&quot;:&quot;1574257082&quot;,&quot;copyright&quot;:&quot;\\u00a9 Nicolas Rodet&quot;,&quot;focal_length&quot;:&quot;70&quot;,&quot;iso&quot;:&quot;6400&quot;,&quot;shutter_speed&quot;:&quot;0.005&quot;,&quot;title&quot;:&quot;&quot;,&quot;orientation&quot;:&quot;0&quot;}\" data-image-title=\"Francas_Cluny_007\" data-image-description=\"\" data-image-caption=\"\" data-medium-file=\"https:\/\/i0.wp.com\/projetscitoyens.francas71.org\/wp-content\/uploads\/2019\/12\/Francas_Cluny_007.jpg?fit=200%2C300\" data-large-file=\"https:\/\/i0.wp.com\/projetscitoyens.francas71.org\/wp-content\/uploads\/2019\/12\/Francas_Cluny_007.jpg?fit=640%2C958\" tabindex=\"0\" role=\"button\" src=\"https:\/\/i0.wp.com\/www.francas71.org\/projetscitoyens\/wp-content\/uploads\/2019\/12\/Francas_Cluny_007-684x1024.jpg?resize=640%2C958\" alt=\"\" data-id=\"2944\" data-full-url=\"http:\/\/www.francas71.org\/projetscitoyens\/wp-content\/uploads\/2019\/12\/Francas_Cluny_007.jpg\" data-link=\"http:\/\/www.francas71.org\/projetscitoyens\/?attachment_id=2944\" class=\"wp-image-2944\" srcset=\"https:\/\/i0.wp.com\/projetscitoyens.francas71.org\/wp-content\/uploads\/2019\/12\/Francas_Cluny_007.jpg?resize=684%2C1024 684w, https:\/\/i0.wp.com\/projetscitoyens.francas71.org\/wp-content\/uploads\/2019\/12\/Francas_Cluny_007.jpg?resize=200%2C300 200w, https:\/\/i0.wp.com\/projetscitoyens.francas71.org\/wp-content\/uploads\/2019\/12\/Francas_Cluny_007.jpg?resize=768%2C1150 768w, https:\/\/i0.wp.com\/projetscitoyens.francas71.org\/wp-content\/uploads\/2019\/12\/Francas_Cluny_007.jpg?resize=1025%2C1536 1025w, https:\/\/i0.wp.com\/projetscitoyens.francas71.org\/wp-content\/uploads\/2019\/12\/Francas_Cluny_007.jpg?resize=180%2C270 180w, https:\/\/i0.wp.com\/projetscitoyens.francas71.org\/wp-content\/uploads\/2019\/12\/Francas_Cluny_007.jpg?w=1181 1181w\" sizes=\"(max-width: 640px) 100vw, 640px\" data-recalc-dims=\"1\" \/><\/figure><\/li><\/ul><\/figure>\n<\/div><\/div>\n<\/div><\/div>\n<\/div><\/div>\n\n\n\n<p>Environ 400 enfants ont \u00e9t\u00e9 accueillis sur ces trois jours (\u00e9coles, centres de loisirs, foyer de l&rsquo;enfance, coll\u00e8ges&#8230;). Une belle r\u00e9ussite pour les 30 ans de la CIDE.<\/p>\n\n\n\n<p>Gr\u00e2ce \u00e0 des partenaires (UNICEF, Centre social de Cluny, Harmonie Mutuelle, &#8230;), les enfants pouvaient d\u00e9couvrir la CIDE sous forme de jeux ou d&rsquo;ateliers. <\/p>\n\n\n\n<ul class=\"wp-block-list\"><li>Une d\u00e9gustation pour le droit d&rsquo;\u00eatre nourri et log\u00e9.<\/li><li>Un jeu de l&rsquo;oie ou une vid\u00e9o pour le droit de ne pas \u00eatre exploit\u00e9.<\/li><li>\u00c9criture de son r\u00eave sur un nuage pour le droit de r\u00eaver, rire et jouer<\/li><li>&#8230;.<\/li><\/ul>\n\n\n\n<p>Pour cl\u00f4turer ce village et aussi f\u00eater correctement les 30 ans, la Compagnie H\u00e9liades est venue jouer son spectacle \u00ab\u00a0La Coutume des Dr\u00f4les\u00a0\u00bb le mercredi apr\u00e8s-midi. <\/p>\n\n\n\n<figure class=\"wp-block-gallery columns-3 is-cropped wp-block-gallery-2 is-layout-flex wp-block-gallery-is-layout-flex\"><ul class=\"blocks-gallery-grid\"><li class=\"blocks-gallery-item\"><figure><img loading=\"lazy\" decoding=\"async\" width=\"640\" height=\"428\" data-attachment-id=\"2945\" data-permalink=\"http:\/\/projetscitoyens.francas71.org\/?attachment_id=2945\" data-orig-file=\"https:\/\/i0.wp.com\/projetscitoyens.francas71.org\/wp-content\/uploads\/2019\/12\/Francas_Cluny_212.jpg?fit=1769%2C1181\" data-orig-size=\"1769,1181\" data-comments-opened=\"1\" data-image-meta=\"{&quot;aperture&quot;:&quot;2.8&quot;,&quot;credit&quot;:&quot;Nicolas Rodet&quot;,&quot;camera&quot;:&quot;NIKON D750&quot;,&quot;caption&quot;:&quot;&quot;,&quot;created_timestamp&quot;:&quot;1574261795&quot;,&quot;copyright&quot;:&quot;\\u00a9 Nicolas Rodet&quot;,&quot;focal_length&quot;:&quot;70&quot;,&quot;iso&quot;:&quot;6400&quot;,&quot;shutter_speed&quot;:&quot;0.0125&quot;,&quot;title&quot;:&quot;&quot;,&quot;orientation&quot;:&quot;0&quot;}\" data-image-title=\"Francas_Cluny_212\" data-image-description=\"\" data-image-caption=\"\" data-medium-file=\"https:\/\/i0.wp.com\/projetscitoyens.francas71.org\/wp-content\/uploads\/2019\/12\/Francas_Cluny_212.jpg?fit=300%2C200\" data-large-file=\"https:\/\/i0.wp.com\/projetscitoyens.francas71.org\/wp-content\/uploads\/2019\/12\/Francas_Cluny_212.jpg?fit=640%2C428\" tabindex=\"0\" role=\"button\" src=\"https:\/\/i0.wp.com\/www.francas71.org\/projetscitoyens\/wp-content\/uploads\/2019\/12\/Francas_Cluny_212-1024x684.jpg?resize=640%2C428\" alt=\"\" data-id=\"2945\" data-full-url=\"http:\/\/www.francas71.org\/projetscitoyens\/wp-content\/uploads\/2019\/12\/Francas_Cluny_212.jpg\" data-link=\"http:\/\/www.francas71.org\/projetscitoyens\/?attachment_id=2945\" class=\"wp-image-2945\" srcset=\"https:\/\/i0.wp.com\/projetscitoyens.francas71.org\/wp-content\/uploads\/2019\/12\/Francas_Cluny_212.jpg?resize=1024%2C684 1024w, https:\/\/i0.wp.com\/projetscitoyens.francas71.org\/wp-content\/uploads\/2019\/12\/Francas_Cluny_212.jpg?resize=300%2C200 300w, https:\/\/i0.wp.com\/projetscitoyens.francas71.org\/wp-content\/uploads\/2019\/12\/Francas_Cluny_212.jpg?resize=768%2C513 768w, https:\/\/i0.wp.com\/projetscitoyens.francas71.org\/wp-content\/uploads\/2019\/12\/Francas_Cluny_212.jpg?resize=1536%2C1025 1536w, https:\/\/i0.wp.com\/projetscitoyens.francas71.org\/wp-content\/uploads\/2019\/12\/Francas_Cluny_212.jpg?resize=404%2C270 404w, https:\/\/i0.wp.com\/projetscitoyens.francas71.org\/wp-content\/uploads\/2019\/12\/Francas_Cluny_212.jpg?w=1769 1769w, https:\/\/i0.wp.com\/projetscitoyens.francas71.org\/wp-content\/uploads\/2019\/12\/Francas_Cluny_212.jpg?w=1280 1280w\" sizes=\"(max-width: 640px) 100vw, 640px\" data-recalc-dims=\"1\" \/><\/figure><\/li><li class=\"blocks-gallery-item\"><figure><img decoding=\"async\" src=\"\" alt=\"\"\/><\/figure><\/li><li class=\"blocks-gallery-item\"><figure><img decoding=\"async\" src=\"\" alt=\"\"\/><\/figure><\/li><\/ul><\/figure>\n\n\n\n<p><\/p>\n\n\n\n<p>Voici une vid\u00e9o du village :  <a href=\"https:\/\/lightmv.com\/fr\/v\/s5z2uw8\" onclick=\"return TrackClick('https%3A%2F%2Flightmv.com%2Ffr%2Fv%2Fs5z2uw8','https%3A%2F%2Flightmv.com%2Ffr%2Fv%2Fs5z2uw8')\">https:\/\/lightmv.com\/fr\/v\/s5z2uw8<\/a><\/p>\n\n\n\n<figure class=\"wp-block-audio aligncenter\"><audio controls src=\"http:\/\/www.francas71.org\/projetscitoyens\/wp-content\/uploads\/2019\/12\/Reportage_VDE.mp3\"><\/audio><figcaption><em>Reportage radio r\u00e9alis\u00e9 par des \u00e9l\u00e8ves de l&rsquo;EREA Claude Brosse de Charnay les M\u00e2con<\/em><\/figcaption><\/figure>\n\n\n\n<p><\/p>\n","protected":false},"excerpt":{"rendered":"<p>Du 18 au 20 novembre 2020, la ville de Cluny a accueilli le deuxi\u00e8me Village des droits de l&rsquo;enfant organis\u00e9 par les Francas 71. Environ 400 enfants ont \u00e9t\u00e9 accueillis sur ces trois jours (\u00e9coles, centres de loisirs, foyer de l&rsquo;enfance, coll\u00e8ges&#8230;). Une belle r\u00e9ussite pour les 30 ans de la CIDE. Gr\u00e2ce \u00e0 des partenaires (UNICEF, Centre social de Cluny, Harmonie Mutuelle, &#8230;), les enfants pouvaient d\u00e9couvrir la CIDE sous forme de jeux ou d&rsquo;ateliers. Une d\u00e9gustation pour le&#8230;<\/p>\n<p class=\"read-more\"><a class=\"btn btn-default\" href=\"http:\/\/projetscitoyens.francas71.org\/?p=2937\" onclick=\"return TrackClick('http%3A%2F%2Fprojetscitoyens.francas71.org%2F%3Fp%3D2937','Lire+la+suite+Lire+la+suite')\">Lire la suite<span class=\"screen-reader-text\"> Lire la suite<\/span><\/a><\/p>\n","protected":false},"author":1,"featured_media":2938,"comment_status":"open","ping_status":"open","sticky":false,"template":"","format":"standard","meta":{"jetpack_post_was_ever_published":false,"_jetpack_newsletter_access":"","_jetpack_dont_email_post_to_subs":false,"_jetpack_newsletter_tier_id":0,"_jetpack_memberships_contains_paywalled_content":false,"_jetpack_memberships_contains_paid_content":false,"footnotes":"","jetpack_publicize_message":"","jetpack_publicize_feature_enabled":true,"jetpack_social_post_already_shared":false,"jetpack_social_options":{"image_generator_settings":{"template":"highway","enabled":false},"version":2}},"categories":[119,227],"tags":[],"class_list":["post-2937","post","type-post","status-publish","format-standard","has-post-thumbnail","hentry","category-agis-pour-tes-droits-2","category-2019-les-droits-de-lenfant"],"jetpack_publicize_connections":[],"jetpack_featured_media_url":"https:\/\/i0.wp.com\/projetscitoyens.francas71.org\/wp-content\/uploads\/2019\/12\/Francas_Cluny_079-Copie.jpg?fit=1769%2C1181","jetpack_sharing_enabled":true,"jetpack_shortlink":"https:\/\/wp.me\/p6M0zG-Ln","jetpack-related-posts":[],"jetpack_likes_enabled":true,"_links":{"self":[{"href":"http:\/\/projetscitoyens.francas71.org\/index.php?rest_route=\/wp\/v2\/posts\/2937"}],"collection":[{"href":"http:\/\/projetscitoyens.francas71.org\/index.php?rest_route=\/wp\/v2\/posts"}],"about":[{"href":"http:\/\/projetscitoyens.francas71.org\/index.php?rest_route=\/wp\/v2\/types\/post"}],"author":[{"embeddable":true,"href":"http:\/\/projetscitoyens.francas71.org\/index.php?rest_route=\/wp\/v2\/users\/1"}],"replies":[{"embeddable":true,"href":"http:\/\/projetscitoyens.francas71.org\/index.php?rest_route=%2Fwp%2Fv2%2Fcomments&post=2937"}],"version-history":[{"count":8,"href":"http:\/\/projetscitoyens.francas71.org\/index.php?rest_route=\/wp\/v2\/posts\/2937\/revisions"}],"predecessor-version":[{"id":2950,"href":"http:\/\/projetscitoyens.francas71.org\/index.php?rest_route=\/wp\/v2\/posts\/2937\/revisions\/2950"}],"wp:featuredmedia":[{"embeddable":true,"href":"http:\/\/projetscitoyens.francas71.org\/index.php?rest_route=\/wp\/v2\/media\/2938"}],"wp:attachment":[{"href":"http:\/\/projetscitoyens.francas71.org\/index.php?rest_route=%2Fwp%2Fv2%2Fmedia&parent=2937"}],"wp:term":[{"taxonomy":"category","embeddable":true,"href":"http:\/\/projetscitoyens.francas71.org\/index.php?rest_route=%2Fwp%2Fv2%2Fcategories&post=2937"},{"taxonomy":"post_tag","embeddable":true,"href":"http:\/\/projetscitoyens.francas71.org\/index.php?rest_route=%2Fwp%2Fv2%2Ftags&post=2937"}],"curies":[{"name":"wp","href":"https:\/\/api.w.org\/{rel}","templated":true}]}}