{"id":3033,"date":"2020-01-01T12:00:00","date_gmt":"2020-01-01T11:00:00","guid":{"rendered":"http:\/\/www.francas71.org\/projetscitoyens\/?p=3033"},"modified":"2019-12-16T16:05:08","modified_gmt":"2019-12-16T15:05:08","slug":"le-projet-bande-dessinee-ecuisses","status":"publish","type":"post","link":"http:\/\/projetscitoyens.francas71.org\/?p=3033","title":{"rendered":"Le projet Bande Dessin\u00e9e  \u00c9cuisses"},"content":{"rendered":"\n<p class=\"has-text-align-center\">Vous avez pu d\u00e9couvrir les interventions ponctuelles, le d\u00e9fi 100 000 expressions ou encore le Village des droits de l&rsquo;enfant. C&rsquo;est autour du projet bande-dessin\u00e9e d&rsquo;\u00eatre pr\u00e9sent\u00e9 !<\/p>\n\n\n\n<figure class=\"wp-block-image size-large\"><img loading=\"lazy\" decoding=\"async\" width=\"640\" height=\"324\" data-attachment-id=\"3034\" data-permalink=\"http:\/\/projetscitoyens.francas71.org\/?attachment_id=3034\" data-orig-file=\"https:\/\/i0.wp.com\/projetscitoyens.francas71.org\/wp-content\/uploads\/2019\/12\/77206850_724634551365156_6258666651999272960_n-1-rotated.jpg?fit=1920%2C971\" data-orig-size=\"1920,971\" data-comments-opened=\"1\" data-image-meta=\"{&quot;aperture&quot;:&quot;0&quot;,&quot;credit&quot;:&quot;&quot;,&quot;camera&quot;:&quot;&quot;,&quot;caption&quot;:&quot;&quot;,&quot;created_timestamp&quot;:&quot;0&quot;,&quot;copyright&quot;:&quot;&quot;,&quot;focal_length&quot;:&quot;0&quot;,&quot;iso&quot;:&quot;0&quot;,&quot;shutter_speed&quot;:&quot;0&quot;,&quot;title&quot;:&quot;&quot;,&quot;orientation&quot;:&quot;1&quot;}\" data-image-title=\"77206850_724634551365156_6258666651999272960_n-1\" data-image-description=\"\" data-image-caption=\"\" data-medium-file=\"https:\/\/i0.wp.com\/projetscitoyens.francas71.org\/wp-content\/uploads\/2019\/12\/77206850_724634551365156_6258666651999272960_n-1-rotated.jpg?fit=300%2C152\" data-large-file=\"https:\/\/i0.wp.com\/projetscitoyens.francas71.org\/wp-content\/uploads\/2019\/12\/77206850_724634551365156_6258666651999272960_n-1-rotated.jpg?fit=640%2C324\" tabindex=\"0\" role=\"button\" src=\"https:\/\/i0.wp.com\/www.francas71.org\/projetscitoyens\/wp-content\/uploads\/2019\/12\/77206850_724634551365156_6258666651999272960_n-1-1024x518.jpg?resize=640%2C324\" alt=\"\" class=\"wp-image-3034\" srcset=\"https:\/\/i0.wp.com\/projetscitoyens.francas71.org\/wp-content\/uploads\/2019\/12\/77206850_724634551365156_6258666651999272960_n-1-rotated.jpg?resize=1024%2C518 1024w, https:\/\/i0.wp.com\/projetscitoyens.francas71.org\/wp-content\/uploads\/2019\/12\/77206850_724634551365156_6258666651999272960_n-1-rotated.jpg?resize=300%2C152 300w, https:\/\/i0.wp.com\/projetscitoyens.francas71.org\/wp-content\/uploads\/2019\/12\/77206850_724634551365156_6258666651999272960_n-1-rotated.jpg?resize=768%2C388 768w, https:\/\/i0.wp.com\/projetscitoyens.francas71.org\/wp-content\/uploads\/2019\/12\/77206850_724634551365156_6258666651999272960_n-1-rotated.jpg?resize=1536%2C777 1536w, https:\/\/i0.wp.com\/projetscitoyens.francas71.org\/wp-content\/uploads\/2019\/12\/77206850_724634551365156_6258666651999272960_n-1-rotated.jpg?resize=534%2C270 534w, https:\/\/i0.wp.com\/projetscitoyens.francas71.org\/wp-content\/uploads\/2019\/12\/77206850_724634551365156_6258666651999272960_n-1-rotated.jpg?w=1920 1920w, https:\/\/i0.wp.com\/projetscitoyens.francas71.org\/wp-content\/uploads\/2019\/12\/77206850_724634551365156_6258666651999272960_n-1-rotated.jpg?w=1280 1280w\" sizes=\"(max-width: 640px) 100vw, 640px\" data-recalc-dims=\"1\" \/><\/figure>\n\n\n\n<p>               Du 7 novembre au 19 d\u00e9cembre, un groupe d&rsquo;enfants d&rsquo;\u00c9cuisses a r\u00e9alis\u00e9 une bande dessin\u00e9e sur les droits de l&rsquo;enfant.<\/p>\n\n\n\n<p><strong>S\u00e9ance 1 &amp; 2 <\/strong><em>\u00a0<\/em>: Principe du photo-langage pour permettre aux enfants de s&rsquo;exprimer sur le droit des enfants.<\/p>\n\n\n\n<p><strong>S\u00e9ance 3\u00a0:<\/strong>  Atelier d&rsquo;expression sous forme de dessin. Chaque enfant choisit un droit, l&rsquo;\u00e9crit sur sa feuille. Ensuite, il dessine son ressenti sur ce droit. Puis, l&rsquo;ensemble des enfants se d\u00e9cale sur la droite et se retrouve devant une feuille avec d\u00e9j\u00e0 un premier dessin. Et apr\u00e8s, l&rsquo;enfant compl\u00e8te la planche devant lui. Et en fin de s\u00e9ance, l&rsquo;ensemble du groupe s&rsquo;exprime sur l&rsquo;atelier.<\/p>\n\n\n\n<p><strong>S\u00e9ance 4<\/strong><em>\u00a0:<\/em> D\u00e9but de la cr\u00e9ation de la bande dessin\u00e9e individuelle.<\/p>\n\n\n\n<p><strong>S\u00e9ance 5<\/strong>\u00a0: Fin de la bande dessin\u00e9e.<\/p>\n\n\n\n<p><strong>S\u00e9ances 6 &amp; 7\u00a0:<\/strong> Pr\u00e9paration de la soir\u00e9e de pr\u00e9sentation des bandes dessin\u00e9es aux familles. Et les enfants finissent par une s\u00e9ance de pr\u00e9sentation.<\/p>\n\n\n\n<p class=\"has-text-color has-background has-text-align-center has-vivid-red-color has-very-light-gray-background-color\"><em><strong>Merci aux enfants et \u00e0 la mairie d&rsquo;\u00c9cuisses pour la r\u00e9alisation de ce projet.<\/strong><\/em><\/p>\n\n\n\n<blockquote class=\"wp-block-quote is-style-large is-layout-flow wp-block-quote-is-layout-flow\"><p>D&rsquo;autres photos arriveront prochainement<\/p><p><\/p><\/blockquote>\n\n\n\n<p><\/p>\n","protected":false},"excerpt":{"rendered":"<p>Vous avez pu d\u00e9couvrir les interventions ponctuelles, le d\u00e9fi 100 000 expressions ou encore le Village des droits de l&rsquo;enfant. C&rsquo;est autour du projet bande-dessin\u00e9e d&rsquo;\u00eatre pr\u00e9sent\u00e9 ! Du 7 novembre au 19 d\u00e9cembre, un groupe d&rsquo;enfants d&rsquo;\u00c9cuisses a r\u00e9alis\u00e9 une bande dessin\u00e9e sur les droits de l&rsquo;enfant. S\u00e9ance 1 &amp; 2 \u00a0: Principe du photo-langage pour permettre aux enfants de s&rsquo;exprimer sur le droit des enfants. S\u00e9ance 3\u00a0: Atelier d&rsquo;expression sous forme de dessin. Chaque enfant choisit un droit,&#8230;<\/p>\n<p class=\"read-more\"><a class=\"btn btn-default\" href=\"http:\/\/projetscitoyens.francas71.org\/?p=3033\" onclick=\"return TrackClick('http%3A%2F%2Fprojetscitoyens.francas71.org%2F%3Fp%3D3033','Lire+la+suite+Lire+la+suite')\">Lire la suite<span class=\"screen-reader-text\"> Lire la suite<\/span><\/a><\/p>\n","protected":false},"author":1,"featured_media":3034,"comment_status":"open","ping_status":"open","sticky":false,"template":"","format":"standard","meta":{"jetpack_post_was_ever_published":false,"_jetpack_newsletter_access":"","_jetpack_dont_email_post_to_subs":false,"_jetpack_newsletter_tier_id":0,"_jetpack_memberships_contains_paywalled_content":false,"_jetpack_memberships_contains_paid_content":false,"footnotes":"","jetpack_publicize_message":"","jetpack_publicize_feature_enabled":true,"jetpack_social_post_already_shared":false,"jetpack_social_options":{"image_generator_settings":{"template":"highway","enabled":false},"version":2}},"categories":[119,227],"tags":[],"class_list":["post-3033","post","type-post","status-publish","format-standard","has-post-thumbnail","hentry","category-agis-pour-tes-droits-2","category-2019-les-droits-de-lenfant"],"jetpack_publicize_connections":[],"jetpack_featured_media_url":"https:\/\/i0.wp.com\/projetscitoyens.francas71.org\/wp-content\/uploads\/2019\/12\/77206850_724634551365156_6258666651999272960_n-1-rotated.jpg?fit=1920%2C971","jetpack_sharing_enabled":true,"jetpack_shortlink":"https:\/\/wp.me\/p6M0zG-MV","jetpack-related-posts":[],"jetpack_likes_enabled":true,"_links":{"self":[{"href":"http:\/\/projetscitoyens.francas71.org\/index.php?rest_route=\/wp\/v2\/posts\/3033"}],"collection":[{"href":"http:\/\/projetscitoyens.francas71.org\/index.php?rest_route=\/wp\/v2\/posts"}],"about":[{"href":"http:\/\/projetscitoyens.francas71.org\/index.php?rest_route=\/wp\/v2\/types\/post"}],"author":[{"embeddable":true,"href":"http:\/\/projetscitoyens.francas71.org\/index.php?rest_route=\/wp\/v2\/users\/1"}],"replies":[{"embeddable":true,"href":"http:\/\/projetscitoyens.francas71.org\/index.php?rest_route=%2Fwp%2Fv2%2Fcomments&post=3033"}],"version-history":[{"count":2,"href":"http:\/\/projetscitoyens.francas71.org\/index.php?rest_route=\/wp\/v2\/posts\/3033\/revisions"}],"predecessor-version":[{"id":3036,"href":"http:\/\/projetscitoyens.francas71.org\/index.php?rest_route=\/wp\/v2\/posts\/3033\/revisions\/3036"}],"wp:featuredmedia":[{"embeddable":true,"href":"http:\/\/projetscitoyens.francas71.org\/index.php?rest_route=\/wp\/v2\/media\/3034"}],"wp:attachment":[{"href":"http:\/\/projetscitoyens.francas71.org\/index.php?rest_route=%2Fwp%2Fv2%2Fmedia&parent=3033"}],"wp:term":[{"taxonomy":"category","embeddable":true,"href":"http:\/\/projetscitoyens.francas71.org\/index.php?rest_route=%2Fwp%2Fv2%2Fcategories&post=3033"},{"taxonomy":"post_tag","embeddable":true,"href":"http:\/\/projetscitoyens.francas71.org\/index.php?rest_route=%2Fwp%2Fv2%2Ftags&post=3033"}],"curies":[{"name":"wp","href":"https:\/\/api.w.org\/{rel}","templated":true}]}}