{"id":3038,"date":"2019-12-17T09:00:00","date_gmt":"2019-12-17T08:00:00","guid":{"rendered":"http:\/\/www.francas71.org\/projetscitoyens\/?p=3038"},"modified":"2019-12-17T08:39:12","modified_gmt":"2019-12-17T07:39:12","slug":"les-formations-bafa-2020","status":"publish","type":"post","link":"http:\/\/projetscitoyens.francas71.org\/?p=3038","title":{"rendered":"LES FORMATIONS BAFA 2020"},"content":{"rendered":"\n<h6 class=\"has-text-align-center wp-block-heading\">Voici la plaquette des diff\u00e9rents stages BAFA sur la r\u00e9gion Bourgogne Franche-Comt\u00e9.<\/h6>\n\n\n\n<p><\/p>\n\n\n\n<p><\/p>\n\n\n\n<figure class=\"wp-block-gallery columns-1 is-cropped wp-block-gallery-1 is-layout-flex wp-block-gallery-is-layout-flex\"><ul class=\"blocks-gallery-grid\"><li class=\"blocks-gallery-item\"><figure><img loading=\"lazy\" decoding=\"async\" width=\"640\" height=\"455\" data-attachment-id=\"3039\" data-permalink=\"http:\/\/projetscitoyens.francas71.org\/?attachment_id=3039\" data-orig-file=\"https:\/\/i0.wp.com\/projetscitoyens.francas71.org\/wp-content\/uploads\/2019\/12\/Capture-2.jpg?fit=1005%2C715\" data-orig-size=\"1005,715\" data-comments-opened=\"1\" data-image-meta=\"{&quot;aperture&quot;:&quot;0&quot;,&quot;credit&quot;:&quot;Morgane&quot;,&quot;camera&quot;:&quot;&quot;,&quot;caption&quot;:&quot;&quot;,&quot;created_timestamp&quot;:&quot;1576513130&quot;,&quot;copyright&quot;:&quot;&quot;,&quot;focal_length&quot;:&quot;0&quot;,&quot;iso&quot;:&quot;0&quot;,&quot;shutter_speed&quot;:&quot;0&quot;,&quot;title&quot;:&quot;&quot;,&quot;orientation&quot;:&quot;0&quot;}\" data-image-title=\"Capture-2\" data-image-description=\"\" data-image-caption=\"\" data-medium-file=\"https:\/\/i0.wp.com\/projetscitoyens.francas71.org\/wp-content\/uploads\/2019\/12\/Capture-2.jpg?fit=300%2C213\" data-large-file=\"https:\/\/i0.wp.com\/projetscitoyens.francas71.org\/wp-content\/uploads\/2019\/12\/Capture-2.jpg?fit=640%2C455\" tabindex=\"0\" role=\"button\" src=\"https:\/\/i0.wp.com\/www.francas71.org\/projetscitoyens\/wp-content\/uploads\/2019\/12\/Capture-2.jpg?resize=640%2C455\" alt=\"\" data-id=\"3039\" data-full-url=\"https:\/\/i0.wp.com\/www.francas71.org\/projetscitoyens\/wp-content\/uploads\/2019\/12\/Capture-2.jpg?resize=640%2C455\" data-link=\"http:\/\/www.francas71.org\/projetscitoyens\/?attachment_id=3039\" class=\"wp-image-3039\" srcset=\"https:\/\/i0.wp.com\/projetscitoyens.francas71.org\/wp-content\/uploads\/2019\/12\/Capture-2.jpg?w=1005 1005w, https:\/\/i0.wp.com\/projetscitoyens.francas71.org\/wp-content\/uploads\/2019\/12\/Capture-2.jpg?resize=300%2C213 300w, https:\/\/i0.wp.com\/projetscitoyens.francas71.org\/wp-content\/uploads\/2019\/12\/Capture-2.jpg?resize=768%2C546 768w, https:\/\/i0.wp.com\/projetscitoyens.francas71.org\/wp-content\/uploads\/2019\/12\/Capture-2.jpg?resize=380%2C270 380w\" sizes=\"(max-width: 640px) 100vw, 640px\" data-recalc-dims=\"1\" \/><\/figure><\/li><\/ul><\/figure>\n\n\n\n<h4 class=\"has-vivid-red-color has-text-color wp-block-heading\"><strong>A NOTER LES STAGES EN SA\u00d4NE ET LOIRE :<\/strong><\/h4>\n\n\n\n<p><strong>F\u00c9VRIER 2020<\/strong><\/p>\n\n\n\n<ul class=\"wp-block-list\"><li>22 au 29 f\u00e9vrier &#8211; Ch\u00e2lonnais &#8211; Session g\u00e9n\u00e9rale<\/li><li>24 au 29 f\u00e9vrier &#8211; Ch\u00e2lonnais &#8211; Approfondissement  <br>(Th\u00e9matique: \u00ab\u00a0Enfant et handicap\u00a0\u00bb)<\/li><\/ul>\n\n\n\n<p><\/p>\n\n\n\n<p><strong>JUILLET 2020<\/strong><\/p>\n\n\n\n<ul class=\"wp-block-list\"><li>4 au 11 juillet &#8211; M\u00e2con &#8211; Session g\u00e9n\u00e9rale<\/li><\/ul>\n\n\n\n<p><\/p>\n\n\n\n<p><strong>OCTOBRE 2020<\/strong><\/p>\n\n\n\n<ul class=\"wp-block-list\"><li>17 au 24 octobre &#8211; Louhans &#8211; Session g\u00e9n\u00e9rale<\/li><\/ul>\n\n\n\n<p><\/p>\n\n\n\n<p><\/p>\n\n\n\n<h5 class=\"wp-block-heading\">Si vous avez besoin  de renseignements contactez nous au 03.85.38.27.03 ou vous pouvez aller sur le site : <a href=\"https:\/\/www.bafa-lesfrancas.fr\/\" onclick=\"return TrackClick('https%3A%2F%2Fwww.bafa-lesfrancas.fr%2F','https%3A%2F%2Fwww.bafa-lesfrancas.fr%2F')\">https:\/\/www.bafa-lesfrancas.fr\/<\/a><\/h5>\n","protected":false},"excerpt":{"rendered":"<p>Voici la plaquette des diff\u00e9rents stages BAFA sur la r\u00e9gion Bourgogne Franche-Comt\u00e9. A NOTER LES STAGES EN SA\u00d4NE ET LOIRE : F\u00c9VRIER 2020 22 au 29 f\u00e9vrier &#8211; Ch\u00e2lonnais &#8211; Session g\u00e9n\u00e9rale 24 au 29 f\u00e9vrier &#8211; Ch\u00e2lonnais &#8211; Approfondissement (Th\u00e9matique: \u00ab\u00a0Enfant et handicap\u00a0\u00bb) JUILLET 2020 4 au 11 juillet &#8211; M\u00e2con &#8211; Session g\u00e9n\u00e9rale OCTOBRE 2020 17 au 24 octobre &#8211; Louhans &#8211; Session g\u00e9n\u00e9rale Si vous avez besoin de renseignements contactez nous au 03.85.38.27.03 ou vous pouvez aller&#8230;<\/p>\n<p class=\"read-more\"><a class=\"btn btn-default\" href=\"http:\/\/projetscitoyens.francas71.org\/?p=3038\" onclick=\"return TrackClick('http%3A%2F%2Fprojetscitoyens.francas71.org%2F%3Fp%3D3038','Lire+la+suite+Lire+la+suite')\">Lire la suite<span class=\"screen-reader-text\"> Lire la suite<\/span><\/a><\/p>\n","protected":false},"author":1,"featured_media":3042,"comment_status":"open","ping_status":"open","sticky":false,"template":"","format":"standard","meta":{"jetpack_post_was_ever_published":false,"_jetpack_newsletter_access":"","_jetpack_dont_email_post_to_subs":false,"_jetpack_newsletter_tier_id":0,"_jetpack_memberships_contains_paywalled_content":false,"_jetpack_memberships_contains_paid_content":false,"footnotes":"","jetpack_publicize_message":"","jetpack_publicize_feature_enabled":true,"jetpack_social_post_already_shared":false,"jetpack_social_options":{"image_generator_settings":{"template":"highway","enabled":false},"version":2}},"categories":[241],"tags":[],"class_list":["post-3038","post","type-post","status-publish","format-standard","has-post-thumbnail","hentry","category-actualites"],"jetpack_publicize_connections":[],"jetpack_featured_media_url":"https:\/\/i0.wp.com\/projetscitoyens.francas71.org\/wp-content\/uploads\/2019\/12\/Capture1.jpg?fit=811%2C193","jetpack_sharing_enabled":true,"jetpack_shortlink":"https:\/\/wp.me\/p6M0zG-N0","jetpack-related-posts":[],"jetpack_likes_enabled":true,"_links":{"self":[{"href":"http:\/\/projetscitoyens.francas71.org\/index.php?rest_route=\/wp\/v2\/posts\/3038"}],"collection":[{"href":"http:\/\/projetscitoyens.francas71.org\/index.php?rest_route=\/wp\/v2\/posts"}],"about":[{"href":"http:\/\/projetscitoyens.francas71.org\/index.php?rest_route=\/wp\/v2\/types\/post"}],"author":[{"embeddable":true,"href":"http:\/\/projetscitoyens.francas71.org\/index.php?rest_route=\/wp\/v2\/users\/1"}],"replies":[{"embeddable":true,"href":"http:\/\/projetscitoyens.francas71.org\/index.php?rest_route=%2Fwp%2Fv2%2Fcomments&post=3038"}],"version-history":[{"count":2,"href":"http:\/\/projetscitoyens.francas71.org\/index.php?rest_route=\/wp\/v2\/posts\/3038\/revisions"}],"predecessor-version":[{"id":3041,"href":"http:\/\/projetscitoyens.francas71.org\/index.php?rest_route=\/wp\/v2\/posts\/3038\/revisions\/3041"}],"wp:featuredmedia":[{"embeddable":true,"href":"http:\/\/projetscitoyens.francas71.org\/index.php?rest_route=\/wp\/v2\/media\/3042"}],"wp:attachment":[{"href":"http:\/\/projetscitoyens.francas71.org\/index.php?rest_route=%2Fwp%2Fv2%2Fmedia&parent=3038"}],"wp:term":[{"taxonomy":"category","embeddable":true,"href":"http:\/\/projetscitoyens.francas71.org\/index.php?rest_route=%2Fwp%2Fv2%2Fcategories&post=3038"},{"taxonomy":"post_tag","embeddable":true,"href":"http:\/\/projetscitoyens.francas71.org\/index.php?rest_route=%2Fwp%2Fv2%2Ftags&post=3038"}],"curies":[{"name":"wp","href":"https:\/\/api.w.org\/{rel}","templated":true}]}}