{"id":3076,"date":"2020-01-29T12:00:00","date_gmt":"2020-01-29T11:00:00","guid":{"rendered":"http:\/\/www.francas71.org\/projetscitoyens\/?p=3076"},"modified":"2020-01-24T14:45:18","modified_gmt":"2020-01-24T13:45:18","slug":"et-si-on-parlait-orientation","status":"publish","type":"post","link":"http:\/\/projetscitoyens.francas71.org\/?p=3076","title":{"rendered":"Et si on parlait orientation?"},"content":{"rendered":"\n<p class=\"has-drop-cap has-text-align-justify\">Depuis septembre dernier, les Francas de Sa\u00f4ne-et-Loire interviennent dans le cadre d&rsquo;un projet remobilisation toutes les deux semaines au Coll\u00e8ge St Cyr \u00e0 Matour.<\/p>\n\n\n\n<figure class=\"wp-block-image size-large is-style-circle-mask\"><img loading=\"lazy\" decoding=\"async\" width=\"1920\" height=\"2560\" data-attachment-id=\"3078\" data-permalink=\"http:\/\/projetscitoyens.francas71.org\/?attachment_id=3078\" data-orig-file=\"https:\/\/i0.wp.com\/projetscitoyens.francas71.org\/wp-content\/uploads\/2020\/01\/Matour-scaled.jpg?fit=1920%2C2560\" data-orig-size=\"1920,2560\" data-comments-opened=\"1\" data-image-meta=\"{&quot;aperture&quot;:&quot;2.4&quot;,&quot;credit&quot;:&quot;&quot;,&quot;camera&quot;:&quot;SM-G970F&quot;,&quot;caption&quot;:&quot;&quot;,&quot;created_timestamp&quot;:&quot;1579616039&quot;,&quot;copyright&quot;:&quot;&quot;,&quot;focal_length&quot;:&quot;4.32&quot;,&quot;iso&quot;:&quot;250&quot;,&quot;shutter_speed&quot;:&quot;0.02&quot;,&quot;title&quot;:&quot;&quot;,&quot;orientation&quot;:&quot;1&quot;}\" data-image-title=\"Matour\" data-image-description=\"\" data-image-caption=\"\" data-medium-file=\"https:\/\/i0.wp.com\/projetscitoyens.francas71.org\/wp-content\/uploads\/2020\/01\/Matour-scaled.jpg?fit=225%2C300\" data-large-file=\"https:\/\/i0.wp.com\/projetscitoyens.francas71.org\/wp-content\/uploads\/2020\/01\/Matour-scaled.jpg?fit=640%2C853\" tabindex=\"0\" role=\"button\" src=\"https:\/\/i2.wp.com\/www.francas71.org\/projetscitoyens\/wp-content\/uploads\/2020\/01\/Matour-scaled.jpg?fit=640%2C853\" alt=\"\" class=\"wp-image-3078\" srcset=\"https:\/\/i0.wp.com\/projetscitoyens.francas71.org\/wp-content\/uploads\/2020\/01\/Matour-scaled.jpg?w=1920 1920w, https:\/\/i0.wp.com\/projetscitoyens.francas71.org\/wp-content\/uploads\/2020\/01\/Matour-scaled.jpg?resize=225%2C300 225w, https:\/\/i0.wp.com\/projetscitoyens.francas71.org\/wp-content\/uploads\/2020\/01\/Matour-scaled.jpg?resize=768%2C1024 768w, https:\/\/i0.wp.com\/projetscitoyens.francas71.org\/wp-content\/uploads\/2020\/01\/Matour-scaled.jpg?resize=1152%2C1536 1152w, https:\/\/i0.wp.com\/projetscitoyens.francas71.org\/wp-content\/uploads\/2020\/01\/Matour-scaled.jpg?resize=1536%2C2048 1536w, https:\/\/i0.wp.com\/projetscitoyens.francas71.org\/wp-content\/uploads\/2020\/01\/Matour-scaled.jpg?resize=203%2C270 203w, https:\/\/i0.wp.com\/projetscitoyens.francas71.org\/wp-content\/uploads\/2020\/01\/Matour-scaled.jpg?w=1280 1280w\" sizes=\"(max-width: 640px) 100vw, 640px\" \/><\/figure>\n\n\n\n<p class=\"has-text-align-justify\">L&rsquo;objectif de ces s\u00e9ances pour les \u00e9l\u00e8ves est de cr\u00e9er une \u00e9mission de radio de A \u00e0 Z (pr\u00e9paration du texte, r\u00e9alisation des jingles, montage&#8230;). Pour commencer les \u00e9l\u00e8ves ont choisi leur th\u00e9matique : <br>&#8211; L&rsquo;humour d&rsquo;hier \u00e0 aujourd&rsquo;hui<br>&#8211; Halloween : l&rsquo;origine de cette tradition<br>&#8211; Le Football : comment \u00e7a fonctionne ? et l&rsquo;Euro 2020 dans tout \u00e7a ! <br><br>Pour r\u00e9aliser cette \u00e9mission, les \u00e9l\u00e8ves font des recherches de contenus mais pas que &#8230; Ils vont aussi \u00e0 la rencontre d&rsquo;autres personnes pour leur poser des questions.  Ils sont en train de nous pr\u00e9parer une \u00e9mission alliant reportages et interviews ! <\/p>\n\n\n\n<p>Ce mardi 21 janvier a \u00e9t\u00e9 une parenth\u00e8se dans leur projet. Le coll\u00e8ge a re\u00e7u 4 responsables de lyc\u00e9es professionnels pour parler d&rsquo;orientation.<br><br>Le groupe a alors pr\u00e9par\u00e9 des questions pour r\u00e9aliser une interview avec le studio radio. Vous trouverez ci-dessous l&rsquo;\u00e9mission r\u00e9alis\u00e9e.<\/p>\n\n\n\n<figure class=\"wp-block-audio\"><audio controls src=\"http:\/\/www.francas71.org\/projetscitoyens\/wp-content\/uploads\/2020\/01\/\u00c9mission-compl\u00e8te.mp3\"><\/audio><\/figure>\n\n\n\n<p><\/p>\n\n\n\n<p class=\"has-text-align-center\"><em>Nous tenons \u00e0 remercier les \u00e9l\u00e8ves de leur efficacit\u00e9 et les Responsables pour avoir accepter de passer au micro sans pr\u00e9paration.<\/em><\/p>\n\n\n\n<p><\/p>\n\n\n\n<p><\/p>\n","protected":false},"excerpt":{"rendered":"<p>Depuis septembre dernier, les Francas de Sa\u00f4ne-et-Loire interviennent dans le cadre d&rsquo;un projet remobilisation toutes les deux semaines au Coll\u00e8ge St Cyr \u00e0 Matour. L&rsquo;objectif de ces s\u00e9ances pour les \u00e9l\u00e8ves est de cr\u00e9er une \u00e9mission de radio de A \u00e0 Z (pr\u00e9paration du texte, r\u00e9alisation des jingles, montage&#8230;). Pour commencer les \u00e9l\u00e8ves ont choisi leur th\u00e9matique : &#8211; L&rsquo;humour d&rsquo;hier \u00e0 aujourd&rsquo;hui&#8211; Halloween : l&rsquo;origine de cette tradition&#8211; Le Football : comment \u00e7a fonctionne ? et l&rsquo;Euro 2020 dans&#8230;<\/p>\n<p class=\"read-more\"><a class=\"btn btn-default\" href=\"http:\/\/projetscitoyens.francas71.org\/?p=3076\" onclick=\"return TrackClick('http%3A%2F%2Fprojetscitoyens.francas71.org%2F%3Fp%3D3076','Lire+la+suite+Lire+la+suite')\">Lire la suite<span class=\"screen-reader-text\"> Lire la suite<\/span><\/a><\/p>\n","protected":false},"author":1,"featured_media":3078,"comment_status":"open","ping_status":"open","sticky":false,"template":"","format":"standard","meta":{"jetpack_post_was_ever_published":false,"_jetpack_newsletter_access":"","_jetpack_dont_email_post_to_subs":false,"_jetpack_newsletter_tier_id":0,"_jetpack_memberships_contains_paywalled_content":false,"_jetpack_memberships_contains_paid_content":false,"footnotes":"","jetpack_publicize_message":"","jetpack_publicize_feature_enabled":true,"jetpack_social_post_already_shared":true,"jetpack_social_options":{"image_generator_settings":{"template":"highway","enabled":false},"version":2}},"categories":[232,214],"tags":[],"class_list":["post-3076","post","type-post","status-publish","format-standard","has-post-thumbnail","hentry","category-2019-radio-jeunes","category-la-radio"],"jetpack_publicize_connections":[],"jetpack_featured_media_url":"https:\/\/i0.wp.com\/projetscitoyens.francas71.org\/wp-content\/uploads\/2020\/01\/Matour-scaled.jpg?fit=1920%2C2560","jetpack_sharing_enabled":true,"jetpack_shortlink":"https:\/\/wp.me\/p6M0zG-NC","jetpack-related-posts":[],"jetpack_likes_enabled":true,"_links":{"self":[{"href":"http:\/\/projetscitoyens.francas71.org\/index.php?rest_route=\/wp\/v2\/posts\/3076"}],"collection":[{"href":"http:\/\/projetscitoyens.francas71.org\/index.php?rest_route=\/wp\/v2\/posts"}],"about":[{"href":"http:\/\/projetscitoyens.francas71.org\/index.php?rest_route=\/wp\/v2\/types\/post"}],"author":[{"embeddable":true,"href":"http:\/\/projetscitoyens.francas71.org\/index.php?rest_route=\/wp\/v2\/users\/1"}],"replies":[{"embeddable":true,"href":"http:\/\/projetscitoyens.francas71.org\/index.php?rest_route=%2Fwp%2Fv2%2Fcomments&post=3076"}],"version-history":[{"count":1,"href":"http:\/\/projetscitoyens.francas71.org\/index.php?rest_route=\/wp\/v2\/posts\/3076\/revisions"}],"predecessor-version":[{"id":3079,"href":"http:\/\/projetscitoyens.francas71.org\/index.php?rest_route=\/wp\/v2\/posts\/3076\/revisions\/3079"}],"wp:featuredmedia":[{"embeddable":true,"href":"http:\/\/projetscitoyens.francas71.org\/index.php?rest_route=\/wp\/v2\/media\/3078"}],"wp:attachment":[{"href":"http:\/\/projetscitoyens.francas71.org\/index.php?rest_route=%2Fwp%2Fv2%2Fmedia&parent=3076"}],"wp:term":[{"taxonomy":"category","embeddable":true,"href":"http:\/\/projetscitoyens.francas71.org\/index.php?rest_route=%2Fwp%2Fv2%2Fcategories&post=3076"},{"taxonomy":"post_tag","embeddable":true,"href":"http:\/\/projetscitoyens.francas71.org\/index.php?rest_route=%2Fwp%2Fv2%2Ftags&post=3076"}],"curies":[{"name":"wp","href":"https:\/\/api.w.org\/{rel}","templated":true}]}}