{"id":3117,"date":"2020-05-26T16:03:22","date_gmt":"2020-05-26T15:03:22","guid":{"rendered":"http:\/\/projetscitoyens.francas71.org\/?p=3117"},"modified":"2020-05-27T09:20:02","modified_gmt":"2020-05-27T08:20:02","slug":"parole-dados-e2c","status":"publish","type":"post","link":"http:\/\/projetscitoyens.francas71.org\/?p=3117","title":{"rendered":"Parole d&rsquo;ados &#8211; E2C"},"content":{"rendered":"\n<h4 class=\"wp-block-heading\">Le jeudi 14 mai 2020, nous avons co-anim\u00e9 avec les \u00e9ducateurs de <a href=\"https:\/\/www.facebook.com\/e2c71\" onclick=\"return TrackClick('https%3A%2F%2Fwww.facebook.com%2Fe2c71','l%22Ecole+de+la+Deuxi%C3%A8me+Chance')\">l&rsquo;Ecole de la Deuxi\u00e8me Chance<\/a> de Chalon-sur-Sa\u00f4ne et de Montceau les Mines, une discussion avec les jeunes sur leur condition de vie durant la p\u00e9riode de confinement.<\/h4>\n\n\n\n<p>13 jeunes de l&rsquo;\u00e9cole port\u00e9e par la Ligue de l&rsquo;Enseignement de Bourgogne Franche-Comt\u00e9 ont particip\u00e9 \u00e0 cette discussion pour nous parler de leur vie durant ce confinement. Trois grands sujets \u00e9taient abord\u00e9s : leur projet professionnel, les relations humaines et l&rsquo;avenir.<\/p>\n\n\n\n<p>Pour retrouver les propos des jeunes &#8230; le lien vers le site internet national des Francas &#8230; <a href=\"https:\/\/enfantsacteurscitoyens.fr\/publication\/1871\" onclick=\"return TrackClick('https%3A%2F%2Fenfantsacteurscitoyens.fr%2Fpublication%2F1871','%22100+000+expressions+et+dialogues%22')\">\u00ab\u00a0100 000 expressions et dialogues\u00a0\u00bb<\/a><\/p>\n\n\n\n<figure class=\"wp-block-image size-large\"><img loading=\"lazy\" decoding=\"async\" width=\"1600\" height=\"900\" data-attachment-id=\"3118\" data-permalink=\"http:\/\/projetscitoyens.francas71.org\/?attachment_id=3118\" data-orig-file=\"https:\/\/i0.wp.com\/projetscitoyens.francas71.org\/wp-content\/uploads\/2020\/05\/debat-E2C.jpg?fit=1600%2C900\" data-orig-size=\"1600,900\" data-comments-opened=\"1\" data-image-meta=\"{&quot;aperture&quot;:&quot;0&quot;,&quot;credit&quot;:&quot;&quot;,&quot;camera&quot;:&quot;&quot;,&quot;caption&quot;:&quot;&quot;,&quot;created_timestamp&quot;:&quot;0&quot;,&quot;copyright&quot;:&quot;&quot;,&quot;focal_length&quot;:&quot;0&quot;,&quot;iso&quot;:&quot;0&quot;,&quot;shutter_speed&quot;:&quot;0&quot;,&quot;title&quot;:&quot;&quot;,&quot;orientation&quot;:&quot;0&quot;}\" data-image-title=\"debat-E2C\" data-image-description=\"\" data-image-caption=\"\" data-medium-file=\"https:\/\/i0.wp.com\/projetscitoyens.francas71.org\/wp-content\/uploads\/2020\/05\/debat-E2C.jpg?fit=300%2C169\" data-large-file=\"https:\/\/i0.wp.com\/projetscitoyens.francas71.org\/wp-content\/uploads\/2020\/05\/debat-E2C.jpg?fit=640%2C360\" tabindex=\"0\" role=\"button\" src=\"https:\/\/i1.wp.com\/projetscitoyens.francas71.org\/wp-content\/uploads\/2020\/05\/debat-E2C.jpg?fit=640%2C360\" alt=\"\" class=\"wp-image-3118\" srcset=\"https:\/\/i0.wp.com\/projetscitoyens.francas71.org\/wp-content\/uploads\/2020\/05\/debat-E2C.jpg?w=1600 1600w, https:\/\/i0.wp.com\/projetscitoyens.francas71.org\/wp-content\/uploads\/2020\/05\/debat-E2C.jpg?resize=300%2C169 300w, https:\/\/i0.wp.com\/projetscitoyens.francas71.org\/wp-content\/uploads\/2020\/05\/debat-E2C.jpg?resize=1024%2C576 1024w, https:\/\/i0.wp.com\/projetscitoyens.francas71.org\/wp-content\/uploads\/2020\/05\/debat-E2C.jpg?resize=768%2C432 768w, https:\/\/i0.wp.com\/projetscitoyens.francas71.org\/wp-content\/uploads\/2020\/05\/debat-E2C.jpg?resize=1536%2C864 1536w, https:\/\/i0.wp.com\/projetscitoyens.francas71.org\/wp-content\/uploads\/2020\/05\/debat-E2C.jpg?resize=480%2C270 480w, https:\/\/i0.wp.com\/projetscitoyens.francas71.org\/wp-content\/uploads\/2020\/05\/debat-E2C.jpg?w=1280 1280w\" sizes=\"(max-width: 640px) 100vw, 640px\" \/><\/figure>\n","protected":false},"excerpt":{"rendered":"<p>Le jeudi 14 mai 2020, nous avons co-anim\u00e9 avec les \u00e9ducateurs de l&rsquo;Ecole de la Deuxi\u00e8me Chance de Chalon-sur-Sa\u00f4ne et de Montceau les Mines, une discussion avec les jeunes sur leur condition de vie durant la p\u00e9riode de confinement. 13 jeunes de l&rsquo;\u00e9cole port\u00e9e par la Ligue de l&rsquo;Enseignement de Bourgogne Franche-Comt\u00e9 ont particip\u00e9 \u00e0 cette discussion pour nous parler de leur vie durant ce confinement. Trois grands sujets \u00e9taient abord\u00e9s : leur projet professionnel, les relations humaines et l&rsquo;avenir&#8230;.<\/p>\n<p class=\"read-more\"><a class=\"btn btn-default\" href=\"http:\/\/projetscitoyens.francas71.org\/?p=3117\" onclick=\"return TrackClick('http%3A%2F%2Fprojetscitoyens.francas71.org%2F%3Fp%3D3117','Lire+la+suite+Lire+la+suite')\">Lire la suite<span class=\"screen-reader-text\"> Lire la suite<\/span><\/a><\/p>\n","protected":false},"author":1,"featured_media":3119,"comment_status":"open","ping_status":"open","sticky":false,"template":"","format":"standard","meta":{"jetpack_post_was_ever_published":false,"_jetpack_newsletter_access":"","_jetpack_dont_email_post_to_subs":false,"_jetpack_newsletter_tier_id":0,"_jetpack_memberships_contains_paywalled_content":false,"_jetpack_memberships_contains_paid_content":false,"footnotes":"","jetpack_publicize_message":"","jetpack_publicize_feature_enabled":true,"jetpack_social_post_already_shared":true,"jetpack_social_options":{"image_generator_settings":{"template":"highway","enabled":false},"version":2}},"categories":[235],"tags":[193,249,47,192,72],"class_list":["post-3117","post","type-post","status-publish","format-standard","has-post-thumbnail","hentry","category-animation-du-reseau-de-professionnel","tag-ados","tag-amis","tag-ecole","tag-expression","tag-jeunes"],"jetpack_publicize_connections":[],"jetpack_featured_media_url":"https:\/\/i0.wp.com\/projetscitoyens.francas71.org\/wp-content\/uploads\/2020\/05\/raconte.jpg?fit=1203%2C345","jetpack_sharing_enabled":true,"jetpack_shortlink":"https:\/\/wp.me\/p6M0zG-Oh","jetpack-related-posts":[],"jetpack_likes_enabled":true,"_links":{"self":[{"href":"http:\/\/projetscitoyens.francas71.org\/index.php?rest_route=\/wp\/v2\/posts\/3117"}],"collection":[{"href":"http:\/\/projetscitoyens.francas71.org\/index.php?rest_route=\/wp\/v2\/posts"}],"about":[{"href":"http:\/\/projetscitoyens.francas71.org\/index.php?rest_route=\/wp\/v2\/types\/post"}],"author":[{"embeddable":true,"href":"http:\/\/projetscitoyens.francas71.org\/index.php?rest_route=\/wp\/v2\/users\/1"}],"replies":[{"embeddable":true,"href":"http:\/\/projetscitoyens.francas71.org\/index.php?rest_route=%2Fwp%2Fv2%2Fcomments&post=3117"}],"version-history":[{"count":2,"href":"http:\/\/projetscitoyens.francas71.org\/index.php?rest_route=\/wp\/v2\/posts\/3117\/revisions"}],"predecessor-version":[{"id":3122,"href":"http:\/\/projetscitoyens.francas71.org\/index.php?rest_route=\/wp\/v2\/posts\/3117\/revisions\/3122"}],"wp:featuredmedia":[{"embeddable":true,"href":"http:\/\/projetscitoyens.francas71.org\/index.php?rest_route=\/wp\/v2\/media\/3119"}],"wp:attachment":[{"href":"http:\/\/projetscitoyens.francas71.org\/index.php?rest_route=%2Fwp%2Fv2%2Fmedia&parent=3117"}],"wp:term":[{"taxonomy":"category","embeddable":true,"href":"http:\/\/projetscitoyens.francas71.org\/index.php?rest_route=%2Fwp%2Fv2%2Fcategories&post=3117"},{"taxonomy":"post_tag","embeddable":true,"href":"http:\/\/projetscitoyens.francas71.org\/index.php?rest_route=%2Fwp%2Fv2%2Ftags&post=3117"}],"curies":[{"name":"wp","href":"https:\/\/api.w.org\/{rel}","templated":true}]}}