{"id":3124,"date":"2020-07-24T15:32:41","date_gmt":"2020-07-24T14:32:41","guid":{"rendered":"http:\/\/projetscitoyens.francas71.org\/?p=3124"},"modified":"2020-07-24T15:32:41","modified_gmt":"2020-07-24T14:32:41","slug":"un-jour-un-centre","status":"publish","type":"post","link":"http:\/\/projetscitoyens.francas71.org\/?p=3124","title":{"rendered":"UN JOUR UN CENTRE"},"content":{"rendered":"\n<p>Durant le mois de juillet 2020, les Francas sont all\u00e9s \u00e0 la rencontre des centres de loisirs adh\u00e9rents ou partenaires.<\/p>\n\n\n\n<p>Ce sont 12 centres de loisirs ou accueils jeunes qui ont vu la visite des Francas. Pour \u00e9couter les ressentis des directrices et directeurs, pour \u00ab\u00a0sonder\u00a0\u00bb les enfants et les jeunes sur ces vacances un peu sp\u00e9ciales, pour soutenir les \u00e9quipes d&rsquo;animation en valorisant leur action \u00e9ducative.<\/p>\n\n\n\n<p>Et pour garder une trace de ces visites, un mur num\u00e9rique est ouvert. Il est compos\u00e9 de petits textes, de photos, de mots d&rsquo;enfants, etc. Le lien vers le mur est le suivant &#8230; <a href=\"https:\/\/padlet.com\/didier_rodet\/xkyix6g1wqcuym3g\" onclick=\"return TrackClick('https%3A%2F%2Fpadlet.com%2Fdidier_rodet%2Fxkyix6g1wqcuym3g','https%3A%2F%2Fpadlet.com%2Fdidier_rodet%2Fxkyix6g1wqcuym3g')\">https:\/\/padlet.com\/didier_rodet\/xkyix6g1wqcuym3g <\/a><\/p>\n\n\n\n<p> <\/p>\n","protected":false},"excerpt":{"rendered":"<p>Durant le mois de juillet 2020, les Francas sont all\u00e9s \u00e0 la rencontre des centres de loisirs adh\u00e9rents ou partenaires. Ce sont 12 centres de loisirs ou accueils jeunes qui ont vu la visite des Francas. Pour \u00e9couter les ressentis des directrices et directeurs, pour \u00ab\u00a0sonder\u00a0\u00bb les enfants et les jeunes sur ces vacances un peu sp\u00e9ciales, pour soutenir les \u00e9quipes d&rsquo;animation en valorisant leur action \u00e9ducative. Et pour garder une trace de ces visites, un mur num\u00e9rique est ouvert&#8230;.<\/p>\n<p class=\"read-more\"><a class=\"btn btn-default\" href=\"http:\/\/projetscitoyens.francas71.org\/?p=3124\" onclick=\"return TrackClick('http%3A%2F%2Fprojetscitoyens.francas71.org%2F%3Fp%3D3124','Lire+la+suite+Lire+la+suite')\">Lire la suite<span class=\"screen-reader-text\"> Lire la suite<\/span><\/a><\/p>\n","protected":false},"author":1,"featured_media":3127,"comment_status":"open","ping_status":"open","sticky":false,"template":"","format":"standard","meta":{"jetpack_post_was_ever_published":false,"_jetpack_newsletter_access":"","_jetpack_dont_email_post_to_subs":false,"_jetpack_newsletter_tier_id":0,"_jetpack_memberships_contains_paywalled_content":false,"_jetpack_memberships_contains_paid_content":false,"footnotes":"","jetpack_publicize_message":"UN JOUR UN CENTRE\nles Francas de Sa\u00f4ne et Loire rendent visite aux centres de loisirs","jetpack_publicize_feature_enabled":true,"jetpack_social_post_already_shared":true,"jetpack_social_options":{"image_generator_settings":{"template":"highway","enabled":false},"version":2}},"categories":[241,235],"tags":[27,222,244,251],"class_list":["post-3124","post","type-post","status-publish","format-standard","has-post-thumbnail","hentry","category-actualites","category-animation-du-reseau-de-professionnel","tag-centres-de-loisirs","tag-ete","tag-saone-et-loire","tag-vacances"],"jetpack_publicize_connections":[],"jetpack_featured_media_url":"https:\/\/i0.wp.com\/projetscitoyens.francas71.org\/wp-content\/uploads\/2020\/07\/bandeau-1-jour.jpg?fit=1049%2C493","jetpack_sharing_enabled":true,"jetpack_shortlink":"https:\/\/wp.me\/p6M0zG-Oo","jetpack-related-posts":[],"jetpack_likes_enabled":true,"_links":{"self":[{"href":"http:\/\/projetscitoyens.francas71.org\/index.php?rest_route=\/wp\/v2\/posts\/3124"}],"collection":[{"href":"http:\/\/projetscitoyens.francas71.org\/index.php?rest_route=\/wp\/v2\/posts"}],"about":[{"href":"http:\/\/projetscitoyens.francas71.org\/index.php?rest_route=\/wp\/v2\/types\/post"}],"author":[{"embeddable":true,"href":"http:\/\/projetscitoyens.francas71.org\/index.php?rest_route=\/wp\/v2\/users\/1"}],"replies":[{"embeddable":true,"href":"http:\/\/projetscitoyens.francas71.org\/index.php?rest_route=%2Fwp%2Fv2%2Fcomments&post=3124"}],"version-history":[{"count":2,"href":"http:\/\/projetscitoyens.francas71.org\/index.php?rest_route=\/wp\/v2\/posts\/3124\/revisions"}],"predecessor-version":[{"id":3128,"href":"http:\/\/projetscitoyens.francas71.org\/index.php?rest_route=\/wp\/v2\/posts\/3124\/revisions\/3128"}],"wp:featuredmedia":[{"embeddable":true,"href":"http:\/\/projetscitoyens.francas71.org\/index.php?rest_route=\/wp\/v2\/media\/3127"}],"wp:attachment":[{"href":"http:\/\/projetscitoyens.francas71.org\/index.php?rest_route=%2Fwp%2Fv2%2Fmedia&parent=3124"}],"wp:term":[{"taxonomy":"category","embeddable":true,"href":"http:\/\/projetscitoyens.francas71.org\/index.php?rest_route=%2Fwp%2Fv2%2Fcategories&post=3124"},{"taxonomy":"post_tag","embeddable":true,"href":"http:\/\/projetscitoyens.francas71.org\/index.php?rest_route=%2Fwp%2Fv2%2Ftags&post=3124"}],"curies":[{"name":"wp","href":"https:\/\/api.w.org\/{rel}","templated":true}]}}