{"id":3132,"date":"2020-10-16T13:04:06","date_gmt":"2020-10-16T12:04:06","guid":{"rendered":"http:\/\/projetscitoyens.francas71.org\/?p=3132"},"modified":"2020-10-16T13:04:06","modified_gmt":"2020-10-16T12:04:06","slug":"retour-sur-annee-2019","status":"publish","type":"post","link":"http:\/\/projetscitoyens.francas71.org\/?p=3132","title":{"rendered":"Retour sur ann\u00e9e 2019 !"},"content":{"rendered":"\n<p>Le vendredi 9 octobre dernier se tenait notre assembl\u00e9e g\u00e9n\u00e9rale annuelle pour revenir sur l&rsquo;ann\u00e9e 2019 et \u00e9voquer l&rsquo;ann\u00e9e 2020.<\/p>\n\n\n\n<p>Un temps privil\u00e9gi\u00e9 pour dresser un bilan des actions men\u00e9es sur une ann\u00e9e \u00ab\u00a0normale\u00a0\u00bb, avant de vivre une ann\u00e9e 2020 particuli\u00e8re ! Un temps aussi convivial pour \u00e9changer avec les \u00e9lus de l&rsquo;association et les partenaires sur notre r\u00f4le de f\u00e9d\u00e9ration d&rsquo;\u00e9ducation populaire agissant pour les enfants et les jeunes. Un temps enfin pour valoriser l&rsquo;action locale conduite par les espaces \u00e9ducatifs divers accueillant des enfants et des jeunes. A d\u00e9couvrir dans le rapport d&rsquo;activit\u00e9 ci dessous &#8230;<\/p>\n\n\n\n<figure class=\"wp-block-image size-large\"><a href=\"http:\/\/projetscitoyens.francas71.org\/wp-content\/uploads\/2020\/10\/rapport-activite-Francas-71-ann\u00e9e-2019-version-web.pdf\" onclick=\"return TrackClick('http%3A%2F%2Fprojetscitoyens.francas71.org%2Fwp-content%2Fuploads%2F2020%2F10%2Frapport-activite-Francas-71-ann%C3%A9e-2019-version-web.pdf','')\" target=\"_blank\" rel=\"noreferrer noopener\"><img loading=\"lazy\" decoding=\"async\" width=\"344\" height=\"377\" data-attachment-id=\"3133\" data-permalink=\"http:\/\/projetscitoyens.francas71.org\/?attachment_id=3133\" data-orig-file=\"https:\/\/i0.wp.com\/projetscitoyens.francas71.org\/wp-content\/uploads\/2020\/10\/couv-rapport.jpg?fit=344%2C377\" data-orig-size=\"344,377\" data-comments-opened=\"1\" data-image-meta=\"{&quot;aperture&quot;:&quot;0&quot;,&quot;credit&quot;:&quot;&quot;,&quot;camera&quot;:&quot;&quot;,&quot;caption&quot;:&quot;&quot;,&quot;created_timestamp&quot;:&quot;0&quot;,&quot;copyright&quot;:&quot;&quot;,&quot;focal_length&quot;:&quot;0&quot;,&quot;iso&quot;:&quot;0&quot;,&quot;shutter_speed&quot;:&quot;0&quot;,&quot;title&quot;:&quot;&quot;,&quot;orientation&quot;:&quot;0&quot;}\" data-image-title=\"couv-rapport\" data-image-description=\"\" data-image-caption=\"\" data-medium-file=\"https:\/\/i0.wp.com\/projetscitoyens.francas71.org\/wp-content\/uploads\/2020\/10\/couv-rapport.jpg?fit=274%2C300\" data-large-file=\"https:\/\/i0.wp.com\/projetscitoyens.francas71.org\/wp-content\/uploads\/2020\/10\/couv-rapport.jpg?fit=344%2C377\" tabindex=\"0\" role=\"button\" src=\"https:\/\/i0.wp.com\/projetscitoyens.francas71.org\/wp-content\/uploads\/2020\/10\/couv-rapport.jpg?resize=344%2C377\" alt=\"\" class=\"wp-image-3133\" srcset=\"https:\/\/i0.wp.com\/projetscitoyens.francas71.org\/wp-content\/uploads\/2020\/10\/couv-rapport.jpg?w=344 344w, https:\/\/i0.wp.com\/projetscitoyens.francas71.org\/wp-content\/uploads\/2020\/10\/couv-rapport.jpg?resize=274%2C300 274w, https:\/\/i0.wp.com\/projetscitoyens.francas71.org\/wp-content\/uploads\/2020\/10\/couv-rapport.jpg?resize=246%2C270 246w\" sizes=\"(max-width: 344px) 100vw, 344px\" data-recalc-dims=\"1\" \/><\/a><\/figure>\n","protected":false},"excerpt":{"rendered":"<p>Le vendredi 9 octobre dernier se tenait notre assembl\u00e9e g\u00e9n\u00e9rale annuelle pour revenir sur l&rsquo;ann\u00e9e 2019 et \u00e9voquer l&rsquo;ann\u00e9e 2020. Un temps privil\u00e9gi\u00e9 pour dresser un bilan des actions men\u00e9es sur une ann\u00e9e \u00ab\u00a0normale\u00a0\u00bb, avant de vivre une ann\u00e9e 2020 particuli\u00e8re ! Un temps aussi convivial pour \u00e9changer avec les \u00e9lus de l&rsquo;association et les partenaires sur notre r\u00f4le de f\u00e9d\u00e9ration d&rsquo;\u00e9ducation populaire agissant pour les enfants et les jeunes. Un temps enfin pour valoriser l&rsquo;action locale conduite par les&#8230;<\/p>\n<p class=\"read-more\"><a class=\"btn btn-default\" href=\"http:\/\/projetscitoyens.francas71.org\/?p=3132\" onclick=\"return TrackClick('http%3A%2F%2Fprojetscitoyens.francas71.org%2F%3Fp%3D3132','Lire+la+suite+Lire+la+suite')\">Lire la suite<span class=\"screen-reader-text\"> Lire la suite<\/span><\/a><\/p>\n","protected":false},"author":1,"featured_media":3133,"comment_status":"open","ping_status":"open","sticky":false,"template":"","format":"standard","meta":{"jetpack_post_was_ever_published":false,"_jetpack_newsletter_access":"","_jetpack_dont_email_post_to_subs":false,"_jetpack_newsletter_tier_id":0,"_jetpack_memberships_contains_paywalled_content":false,"_jetpack_memberships_contains_paid_content":false,"footnotes":"","jetpack_publicize_message":"","jetpack_publicize_feature_enabled":true,"jetpack_social_post_already_shared":true,"jetpack_social_options":{"image_generator_settings":{"template":"highway","enabled":false},"version":2}},"categories":[241],"tags":[],"class_list":["post-3132","post","type-post","status-publish","format-standard","has-post-thumbnail","hentry","category-actualites"],"jetpack_publicize_connections":[],"jetpack_featured_media_url":"https:\/\/i0.wp.com\/projetscitoyens.francas71.org\/wp-content\/uploads\/2020\/10\/couv-rapport.jpg?fit=344%2C377","jetpack_sharing_enabled":true,"jetpack_shortlink":"https:\/\/wp.me\/p6M0zG-Ow","jetpack-related-posts":[],"jetpack_likes_enabled":true,"_links":{"self":[{"href":"http:\/\/projetscitoyens.francas71.org\/index.php?rest_route=\/wp\/v2\/posts\/3132"}],"collection":[{"href":"http:\/\/projetscitoyens.francas71.org\/index.php?rest_route=\/wp\/v2\/posts"}],"about":[{"href":"http:\/\/projetscitoyens.francas71.org\/index.php?rest_route=\/wp\/v2\/types\/post"}],"author":[{"embeddable":true,"href":"http:\/\/projetscitoyens.francas71.org\/index.php?rest_route=\/wp\/v2\/users\/1"}],"replies":[{"embeddable":true,"href":"http:\/\/projetscitoyens.francas71.org\/index.php?rest_route=%2Fwp%2Fv2%2Fcomments&post=3132"}],"version-history":[{"count":3,"href":"http:\/\/projetscitoyens.francas71.org\/index.php?rest_route=\/wp\/v2\/posts\/3132\/revisions"}],"predecessor-version":[{"id":3136,"href":"http:\/\/projetscitoyens.francas71.org\/index.php?rest_route=\/wp\/v2\/posts\/3132\/revisions\/3136"}],"wp:featuredmedia":[{"embeddable":true,"href":"http:\/\/projetscitoyens.francas71.org\/index.php?rest_route=\/wp\/v2\/media\/3133"}],"wp:attachment":[{"href":"http:\/\/projetscitoyens.francas71.org\/index.php?rest_route=%2Fwp%2Fv2%2Fmedia&parent=3132"}],"wp:term":[{"taxonomy":"category","embeddable":true,"href":"http:\/\/projetscitoyens.francas71.org\/index.php?rest_route=%2Fwp%2Fv2%2Fcategories&post=3132"},{"taxonomy":"post_tag","embeddable":true,"href":"http:\/\/projetscitoyens.francas71.org\/index.php?rest_route=%2Fwp%2Fv2%2Ftags&post=3132"}],"curies":[{"name":"wp","href":"https:\/\/api.w.org\/{rel}","templated":true}]}}