{"id":3142,"date":"2020-10-27T15:23:50","date_gmt":"2020-10-27T14:23:50","guid":{"rendered":"http:\/\/projetscitoyens.francas71.org\/?p=3142"},"modified":"2020-10-27T15:23:50","modified_gmt":"2020-10-27T14:23:50","slug":"atelier-journalisme-les-journaleurs","status":"publish","type":"post","link":"http:\/\/projetscitoyens.francas71.org\/?p=3142","title":{"rendered":"Atelier journalisme &#8211; les Journaleurs"},"content":{"rendered":"\n<h4 class=\"wp-block-heading\">Mardi 27 octobre, nouvelle s\u00e9ance de l&rsquo;atelier journalisme \u00e0 l&rsquo;espace ados de la communaut\u00e9 de communes Auxonne-Pontailler Val de Sa\u00f4ne (<a href=\"https:\/\/www.capvaldesaone.fr\/\" onclick=\"return TrackClick('https%3A%2F%2Fwww.capvaldesaone.fr%2F','Cap+Val+de+Sa%C3%B4ne')\">Cap Val de Sa\u00f4ne<\/a>). Avec une \u00e9quipe de journalistes compos\u00e9s de 7 gar\u00e7ons et 1 filles.<\/h4>\n\n\n\n<figure class=\"wp-block-image size-large\"><img loading=\"lazy\" decoding=\"async\" width=\"640\" height=\"360\" data-attachment-id=\"3141\" data-permalink=\"http:\/\/projetscitoyens.francas71.org\/?attachment_id=3141\" data-orig-file=\"https:\/\/i0.wp.com\/projetscitoyens.francas71.org\/wp-content\/uploads\/2020\/10\/20201027_144029.jpg?fit=889%2C500\" data-orig-size=\"889,500\" data-comments-opened=\"1\" data-image-meta=\"{&quot;aperture&quot;:&quot;0&quot;,&quot;credit&quot;:&quot;&quot;,&quot;camera&quot;:&quot;&quot;,&quot;caption&quot;:&quot;&quot;,&quot;created_timestamp&quot;:&quot;0&quot;,&quot;copyright&quot;:&quot;&quot;,&quot;focal_length&quot;:&quot;0&quot;,&quot;iso&quot;:&quot;0&quot;,&quot;shutter_speed&quot;:&quot;0&quot;,&quot;title&quot;:&quot;&quot;,&quot;orientation&quot;:&quot;0&quot;}\" data-image-title=\"20201027_144029\" data-image-description=\"\" data-image-caption=\"\" data-medium-file=\"https:\/\/i0.wp.com\/projetscitoyens.francas71.org\/wp-content\/uploads\/2020\/10\/20201027_144029.jpg?fit=300%2C169\" data-large-file=\"https:\/\/i0.wp.com\/projetscitoyens.francas71.org\/wp-content\/uploads\/2020\/10\/20201027_144029.jpg?fit=640%2C360\" tabindex=\"0\" role=\"button\" src=\"https:\/\/i0.wp.com\/projetscitoyens.francas71.org\/wp-content\/uploads\/2020\/10\/20201027_144029.jpg?resize=640%2C360\" alt=\"\" class=\"wp-image-3141\" srcset=\"https:\/\/i0.wp.com\/projetscitoyens.francas71.org\/wp-content\/uploads\/2020\/10\/20201027_144029.jpg?w=889 889w, https:\/\/i0.wp.com\/projetscitoyens.francas71.org\/wp-content\/uploads\/2020\/10\/20201027_144029.jpg?resize=300%2C169 300w, https:\/\/i0.wp.com\/projetscitoyens.francas71.org\/wp-content\/uploads\/2020\/10\/20201027_144029.jpg?resize=768%2C432 768w, https:\/\/i0.wp.com\/projetscitoyens.francas71.org\/wp-content\/uploads\/2020\/10\/20201027_144029.jpg?resize=480%2C270 480w\" sizes=\"(max-width: 640px) 100vw, 640px\" data-recalc-dims=\"1\" \/><\/figure>\n\n\n\n<p><br><strong>Pr\u00e9sentation de l&rsquo;identit\u00e9 des journalistes du jour<\/strong><br>>> K\u00e9k\u00e9 le naufrag\u00e9 \/ je suis naufrag\u00e9 mais intelligent pour survivre<br>>> Le petit pirate qui va couler \/ \u00e7a tangue l\u00e0 non ? bloup, bloup<br>>> Carotte Katakuri \/ bienvenue \u00e0 Onion Cake Island, pays de la verdure et de la gourmandise<br>>> L&rsquo;Hurleur \/ on me dit souvent que je parle trop fort<br>>> El Pandito \/ j&rsquo;aime le bambou<br>>> Le mouton qui essaye de voler \/ j&rsquo;aime voler<br>>> El inventor \/ je suis inventif et intelligent<\/p>\n\n\n\n<p><strong>Les sujets trait\u00e9s aujourd&rsquo;hui par les journalistes<\/strong><br>Quatre sujets sont trait\u00e9s :<br>>> La consommation de hamburgers<br>>> la r\u00e9mun\u00e9ration des clubs de foot<br>>> les webtoons<br>>> Qui sommes nous, qui je suis ?<\/p>\n\n\n\n<p><\/p>\n","protected":false},"excerpt":{"rendered":"<p>Mardi 27 octobre, nouvelle s\u00e9ance de l&rsquo;atelier journalisme \u00e0 l&rsquo;espace ados de la communaut\u00e9 de communes Auxonne-Pontailler Val de Sa\u00f4ne (Cap Val de Sa\u00f4ne). Avec une \u00e9quipe de journalistes compos\u00e9s de 7 gar\u00e7ons et 1 filles. Pr\u00e9sentation de l&rsquo;identit\u00e9 des journalistes du jour>> K\u00e9k\u00e9 le naufrag\u00e9 \/ je suis naufrag\u00e9 mais intelligent pour survivre>> Le petit pirate qui va couler \/ \u00e7a tangue l\u00e0 non ? bloup, bloup>> Carotte Katakuri \/ bienvenue \u00e0 Onion Cake Island, pays de la verdure&#8230;<\/p>\n<p class=\"read-more\"><a class=\"btn btn-default\" href=\"http:\/\/projetscitoyens.francas71.org\/?p=3142\" onclick=\"return TrackClick('http%3A%2F%2Fprojetscitoyens.francas71.org%2F%3Fp%3D3142','Lire+la+suite+Lire+la+suite')\">Lire la suite<span class=\"screen-reader-text\"> Lire la suite<\/span><\/a><\/p>\n","protected":false},"author":1,"featured_media":3144,"comment_status":"open","ping_status":"open","sticky":false,"template":"","format":"standard","meta":{"jetpack_post_was_ever_published":false,"_jetpack_newsletter_access":"","_jetpack_dont_email_post_to_subs":false,"_jetpack_newsletter_tier_id":0,"_jetpack_memberships_contains_paywalled_content":false,"_jetpack_memberships_contains_paid_content":false,"footnotes":"","jetpack_publicize_message":"","jetpack_publicize_feature_enabled":true,"jetpack_social_post_already_shared":true,"jetpack_social_options":{"image_generator_settings":{"template":"highway","enabled":false},"version":2}},"categories":[241],"tags":[],"class_list":["post-3142","post","type-post","status-publish","format-standard","has-post-thumbnail","hentry","category-actualites"],"jetpack_publicize_connections":[],"jetpack_featured_media_url":"https:\/\/i0.wp.com\/projetscitoyens.francas71.org\/wp-content\/uploads\/2020\/10\/20201026_161731.jpg?fit=311%2C300","jetpack_sharing_enabled":true,"jetpack_shortlink":"https:\/\/wp.me\/p6M0zG-OG","jetpack-related-posts":[],"jetpack_likes_enabled":true,"_links":{"self":[{"href":"http:\/\/projetscitoyens.francas71.org\/index.php?rest_route=\/wp\/v2\/posts\/3142"}],"collection":[{"href":"http:\/\/projetscitoyens.francas71.org\/index.php?rest_route=\/wp\/v2\/posts"}],"about":[{"href":"http:\/\/projetscitoyens.francas71.org\/index.php?rest_route=\/wp\/v2\/types\/post"}],"author":[{"embeddable":true,"href":"http:\/\/projetscitoyens.francas71.org\/index.php?rest_route=\/wp\/v2\/users\/1"}],"replies":[{"embeddable":true,"href":"http:\/\/projetscitoyens.francas71.org\/index.php?rest_route=%2Fwp%2Fv2%2Fcomments&post=3142"}],"version-history":[{"count":2,"href":"http:\/\/projetscitoyens.francas71.org\/index.php?rest_route=\/wp\/v2\/posts\/3142\/revisions"}],"predecessor-version":[{"id":3145,"href":"http:\/\/projetscitoyens.francas71.org\/index.php?rest_route=\/wp\/v2\/posts\/3142\/revisions\/3145"}],"wp:featuredmedia":[{"embeddable":true,"href":"http:\/\/projetscitoyens.francas71.org\/index.php?rest_route=\/wp\/v2\/media\/3144"}],"wp:attachment":[{"href":"http:\/\/projetscitoyens.francas71.org\/index.php?rest_route=%2Fwp%2Fv2%2Fmedia&parent=3142"}],"wp:term":[{"taxonomy":"category","embeddable":true,"href":"http:\/\/projetscitoyens.francas71.org\/index.php?rest_route=%2Fwp%2Fv2%2Fcategories&post=3142"},{"taxonomy":"post_tag","embeddable":true,"href":"http:\/\/projetscitoyens.francas71.org\/index.php?rest_route=%2Fwp%2Fv2%2Ftags&post=3142"}],"curies":[{"name":"wp","href":"https:\/\/api.w.org\/{rel}","templated":true}]}}