{"id":315,"date":"2010-09-06T16:18:48","date_gmt":"2010-09-06T15:18:48","guid":{"rendered":"http:\/\/francas.loisirsdegrandir.org\/?p=315"},"modified":"2019-12-16T14:32:41","modified_gmt":"2019-12-16T13:32:41","slug":"expression-ados-15-septembre-2010","status":"publish","type":"post","link":"http:\/\/projetscitoyens.francas71.org\/?p=315","title":{"rendered":"Expression Ados &#8211; 15 septembre 2010"},"content":{"rendered":"<p style=\"text-align: left;\"><a href=\"https:\/\/i0.wp.com\/francas.loisirsdegrandir.org\/wp-content\/uploads\/2010\/09\/journee-ados-sept-10.jpg\" onclick=\"return TrackClick('http%3A%2F%2Ffrancas.loisirsdegrandir.org%2Fwp-content%2Fuploads%2F2010%2F09%2Fjournee-ados-sept-10.jpg','journee+ados+-+sept+10')\"><img loading=\"lazy\" decoding=\"async\" data-attachment-id=\"316\" data-permalink=\"http:\/\/projetscitoyens.francas71.org\/?attachment_id=316\" data-orig-file=\"https:\/\/i0.wp.com\/projetscitoyens.francas71.org\/wp-content\/uploads\/2010\/09\/journee-ados-sept-10.jpg?fit=283%2C412\" data-orig-size=\"283,412\" data-comments-opened=\"1\" data-image-meta=\"{&quot;aperture&quot;:&quot;0&quot;,&quot;credit&quot;:&quot;&quot;,&quot;camera&quot;:&quot;&quot;,&quot;caption&quot;:&quot;&quot;,&quot;created_timestamp&quot;:&quot;0&quot;,&quot;copyright&quot;:&quot;&quot;,&quot;focal_length&quot;:&quot;0&quot;,&quot;iso&quot;:&quot;0&quot;,&quot;shutter_speed&quot;:&quot;0&quot;,&quot;title&quot;:&quot;&quot;}\" data-image-title=\"journee ados &#8211; sept 10\" data-image-description=\"\" data-image-caption=\"\" data-medium-file=\"https:\/\/i0.wp.com\/projetscitoyens.francas71.org\/wp-content\/uploads\/2010\/09\/journee-ados-sept-10.jpg?fit=206%2C300\" data-large-file=\"https:\/\/i0.wp.com\/projetscitoyens.francas71.org\/wp-content\/uploads\/2010\/09\/journee-ados-sept-10.jpg?fit=283%2C412\" tabindex=\"0\" role=\"button\" class=\"size-full wp-image-316 aligncenter\" title=\"journee ados - sept 10\" src=\"https:\/\/i0.wp.com\/francas.loisirsdegrandir.org\/wp-content\/uploads\/2010\/09\/journee-ados-sept-10.jpg?resize=283%2C412\" onclick=\"return TrackClick('http%3A%2F%2Ffrancas.loisirsdegrandir.org%2Fwp-content%2Fuploads%2F2010%2F09%2Fjournee-ados-sept-10.jpg','journee+ados+-+sept+10')\" alt=\"journee ados - sept 10\" width=\"283\" height=\"412\" srcset=\"https:\/\/i0.wp.com\/projetscitoyens.francas71.org\/wp-content\/uploads\/2010\/09\/journee-ados-sept-10.jpg?w=283 283w, https:\/\/i0.wp.com\/projetscitoyens.francas71.org\/wp-content\/uploads\/2010\/09\/journee-ados-sept-10.jpg?resize=206%2C300 206w\" sizes=\"(max-width: 283px) 100vw, 283px\" data-recalc-dims=\"1\" \/><\/a>Premier rendez vous de l&rsquo;action sur les droits de l&rsquo;enfant : une demi-journ\u00e9e destin\u00e9e aux adolescents.<br \/>\nAu programme : d\u00e9couverte de formes d&rsquo;expression avec des professionnels et production de supports sur le th\u00e8me des droits de l&rsquo;enfant.<br \/>\n<strong>Un lieu<\/strong> : Etang sur Arroux.<br \/>\n<strong>Une date<\/strong> : mercredi 15 septembre<br \/>\n<strong>Des formes<\/strong> : la musique \u00e9lectronique, le graff, le slam, la photo<br \/>\n<strong>Des intervenants<\/strong> : <a href=\"http:\/\/www.myspace.com\/infracid\" onclick=\"return TrackClick('http%3A%2F%2Fwww.myspace.com%2Finfracid','Infracid')\" target=\"_blank\" rel=\"noopener noreferrer\">Infracid<\/a>, <a href=\"http:\/\/tchakconcept.com\/accueil.html\" onclick=\"return TrackClick('http%3A%2F%2Ftchakconcept.com%2Faccueil.html','Tchak')\" target=\"_blank\" rel=\"noopener noreferrer\">Tchak<\/a>, Benjamin Burtin, Camille Anglesio<\/p>\n","protected":false},"excerpt":{"rendered":"<p>Premier rendez vous de l&rsquo;action sur les droits de l&rsquo;enfant : une demi-journ\u00e9e destin\u00e9e aux adolescents. Au programme : d\u00e9couverte de formes d&rsquo;expression avec des professionnels et production de supports sur le th\u00e8me des droits de l&rsquo;enfant. Un lieu : Etang sur Arroux. Une date : mercredi 15 septembre Des formes : la musique \u00e9lectronique, le graff, le slam, la photo Des intervenants : Infracid, Tchak, Benjamin Burtin, Camille Anglesio<\/p>\n","protected":false},"author":2,"featured_media":0,"comment_status":"open","ping_status":"open","sticky":false,"template":"","format":"standard","meta":{"jetpack_post_was_ever_published":false,"_jetpack_newsletter_access":"","_jetpack_dont_email_post_to_subs":false,"_jetpack_newsletter_tier_id":0,"_jetpack_memberships_contains_paywalled_content":false,"_jetpack_memberships_contains_paid_content":false,"footnotes":"","jetpack_publicize_message":"","jetpack_publicize_feature_enabled":true,"jetpack_social_post_already_shared":false,"jetpack_social_options":{"image_generator_settings":{"template":"highway","enabled":false},"version":2}},"categories":[120],"tags":[],"class_list":["post-315","post","type-post","status-publish","format-standard","hentry","category-engagement-des-jeunes"],"jetpack_publicize_connections":[],"jetpack_featured_media_url":"","jetpack_sharing_enabled":true,"jetpack_shortlink":"https:\/\/wp.me\/p6M0zG-55","jetpack-related-posts":[],"jetpack_likes_enabled":true,"_links":{"self":[{"href":"http:\/\/projetscitoyens.francas71.org\/index.php?rest_route=\/wp\/v2\/posts\/315"}],"collection":[{"href":"http:\/\/projetscitoyens.francas71.org\/index.php?rest_route=\/wp\/v2\/posts"}],"about":[{"href":"http:\/\/projetscitoyens.francas71.org\/index.php?rest_route=\/wp\/v2\/types\/post"}],"author":[{"embeddable":true,"href":"http:\/\/projetscitoyens.francas71.org\/index.php?rest_route=\/wp\/v2\/users\/2"}],"replies":[{"embeddable":true,"href":"http:\/\/projetscitoyens.francas71.org\/index.php?rest_route=%2Fwp%2Fv2%2Fcomments&post=315"}],"version-history":[{"count":1,"href":"http:\/\/projetscitoyens.francas71.org\/index.php?rest_route=\/wp\/v2\/posts\/315\/revisions"}],"predecessor-version":[{"id":2958,"href":"http:\/\/projetscitoyens.francas71.org\/index.php?rest_route=\/wp\/v2\/posts\/315\/revisions\/2958"}],"wp:attachment":[{"href":"http:\/\/projetscitoyens.francas71.org\/index.php?rest_route=%2Fwp%2Fv2%2Fmedia&parent=315"}],"wp:term":[{"taxonomy":"category","embeddable":true,"href":"http:\/\/projetscitoyens.francas71.org\/index.php?rest_route=%2Fwp%2Fv2%2Fcategories&post=315"},{"taxonomy":"post_tag","embeddable":true,"href":"http:\/\/projetscitoyens.francas71.org\/index.php?rest_route=%2Fwp%2Fv2%2Ftags&post=315"}],"curies":[{"name":"wp","href":"https:\/\/api.w.org\/{rel}","templated":true}]}}