{"id":3168,"date":"2020-10-30T16:11:38","date_gmt":"2020-10-30T15:11:38","guid":{"rendered":"http:\/\/projetscitoyens.francas71.org\/?p=3168"},"modified":"2020-10-30T16:11:38","modified_gmt":"2020-10-30T15:11:38","slug":"les-vacances","status":"publish","type":"post","link":"http:\/\/projetscitoyens.francas71.org\/?p=3168","title":{"rendered":"Les vacances"},"content":{"rendered":"\n<h4 class=\"wp-block-heading\">Pour les jeunes r\u00e9unis a l&rsquo;<a href=\"https:\/\/www.facebook.com\/espaceadoscapvaldesaone\" onclick=\"return TrackClick('https%3A%2F%2Fwww.facebook.com%2Fespaceadoscapvaldesaone','espace+ados')\">espace ados<\/a> du <a href=\"https:\/\/www.capvaldesaone.fr\/\" onclick=\"return TrackClick('https%3A%2F%2Fwww.capvaldesaone.fr%2F','CAP+Val+de+Sa%C3%B4ne')\">CAP Val de Sa\u00f4ne<\/a> le vendredi 30 octobre 2020 des vacances r\u00e9ussies ce sont des vacances &#8230;&#8230;.<\/h4>\n\n\n\n<p>>> O\u00f9 on fait ce que l&rsquo;on veut faire <\/p>\n\n\n\n<p>>> O\u00f9 on ne reste pas tout seul <\/p>\n\n\n\n<p>>> O\u00f9 on fait des activit\u00e9s<\/p>\n\n\n\n<p>>> O\u00f9 on passe du temps avec des amis et des copains <\/p>\n\n\n\n<p>>> O\u00f9 on n&rsquo;a pas de devoirs scolaire <\/p>\n\n\n\n<p>>> O\u00f9 on peut partir loin de chez soi  <\/p>\n\n\n\n<figure class=\"wp-block-image size-large\"><img loading=\"lazy\" decoding=\"async\" width=\"640\" height=\"457\" data-attachment-id=\"3171\" data-permalink=\"http:\/\/projetscitoyens.francas71.org\/?attachment_id=3171\" data-orig-file=\"https:\/\/i0.wp.com\/projetscitoyens.francas71.org\/wp-content\/uploads\/2020\/10\/prive-de-vacances-cet-ete.jpg?fit=849%2C606\" data-orig-size=\"849,606\" data-comments-opened=\"1\" data-image-meta=\"{&quot;aperture&quot;:&quot;0&quot;,&quot;credit&quot;:&quot;ALF photo - stock.adobe.com&quot;,&quot;camera&quot;:&quot;&quot;,&quot;caption&quot;:&quot;&quot;,&quot;created_timestamp&quot;:&quot;1496826970&quot;,&quot;copyright&quot;:&quot;\\u00a9ALF photo - stock.adobe.com&quot;,&quot;focal_length&quot;:&quot;0&quot;,&quot;iso&quot;:&quot;0&quot;,&quot;shutter_speed&quot;:&quot;0&quot;,&quot;title&quot;:&quot;ardoise c&#039;est les vacances&quot;,&quot;orientation&quot;:&quot;1&quot;}\" data-image-title=\"ardoise c&amp;rsquo;est les vacances\" data-image-description=\"\" data-image-caption=\"\" data-medium-file=\"https:\/\/i0.wp.com\/projetscitoyens.francas71.org\/wp-content\/uploads\/2020\/10\/prive-de-vacances-cet-ete.jpg?fit=300%2C214\" data-large-file=\"https:\/\/i0.wp.com\/projetscitoyens.francas71.org\/wp-content\/uploads\/2020\/10\/prive-de-vacances-cet-ete.jpg?fit=640%2C457\" tabindex=\"0\" role=\"button\" src=\"https:\/\/i0.wp.com\/projetscitoyens.francas71.org\/wp-content\/uploads\/2020\/10\/prive-de-vacances-cet-ete.jpg?resize=640%2C457\" alt=\"\" class=\"wp-image-3171\" srcset=\"https:\/\/i0.wp.com\/projetscitoyens.francas71.org\/wp-content\/uploads\/2020\/10\/prive-de-vacances-cet-ete.jpg?w=849 849w, https:\/\/i0.wp.com\/projetscitoyens.francas71.org\/wp-content\/uploads\/2020\/10\/prive-de-vacances-cet-ete.jpg?resize=300%2C214 300w, https:\/\/i0.wp.com\/projetscitoyens.francas71.org\/wp-content\/uploads\/2020\/10\/prive-de-vacances-cet-ete.jpg?resize=768%2C548 768w, https:\/\/i0.wp.com\/projetscitoyens.francas71.org\/wp-content\/uploads\/2020\/10\/prive-de-vacances-cet-ete.jpg?resize=378%2C270 378w\" sizes=\"(max-width: 640px) 100vw, 640px\" data-recalc-dims=\"1\" \/><\/figure>\n\n\n\n<p>Article r\u00e9alis\u00e9 \u00e0 partir des expressions de Jules, Souleymane, Axel, Kelyann, Dylan, Ethan et Gabriel<\/p>\n","protected":false},"excerpt":{"rendered":"<p>Pour les jeunes r\u00e9unis a l&rsquo;espace ados du CAP Val de Sa\u00f4ne le vendredi 30 octobre 2020 des vacances r\u00e9ussies ce sont des vacances &#8230;&#8230;. >> O\u00f9 on fait ce que l&rsquo;on veut faire >> O\u00f9 on ne reste pas tout seul >> O\u00f9 on fait des activit\u00e9s >> O\u00f9 on passe du temps avec des amis et des copains >> O\u00f9 on n&rsquo;a pas de devoirs scolaire >> O\u00f9 on peut partir loin de chez soi Article r\u00e9alis\u00e9 \u00e0&#8230;<\/p>\n<p class=\"read-more\"><a class=\"btn btn-default\" href=\"http:\/\/projetscitoyens.francas71.org\/?p=3168\" onclick=\"return TrackClick('http%3A%2F%2Fprojetscitoyens.francas71.org%2F%3Fp%3D3168','Lire+la+suite+Lire+la+suite')\">Lire la suite<span class=\"screen-reader-text\"> Lire la suite<\/span><\/a><\/p>\n","protected":false},"author":1,"featured_media":0,"comment_status":"open","ping_status":"open","sticky":false,"template":"","format":"standard","meta":{"jetpack_post_was_ever_published":false,"_jetpack_newsletter_access":"","_jetpack_dont_email_post_to_subs":false,"_jetpack_newsletter_tier_id":0,"_jetpack_memberships_contains_paywalled_content":false,"_jetpack_memberships_contains_paid_content":false,"footnotes":"","jetpack_publicize_message":"","jetpack_publicize_feature_enabled":true,"jetpack_social_post_already_shared":true,"jetpack_social_options":{"image_generator_settings":{"template":"highway","enabled":false},"version":2}},"categories":[241],"tags":[253,252,213],"class_list":["post-3168","post","type-post","status-publish","format-standard","hentry","category-actualites","tag-activites","tag-copains","tag-vacance"],"jetpack_publicize_connections":[],"jetpack_featured_media_url":"","jetpack_sharing_enabled":true,"jetpack_shortlink":"https:\/\/wp.me\/p6M0zG-P6","jetpack-related-posts":[],"jetpack_likes_enabled":true,"_links":{"self":[{"href":"http:\/\/projetscitoyens.francas71.org\/index.php?rest_route=\/wp\/v2\/posts\/3168"}],"collection":[{"href":"http:\/\/projetscitoyens.francas71.org\/index.php?rest_route=\/wp\/v2\/posts"}],"about":[{"href":"http:\/\/projetscitoyens.francas71.org\/index.php?rest_route=\/wp\/v2\/types\/post"}],"author":[{"embeddable":true,"href":"http:\/\/projetscitoyens.francas71.org\/index.php?rest_route=\/wp\/v2\/users\/1"}],"replies":[{"embeddable":true,"href":"http:\/\/projetscitoyens.francas71.org\/index.php?rest_route=%2Fwp%2Fv2%2Fcomments&post=3168"}],"version-history":[{"count":3,"href":"http:\/\/projetscitoyens.francas71.org\/index.php?rest_route=\/wp\/v2\/posts\/3168\/revisions"}],"predecessor-version":[{"id":3174,"href":"http:\/\/projetscitoyens.francas71.org\/index.php?rest_route=\/wp\/v2\/posts\/3168\/revisions\/3174"}],"wp:attachment":[{"href":"http:\/\/projetscitoyens.francas71.org\/index.php?rest_route=%2Fwp%2Fv2%2Fmedia&parent=3168"}],"wp:term":[{"taxonomy":"category","embeddable":true,"href":"http:\/\/projetscitoyens.francas71.org\/index.php?rest_route=%2Fwp%2Fv2%2Fcategories&post=3168"},{"taxonomy":"post_tag","embeddable":true,"href":"http:\/\/projetscitoyens.francas71.org\/index.php?rest_route=%2Fwp%2Fv2%2Ftags&post=3168"}],"curies":[{"name":"wp","href":"https:\/\/api.w.org\/{rel}","templated":true}]}}