{"id":3169,"date":"2020-10-30T16:16:31","date_gmt":"2020-10-30T15:16:31","guid":{"rendered":"http:\/\/projetscitoyens.francas71.org\/?p=3169"},"modified":"2020-10-30T16:16:31","modified_gmt":"2020-10-30T15:16:31","slug":"a-quoi-servent-les-vacances-en-accueil-jeunes","status":"publish","type":"post","link":"http:\/\/projetscitoyens.francas71.org\/?p=3169","title":{"rendered":"A quoi servent les vacances en accueil jeunes ?"},"content":{"rendered":"\n<h4 class=\"wp-block-heading\">Les vacances en accueil jeunes doivent servir \u00e0 :<\/h4>\n\n\n\n<p><\/p>\n\n\n\n<p>Ne pas s&rsquo;ennuyer <br>S&rsquo;amuser <br>Faire travailler les animateurs pour qu&rsquo;ils soient pay\u00e9s<br>Retrouver ses copains <br>Profiter et \u00e0 s&rsquo;instruire <br>Faire des activit\u00e9s que l&rsquo;on ne peut pas faire chez soi<br>Rencontrer d&rsquo;autres personnes<br>Oublier l&rsquo;\u00e9cole <br>Se d\u00e9tendre<br>Etre en paix \/ en harmonie avec les autres<br>Rigoler avec les autres <\/p>\n\n\n\n<figure class=\"wp-block-image is-resized\"><img loading=\"lazy\" decoding=\"async\" data-attachment-id=\"3172\" data-permalink=\"http:\/\/projetscitoyens.francas71.org\/?attachment_id=3172\" data-orig-file=\"https:\/\/i0.wp.com\/projetscitoyens.francas71.org\/wp-content\/uploads\/2020\/10\/centre-ado.jpg?fit=520%2C245\" data-orig-size=\"520,245\" data-comments-opened=\"1\" data-image-meta=\"{&quot;aperture&quot;:&quot;0&quot;,&quot;credit&quot;:&quot;&quot;,&quot;camera&quot;:&quot;&quot;,&quot;caption&quot;:&quot;&quot;,&quot;created_timestamp&quot;:&quot;0&quot;,&quot;copyright&quot;:&quot;&quot;,&quot;focal_length&quot;:&quot;0&quot;,&quot;iso&quot;:&quot;0&quot;,&quot;shutter_speed&quot;:&quot;0&quot;,&quot;title&quot;:&quot;&quot;,&quot;orientation&quot;:&quot;1&quot;}\" data-image-title=\"\" data-image-description=\"\" data-image-caption=\"\" data-medium-file=\"https:\/\/i0.wp.com\/projetscitoyens.francas71.org\/wp-content\/uploads\/2020\/10\/centre-ado.jpg?fit=300%2C141\" data-large-file=\"https:\/\/i0.wp.com\/projetscitoyens.francas71.org\/wp-content\/uploads\/2020\/10\/centre-ado.jpg?fit=520%2C245\" tabindex=\"0\" role=\"button\" src=\"https:\/\/i0.wp.com\/projetscitoyens.francas71.org\/wp-content\/uploads\/2020\/10\/centre-ado.jpg?resize=609%2C287\" alt=\"\" class=\"wp-image-3172\" width=\"609\" height=\"287\" srcset=\"https:\/\/i0.wp.com\/projetscitoyens.francas71.org\/wp-content\/uploads\/2020\/10\/centre-ado.jpg?w=520 520w, https:\/\/i0.wp.com\/projetscitoyens.francas71.org\/wp-content\/uploads\/2020\/10\/centre-ado.jpg?resize=300%2C141 300w\" sizes=\"(max-width: 609px) 100vw, 609px\" data-recalc-dims=\"1\" \/><\/figure>\n\n\n\n<p>Par Kelyann, Souleymane, Jules, Axel, Dylan, Gabriel, Ethan de <a href=\"https:\/\/www.facebook.com\/espaceadoscapvaldesaone\/\" onclick=\"return TrackClick('https%3A%2F%2Fwww.facebook.com%2Fespaceadoscapvaldesaone%2F','l%22espace+ados')\">l&rsquo;espace ados<\/a> du <a href=\"https:\/\/www.capvaldesaone.fr\/\" onclick=\"return TrackClick('https%3A%2F%2Fwww.capvaldesaone.fr%2F','CAP+Val+de+Sa%C3%B4ne')\">CAP Val de Sa\u00f4ne<\/a><\/p>\n","protected":false},"excerpt":{"rendered":"<p>Les vacances en accueil jeunes doivent servir \u00e0 : Ne pas s&rsquo;ennuyer S&rsquo;amuser Faire travailler les animateurs pour qu&rsquo;ils soient pay\u00e9sRetrouver ses copains Profiter et \u00e0 s&rsquo;instruire Faire des activit\u00e9s que l&rsquo;on ne peut pas faire chez soiRencontrer d&rsquo;autres personnesOublier l&rsquo;\u00e9cole Se d\u00e9tendreEtre en paix \/ en harmonie avec les autresRigoler avec les autres Par Kelyann, Souleymane, Jules, Axel, Dylan, Gabriel, Ethan de l&rsquo;espace ados du CAP Val de Sa\u00f4ne<\/p>\n","protected":false},"author":1,"featured_media":0,"comment_status":"open","ping_status":"open","sticky":false,"template":"","format":"standard","meta":{"jetpack_post_was_ever_published":false,"_jetpack_newsletter_access":"","_jetpack_dont_email_post_to_subs":false,"_jetpack_newsletter_tier_id":0,"_jetpack_memberships_contains_paywalled_content":false,"_jetpack_memberships_contains_paid_content":false,"footnotes":"","jetpack_publicize_message":"","jetpack_publicize_feature_enabled":true,"jetpack_social_post_already_shared":true,"jetpack_social_options":{"image_generator_settings":{"template":"highway","enabled":false},"version":2}},"categories":[241],"tags":[],"class_list":["post-3169","post","type-post","status-publish","format-standard","hentry","category-actualites"],"jetpack_publicize_connections":[],"jetpack_featured_media_url":"","jetpack_sharing_enabled":true,"jetpack_shortlink":"https:\/\/wp.me\/p6M0zG-P7","jetpack-related-posts":[],"jetpack_likes_enabled":true,"_links":{"self":[{"href":"http:\/\/projetscitoyens.francas71.org\/index.php?rest_route=\/wp\/v2\/posts\/3169"}],"collection":[{"href":"http:\/\/projetscitoyens.francas71.org\/index.php?rest_route=\/wp\/v2\/posts"}],"about":[{"href":"http:\/\/projetscitoyens.francas71.org\/index.php?rest_route=\/wp\/v2\/types\/post"}],"author":[{"embeddable":true,"href":"http:\/\/projetscitoyens.francas71.org\/index.php?rest_route=\/wp\/v2\/users\/1"}],"replies":[{"embeddable":true,"href":"http:\/\/projetscitoyens.francas71.org\/index.php?rest_route=%2Fwp%2Fv2%2Fcomments&post=3169"}],"version-history":[{"count":2,"href":"http:\/\/projetscitoyens.francas71.org\/index.php?rest_route=\/wp\/v2\/posts\/3169\/revisions"}],"predecessor-version":[{"id":3176,"href":"http:\/\/projetscitoyens.francas71.org\/index.php?rest_route=\/wp\/v2\/posts\/3169\/revisions\/3176"}],"wp:attachment":[{"href":"http:\/\/projetscitoyens.francas71.org\/index.php?rest_route=%2Fwp%2Fv2%2Fmedia&parent=3169"}],"wp:term":[{"taxonomy":"category","embeddable":true,"href":"http:\/\/projetscitoyens.francas71.org\/index.php?rest_route=%2Fwp%2Fv2%2Fcategories&post=3169"},{"taxonomy":"post_tag","embeddable":true,"href":"http:\/\/projetscitoyens.francas71.org\/index.php?rest_route=%2Fwp%2Fv2%2Ftags&post=3169"}],"curies":[{"name":"wp","href":"https:\/\/api.w.org\/{rel}","templated":true}]}}