{"id":3192,"date":"2020-12-07T11:13:19","date_gmt":"2020-12-07T10:13:19","guid":{"rendered":"http:\/\/projetscitoyens.francas71.org\/?p=3192"},"modified":"2020-12-07T11:13:19","modified_gmt":"2020-12-07T10:13:19","slug":"ateliers-journalisme-aux-colleges","status":"publish","type":"post","link":"http:\/\/projetscitoyens.francas71.org\/?p=3192","title":{"rendered":"Ateliers journalisme aux Coll\u00e8ges"},"content":{"rendered":"\n<p>Depuis la rentr\u00e9e de cet automne, les Francas de Sa\u00f4ne et Loire animent des ateliers journalisme radio dans deux coll\u00e8ges diff\u00e9rents : le <a href=\"http:\/\/col71-saintcyr.ac-dijon.fr\/\" onclick=\"return TrackClick('http%3A%2F%2Fcol71-saintcyr.ac-dijon.fr%2F','coll%C3%A8ge+St+Cyr+de+Matour')\">coll\u00e8ge St Cyr de Matour<\/a> ET le <a href=\"http:\/\/col71-victorhugo.ac-dijon.fr\/\" onclick=\"return TrackClick('http%3A%2F%2Fcol71-victorhugo.ac-dijon.fr%2F','coll%C3%A8ge+Victor+Hugo+de+Lugny')\">coll\u00e8ge Victor Hugo de Lugny<\/a><\/p>\n\n\n\n<p>Ces deux ateliers qui vont se d\u00e9rouler entre octobre 2020 et mars\/avril 2021, visent \u00e0 permettre \u00e0 deux groupes de jeunes de produire des informations sur diff\u00e9rents sujets pour ensuite les diffuser notamment sur <a href=\"https:\/\/lesradiosfrancas.fr\/\" onclick=\"return TrackClick('https%3A%2F%2Flesradiosfrancas.fr%2F','la+web+radio+des+Francas')\">la web radio des Francas<\/a>.<\/p>\n\n\n\n<p>Premier atelier \u00e0 avoir d\u00e9but\u00e9 &#8230; celui du coll\u00e8ge de Matour. Un groupe de 9 jeunes de 4\u00e8me qui une semaine sur deux vont d\u00e9battre sur l&rsquo;actualit\u00e9, faire des recherches sur les sujets qu&rsquo;ils souhaitent, et pr\u00e9parer des sujets courts qui seront enregistr\u00e9s et ensuite diffus\u00e9s sur la web radio des Francas. Un partenariat avec <a href=\"http:\/\/www.radiobresse.com\/\" onclick=\"return TrackClick('http%3A%2F%2Fwww.radiobresse.com%2F','Radio+Bresse')\">Radio Bresse<\/a> devrait permettre aussi de diffuser certains \u00ab\u00a0sons\u00a0\u00bb sur les antennes de cette radio associative locale.<\/p>\n\n\n\n<figure class=\"wp-block-image size-large\"><img loading=\"lazy\" decoding=\"async\" width=\"533\" height=\"300\" data-attachment-id=\"3186\" data-permalink=\"http:\/\/projetscitoyens.francas71.org\/?attachment_id=3186\" data-orig-file=\"https:\/\/i0.wp.com\/projetscitoyens.francas71.org\/wp-content\/uploads\/2020\/12\/matour-06.jpg?fit=533%2C300\" data-orig-size=\"533,300\" data-comments-opened=\"1\" data-image-meta=\"{&quot;aperture&quot;:&quot;0&quot;,&quot;credit&quot;:&quot;&quot;,&quot;camera&quot;:&quot;&quot;,&quot;caption&quot;:&quot;&quot;,&quot;created_timestamp&quot;:&quot;0&quot;,&quot;copyright&quot;:&quot;&quot;,&quot;focal_length&quot;:&quot;0&quot;,&quot;iso&quot;:&quot;0&quot;,&quot;shutter_speed&quot;:&quot;0&quot;,&quot;title&quot;:&quot;&quot;,&quot;orientation&quot;:&quot;0&quot;}\" data-image-title=\"matour 06\" data-image-description=\"\" data-image-caption=\"\" data-medium-file=\"https:\/\/i0.wp.com\/projetscitoyens.francas71.org\/wp-content\/uploads\/2020\/12\/matour-06.jpg?fit=300%2C169\" data-large-file=\"https:\/\/i0.wp.com\/projetscitoyens.francas71.org\/wp-content\/uploads\/2020\/12\/matour-06.jpg?fit=533%2C300\" tabindex=\"0\" role=\"button\" src=\"https:\/\/i0.wp.com\/projetscitoyens.francas71.org\/wp-content\/uploads\/2020\/12\/matour-06.jpg?resize=533%2C300\" alt=\"\" class=\"wp-image-3186\" srcset=\"https:\/\/i0.wp.com\/projetscitoyens.francas71.org\/wp-content\/uploads\/2020\/12\/matour-06.jpg?w=533 533w, https:\/\/i0.wp.com\/projetscitoyens.francas71.org\/wp-content\/uploads\/2020\/12\/matour-06.jpg?resize=300%2C169 300w, https:\/\/i0.wp.com\/projetscitoyens.francas71.org\/wp-content\/uploads\/2020\/12\/matour-06.jpg?resize=480%2C270 480w\" sizes=\"(max-width: 533px) 100vw, 533px\" data-recalc-dims=\"1\" \/><figcaption>D\u00e9couverte du mat\u00e9riel audio<\/figcaption><\/figure>\n\n\n\n<figure class=\"wp-block-image size-large\"><img loading=\"lazy\" decoding=\"async\" width=\"300\" height=\"533\" data-attachment-id=\"3181\" data-permalink=\"http:\/\/projetscitoyens.francas71.org\/?attachment_id=3181\" data-orig-file=\"https:\/\/i0.wp.com\/projetscitoyens.francas71.org\/wp-content\/uploads\/2020\/12\/matour-01.jpg?fit=300%2C533\" data-orig-size=\"300,533\" data-comments-opened=\"1\" data-image-meta=\"{&quot;aperture&quot;:&quot;0&quot;,&quot;credit&quot;:&quot;&quot;,&quot;camera&quot;:&quot;&quot;,&quot;caption&quot;:&quot;&quot;,&quot;created_timestamp&quot;:&quot;0&quot;,&quot;copyright&quot;:&quot;&quot;,&quot;focal_length&quot;:&quot;0&quot;,&quot;iso&quot;:&quot;0&quot;,&quot;shutter_speed&quot;:&quot;0&quot;,&quot;title&quot;:&quot;&quot;,&quot;orientation&quot;:&quot;0&quot;}\" data-image-title=\"matour 01\" data-image-description=\"\" data-image-caption=\"\" data-medium-file=\"https:\/\/i0.wp.com\/projetscitoyens.francas71.org\/wp-content\/uploads\/2020\/12\/matour-01.jpg?fit=169%2C300\" data-large-file=\"https:\/\/i0.wp.com\/projetscitoyens.francas71.org\/wp-content\/uploads\/2020\/12\/matour-01.jpg?fit=300%2C533\" tabindex=\"0\" role=\"button\" src=\"https:\/\/i0.wp.com\/projetscitoyens.francas71.org\/wp-content\/uploads\/2020\/12\/matour-01.jpg?resize=300%2C533\" alt=\"\" class=\"wp-image-3181\" srcset=\"https:\/\/i0.wp.com\/projetscitoyens.francas71.org\/wp-content\/uploads\/2020\/12\/matour-01.jpg?w=300 300w, https:\/\/i0.wp.com\/projetscitoyens.francas71.org\/wp-content\/uploads\/2020\/12\/matour-01.jpg?resize=169%2C300 169w, https:\/\/i0.wp.com\/projetscitoyens.francas71.org\/wp-content\/uploads\/2020\/12\/matour-01.jpg?resize=152%2C270 152w\" sizes=\"(max-width: 300px) 100vw, 300px\" data-recalc-dims=\"1\" \/><figcaption>Impatient de parler dans le micro !<\/figcaption><\/figure>\n\n\n\n<figure class=\"wp-block-image size-large\"><img loading=\"lazy\" decoding=\"async\" width=\"300\" height=\"533\" data-attachment-id=\"3182\" data-permalink=\"http:\/\/projetscitoyens.francas71.org\/?attachment_id=3182\" data-orig-file=\"https:\/\/i0.wp.com\/projetscitoyens.francas71.org\/wp-content\/uploads\/2020\/12\/matour-02.jpg?fit=300%2C533\" data-orig-size=\"300,533\" data-comments-opened=\"1\" data-image-meta=\"{&quot;aperture&quot;:&quot;0&quot;,&quot;credit&quot;:&quot;&quot;,&quot;camera&quot;:&quot;&quot;,&quot;caption&quot;:&quot;&quot;,&quot;created_timestamp&quot;:&quot;0&quot;,&quot;copyright&quot;:&quot;&quot;,&quot;focal_length&quot;:&quot;0&quot;,&quot;iso&quot;:&quot;0&quot;,&quot;shutter_speed&quot;:&quot;0&quot;,&quot;title&quot;:&quot;&quot;,&quot;orientation&quot;:&quot;0&quot;}\" data-image-title=\"matour 02\" data-image-description=\"\" data-image-caption=\"\" data-medium-file=\"https:\/\/i0.wp.com\/projetscitoyens.francas71.org\/wp-content\/uploads\/2020\/12\/matour-02.jpg?fit=169%2C300\" data-large-file=\"https:\/\/i0.wp.com\/projetscitoyens.francas71.org\/wp-content\/uploads\/2020\/12\/matour-02.jpg?fit=300%2C533\" tabindex=\"0\" role=\"button\" src=\"https:\/\/i0.wp.com\/projetscitoyens.francas71.org\/wp-content\/uploads\/2020\/12\/matour-02.jpg?resize=300%2C533\" alt=\"\" class=\"wp-image-3182\" srcset=\"https:\/\/i0.wp.com\/projetscitoyens.francas71.org\/wp-content\/uploads\/2020\/12\/matour-02.jpg?w=300 300w, https:\/\/i0.wp.com\/projetscitoyens.francas71.org\/wp-content\/uploads\/2020\/12\/matour-02.jpg?resize=169%2C300 169w, https:\/\/i0.wp.com\/projetscitoyens.francas71.org\/wp-content\/uploads\/2020\/12\/matour-02.jpg?resize=152%2C270 152w\" sizes=\"(max-width: 300px) 100vw, 300px\" data-recalc-dims=\"1\" \/><figcaption>Tous motiv\u00e9s !<\/figcaption><\/figure>\n\n\n\n<p>D\u00e9but novembre, c&rsquo;est au tour d&rsquo;un groupe de coll\u00e9giens du coll\u00e8ge de Lugny de se lancer dans l&rsquo;aventure. Un jeudi sur deux, jusqu&rsquo;en mars 2021, ce groupe de 8 jeunes va pr\u00e9parer une \u00e9mission radio de d\u00e9bat sur le vaste sujet des luttes contre les discriminations. D\u00e9bats, recherche d&rsquo;informations, choix des infos, pr\u00e9paration de questions, recherche d&rsquo;intervenants, etc &#8230; l&rsquo;atelier devrait permettre aux jeunes de rentrer dans la peau de journaliste radio.<\/p>\n\n\n\n<figure class=\"wp-block-image size-large\"><img loading=\"lazy\" decoding=\"async\" width=\"533\" height=\"300\" data-attachment-id=\"3189\" data-permalink=\"http:\/\/projetscitoyens.francas71.org\/?attachment_id=3189\" data-orig-file=\"https:\/\/i0.wp.com\/projetscitoyens.francas71.org\/wp-content\/uploads\/2020\/12\/lugny-02.jpg?fit=533%2C300\" data-orig-size=\"533,300\" data-comments-opened=\"1\" data-image-meta=\"{&quot;aperture&quot;:&quot;0&quot;,&quot;credit&quot;:&quot;&quot;,&quot;camera&quot;:&quot;&quot;,&quot;caption&quot;:&quot;&quot;,&quot;created_timestamp&quot;:&quot;0&quot;,&quot;copyright&quot;:&quot;&quot;,&quot;focal_length&quot;:&quot;0&quot;,&quot;iso&quot;:&quot;0&quot;,&quot;shutter_speed&quot;:&quot;0&quot;,&quot;title&quot;:&quot;&quot;,&quot;orientation&quot;:&quot;0&quot;}\" data-image-title=\"lugny 02\" data-image-description=\"\" data-image-caption=\"\" data-medium-file=\"https:\/\/i0.wp.com\/projetscitoyens.francas71.org\/wp-content\/uploads\/2020\/12\/lugny-02.jpg?fit=300%2C169\" data-large-file=\"https:\/\/i0.wp.com\/projetscitoyens.francas71.org\/wp-content\/uploads\/2020\/12\/lugny-02.jpg?fit=533%2C300\" tabindex=\"0\" role=\"button\" src=\"https:\/\/i0.wp.com\/projetscitoyens.francas71.org\/wp-content\/uploads\/2020\/12\/lugny-02.jpg?resize=533%2C300\" alt=\"\" class=\"wp-image-3189\" srcset=\"https:\/\/i0.wp.com\/projetscitoyens.francas71.org\/wp-content\/uploads\/2020\/12\/lugny-02.jpg?w=533 533w, https:\/\/i0.wp.com\/projetscitoyens.francas71.org\/wp-content\/uploads\/2020\/12\/lugny-02.jpg?resize=300%2C169 300w, https:\/\/i0.wp.com\/projetscitoyens.francas71.org\/wp-content\/uploads\/2020\/12\/lugny-02.jpg?resize=480%2C270 480w\" sizes=\"(max-width: 533px) 100vw, 533px\" data-recalc-dims=\"1\" \/><figcaption>S\u00e9ance de brassage d&rsquo;id\u00e9es<\/figcaption><\/figure>\n\n\n\n<figure class=\"wp-block-image size-large\"><img loading=\"lazy\" decoding=\"async\" width=\"300\" height=\"533\" data-attachment-id=\"3191\" data-permalink=\"http:\/\/projetscitoyens.francas71.org\/?attachment_id=3191\" data-orig-file=\"https:\/\/i0.wp.com\/projetscitoyens.francas71.org\/wp-content\/uploads\/2020\/12\/lugny-04.jpg?fit=300%2C533\" data-orig-size=\"300,533\" data-comments-opened=\"1\" data-image-meta=\"{&quot;aperture&quot;:&quot;0&quot;,&quot;credit&quot;:&quot;&quot;,&quot;camera&quot;:&quot;&quot;,&quot;caption&quot;:&quot;&quot;,&quot;created_timestamp&quot;:&quot;0&quot;,&quot;copyright&quot;:&quot;&quot;,&quot;focal_length&quot;:&quot;0&quot;,&quot;iso&quot;:&quot;0&quot;,&quot;shutter_speed&quot;:&quot;0&quot;,&quot;title&quot;:&quot;&quot;,&quot;orientation&quot;:&quot;0&quot;}\" data-image-title=\"lugny 04\" data-image-description=\"\" data-image-caption=\"\" data-medium-file=\"https:\/\/i0.wp.com\/projetscitoyens.francas71.org\/wp-content\/uploads\/2020\/12\/lugny-04.jpg?fit=169%2C300\" data-large-file=\"https:\/\/i0.wp.com\/projetscitoyens.francas71.org\/wp-content\/uploads\/2020\/12\/lugny-04.jpg?fit=300%2C533\" tabindex=\"0\" role=\"button\" src=\"https:\/\/i0.wp.com\/projetscitoyens.francas71.org\/wp-content\/uploads\/2020\/12\/lugny-04.jpg?resize=300%2C533\" alt=\"\" class=\"wp-image-3191\" srcset=\"https:\/\/i0.wp.com\/projetscitoyens.francas71.org\/wp-content\/uploads\/2020\/12\/lugny-04.jpg?w=300 300w, https:\/\/i0.wp.com\/projetscitoyens.francas71.org\/wp-content\/uploads\/2020\/12\/lugny-04.jpg?resize=169%2C300 169w, https:\/\/i0.wp.com\/projetscitoyens.francas71.org\/wp-content\/uploads\/2020\/12\/lugny-04.jpg?resize=152%2C270 152w\" sizes=\"(max-width: 300px) 100vw, 300px\" data-recalc-dims=\"1\" \/><figcaption>Concentr\u00e9s sur leurs id\u00e9es<\/figcaption><\/figure>\n\n\n\n<figure class=\"wp-block-image size-large\"><img loading=\"lazy\" decoding=\"async\" width=\"533\" height=\"300\" data-attachment-id=\"3188\" data-permalink=\"http:\/\/projetscitoyens.francas71.org\/?attachment_id=3188\" data-orig-file=\"https:\/\/i0.wp.com\/projetscitoyens.francas71.org\/wp-content\/uploads\/2020\/12\/lugny-01.jpg?fit=533%2C300\" data-orig-size=\"533,300\" data-comments-opened=\"1\" data-image-meta=\"{&quot;aperture&quot;:&quot;0&quot;,&quot;credit&quot;:&quot;&quot;,&quot;camera&quot;:&quot;&quot;,&quot;caption&quot;:&quot;&quot;,&quot;created_timestamp&quot;:&quot;0&quot;,&quot;copyright&quot;:&quot;&quot;,&quot;focal_length&quot;:&quot;0&quot;,&quot;iso&quot;:&quot;0&quot;,&quot;shutter_speed&quot;:&quot;0&quot;,&quot;title&quot;:&quot;&quot;,&quot;orientation&quot;:&quot;0&quot;}\" data-image-title=\"lugny 01\" data-image-description=\"\" data-image-caption=\"\" data-medium-file=\"https:\/\/i0.wp.com\/projetscitoyens.francas71.org\/wp-content\/uploads\/2020\/12\/lugny-01.jpg?fit=300%2C169\" data-large-file=\"https:\/\/i0.wp.com\/projetscitoyens.francas71.org\/wp-content\/uploads\/2020\/12\/lugny-01.jpg?fit=533%2C300\" tabindex=\"0\" role=\"button\" src=\"https:\/\/i0.wp.com\/projetscitoyens.francas71.org\/wp-content\/uploads\/2020\/12\/lugny-01.jpg?resize=533%2C300\" alt=\"\" class=\"wp-image-3188\" srcset=\"https:\/\/i0.wp.com\/projetscitoyens.francas71.org\/wp-content\/uploads\/2020\/12\/lugny-01.jpg?w=533 533w, https:\/\/i0.wp.com\/projetscitoyens.francas71.org\/wp-content\/uploads\/2020\/12\/lugny-01.jpg?resize=300%2C169 300w, https:\/\/i0.wp.com\/projetscitoyens.francas71.org\/wp-content\/uploads\/2020\/12\/lugny-01.jpg?resize=480%2C270 480w\" sizes=\"(max-width: 533px) 100vw, 533px\" data-recalc-dims=\"1\" \/><figcaption>M\u00e9lange d&rsquo;exp\u00e9riences<\/figcaption><\/figure>\n\n\n\n<p>Ces ateliers s&rsquo;inscrivent dans le m\u00eame dispositif d&rsquo;aide aux jeunes \u00ab\u00a0d\u00e9mobilis\u00e9s\u00a0\u00bb. Ce sont des jeunes de 4\u00e8me qui sur la base du volontariat s&rsquo;engagent dans une d\u00e9marche de Remobilisation pour vivre mieux au coll\u00e8ge et agir sur leur avenir.<\/p>\n","protected":false},"excerpt":{"rendered":"<p>Depuis la rentr\u00e9e de cet automne, les Francas de Sa\u00f4ne et Loire animent des ateliers journalisme radio dans deux coll\u00e8ges diff\u00e9rents : le coll\u00e8ge St Cyr de Matour ET le coll\u00e8ge Victor Hugo de Lugny Ces deux ateliers qui vont se d\u00e9rouler entre octobre 2020 et mars\/avril 2021, visent \u00e0 permettre \u00e0 deux groupes de jeunes de produire des informations sur diff\u00e9rents sujets pour ensuite les diffuser notamment sur la web radio des Francas. Premier atelier \u00e0 avoir d\u00e9but\u00e9 &#8230;&#8230;<\/p>\n<p class=\"read-more\"><a class=\"btn btn-default\" href=\"http:\/\/projetscitoyens.francas71.org\/?p=3192\" onclick=\"return TrackClick('http%3A%2F%2Fprojetscitoyens.francas71.org%2F%3Fp%3D3192','Lire+la+suite+Lire+la+suite')\">Lire la suite<span class=\"screen-reader-text\"> Lire la suite<\/span><\/a><\/p>\n","protected":false},"author":1,"featured_media":3193,"comment_status":"open","ping_status":"open","sticky":false,"template":"","format":"standard","meta":{"jetpack_post_was_ever_published":false,"_jetpack_newsletter_access":"","_jetpack_dont_email_post_to_subs":false,"_jetpack_newsletter_tier_id":0,"_jetpack_memberships_contains_paywalled_content":false,"_jetpack_memberships_contains_paid_content":false,"footnotes":"","jetpack_publicize_message":"","jetpack_publicize_feature_enabled":true,"jetpack_social_post_already_shared":true,"jetpack_social_options":{"image_generator_settings":{"template":"highway","enabled":false},"version":2}},"categories":[241,235,214],"tags":[257,34,258,255,254,181,256],"class_list":["post-3192","post","type-post","status-publish","format-standard","has-post-thumbnail","hentry","category-actualites","category-animation-du-reseau-de-professionnel","category-la-radio","tag-4eme","tag-college","tag-discrimination","tag-education-medias","tag-emi","tag-radio","tag-remobilisation"],"jetpack_publicize_connections":[],"jetpack_featured_media_url":"https:\/\/i0.wp.com\/projetscitoyens.francas71.org\/wp-content\/uploads\/2020\/12\/radio-neutre.jpg?fit=1447%2C1030","jetpack_sharing_enabled":true,"jetpack_shortlink":"https:\/\/wp.me\/p6M0zG-Pu","jetpack-related-posts":[],"jetpack_likes_enabled":true,"_links":{"self":[{"href":"http:\/\/projetscitoyens.francas71.org\/index.php?rest_route=\/wp\/v2\/posts\/3192"}],"collection":[{"href":"http:\/\/projetscitoyens.francas71.org\/index.php?rest_route=\/wp\/v2\/posts"}],"about":[{"href":"http:\/\/projetscitoyens.francas71.org\/index.php?rest_route=\/wp\/v2\/types\/post"}],"author":[{"embeddable":true,"href":"http:\/\/projetscitoyens.francas71.org\/index.php?rest_route=\/wp\/v2\/users\/1"}],"replies":[{"embeddable":true,"href":"http:\/\/projetscitoyens.francas71.org\/index.php?rest_route=%2Fwp%2Fv2%2Fcomments&post=3192"}],"version-history":[{"count":1,"href":"http:\/\/projetscitoyens.francas71.org\/index.php?rest_route=\/wp\/v2\/posts\/3192\/revisions"}],"predecessor-version":[{"id":3194,"href":"http:\/\/projetscitoyens.francas71.org\/index.php?rest_route=\/wp\/v2\/posts\/3192\/revisions\/3194"}],"wp:featuredmedia":[{"embeddable":true,"href":"http:\/\/projetscitoyens.francas71.org\/index.php?rest_route=\/wp\/v2\/media\/3193"}],"wp:attachment":[{"href":"http:\/\/projetscitoyens.francas71.org\/index.php?rest_route=%2Fwp%2Fv2%2Fmedia&parent=3192"}],"wp:term":[{"taxonomy":"category","embeddable":true,"href":"http:\/\/projetscitoyens.francas71.org\/index.php?rest_route=%2Fwp%2Fv2%2Fcategories&post=3192"},{"taxonomy":"post_tag","embeddable":true,"href":"http:\/\/projetscitoyens.francas71.org\/index.php?rest_route=%2Fwp%2Fv2%2Ftags&post=3192"}],"curies":[{"name":"wp","href":"https:\/\/api.w.org\/{rel}","templated":true}]}}