{"id":3208,"date":"2021-01-14T16:50:21","date_gmt":"2021-01-14T15:50:21","guid":{"rendered":"http:\/\/projetscitoyens.francas71.org\/?p=3208"},"modified":"2021-01-14T16:50:21","modified_gmt":"2021-01-14T15:50:21","slug":"place-a-nos-droits","status":"publish","type":"post","link":"http:\/\/projetscitoyens.francas71.org\/?p=3208","title":{"rendered":"Place \u00e0 Nos Droits"},"content":{"rendered":"\n<h3 class=\"wp-block-heading\">Les Francas de Sa\u00f4ne et Loire proposent un programme d&rsquo;actions p\u00e9dagogiques pour aborder la citoyennet\u00e9, les droits de l&rsquo;enfant et les conditions de vie enfantine.<\/h3>\n\n\n\n<div class=\"wp-block-image\"><figure class=\"aligncenter size-large is-resized\"><img loading=\"lazy\" decoding=\"async\" data-attachment-id=\"3210\" data-permalink=\"http:\/\/projetscitoyens.francas71.org\/?attachment_id=3210\" data-orig-file=\"https:\/\/i0.wp.com\/projetscitoyens.francas71.org\/wp-content\/uploads\/2021\/01\/logo-Place-a-nos-droits_RVB-bdf.jpg?fit=300%2C451\" data-orig-size=\"300,451\" data-comments-opened=\"1\" data-image-meta=\"{&quot;aperture&quot;:&quot;0&quot;,&quot;credit&quot;:&quot;&quot;,&quot;camera&quot;:&quot;&quot;,&quot;caption&quot;:&quot;&quot;,&quot;created_timestamp&quot;:&quot;0&quot;,&quot;copyright&quot;:&quot;&quot;,&quot;focal_length&quot;:&quot;0&quot;,&quot;iso&quot;:&quot;0&quot;,&quot;shutter_speed&quot;:&quot;0&quot;,&quot;title&quot;:&quot;&quot;,&quot;orientation&quot;:&quot;0&quot;}\" data-image-title=\"logo-Place-a-nos-droits_RVB-bdf\" data-image-description=\"\" data-image-caption=\"\" data-medium-file=\"https:\/\/i0.wp.com\/projetscitoyens.francas71.org\/wp-content\/uploads\/2021\/01\/logo-Place-a-nos-droits_RVB-bdf.jpg?fit=200%2C300\" data-large-file=\"https:\/\/i0.wp.com\/projetscitoyens.francas71.org\/wp-content\/uploads\/2021\/01\/logo-Place-a-nos-droits_RVB-bdf.jpg?fit=300%2C451\" tabindex=\"0\" role=\"button\" src=\"https:\/\/i0.wp.com\/projetscitoyens.francas71.org\/wp-content\/uploads\/2021\/01\/logo-Place-a-nos-droits_RVB-bdf.jpg?resize=174%2C262\" alt=\"\" class=\"wp-image-3210\" width=\"174\" height=\"262\" srcset=\"https:\/\/i0.wp.com\/projetscitoyens.francas71.org\/wp-content\/uploads\/2021\/01\/logo-Place-a-nos-droits_RVB-bdf.jpg?w=300 300w, https:\/\/i0.wp.com\/projetscitoyens.francas71.org\/wp-content\/uploads\/2021\/01\/logo-Place-a-nos-droits_RVB-bdf.jpg?resize=200%2C300 200w, https:\/\/i0.wp.com\/projetscitoyens.francas71.org\/wp-content\/uploads\/2021\/01\/logo-Place-a-nos-droits_RVB-bdf.jpg?resize=180%2C270 180w\" sizes=\"(max-width: 174px) 100vw, 174px\" data-recalc-dims=\"1\" \/><\/figure><\/div>\n\n\n\n<p>Pour cette ann\u00e9e 2021, nous proposons 4 actions compl\u00e9mentaires en direction de TOUS les espaces \u00e9ducatifs du d\u00e9partement :<br>>> une action pour jouer autour des droits de l&rsquo;enfant<br>>> une action d&rsquo;\u00e9change interculturel avec un groupe d&rsquo;enfants en Afrique du Sud<br>>> une action autour des questions de diff\u00e9rences<br>>> une action pour agir pour les autres<\/p>\n\n\n\n<p>Vous trouverez en suivant ce lien le <a href=\"http:\/\/projetscitoyens.francas71.org\/wp-content\/uploads\/2021\/01\/PND-2021-catalogue-Francas-71.pdf\" onclick=\"return TrackClick('http%3A%2F%2Fprojetscitoyens.francas71.org%2Fwp-content%2Fuploads%2F2021%2F01%2FPND-2021-catalogue-Francas-71.pdf','dossier+complet')\">dossier complet <\/a>avec la pr\u00e9sentation d\u00e9taill\u00e9e des actions et les modalit\u00e9s d&rsquo;intervention.<\/p>\n\n\n\n<p>Vous pouvez aussi suivre notre lien vers notre cha\u00eene Youtube o\u00f9 un <a href=\"https:\/\/www.youtube.com\/watch?v=LbfVvLBnbLg\" onclick=\"return TrackClick('https%3A%2F%2Fwww.youtube.com%2Fwatch%3Fv%3DLbfVvLBnbLg','petit+clip+r%C3%A9sume+les+propositions')\">petit clip r\u00e9sume les propositions<\/a>. Un clip r\u00e9alis\u00e9 avec l&rsquo;\u00e9quipe permanente du <a href=\"http:\/\/centre.loisirscolombier.fr\/\" onclick=\"return TrackClick('http%3A%2F%2Fcentre.loisirscolombier.fr%2F','centre+de+loisirs+de+Colombier+en+Brionnais')\">centre de loisirs de Colombier en Brionnais<\/a>.<\/p>\n\n\n\n<p><\/p>\n","protected":false},"excerpt":{"rendered":"<p>Les Francas de Sa\u00f4ne et Loire proposent un programme d&rsquo;actions p\u00e9dagogiques pour aborder la citoyennet\u00e9, les droits de l&rsquo;enfant et les conditions de vie enfantine. Pour cette ann\u00e9e 2021, nous proposons 4 actions compl\u00e9mentaires en direction de TOUS les espaces \u00e9ducatifs du d\u00e9partement :>> une action pour jouer autour des droits de l&rsquo;enfant>> une action d&rsquo;\u00e9change interculturel avec un groupe d&rsquo;enfants en Afrique du Sud>> une action autour des questions de diff\u00e9rences>> une action pour agir pour les autres Vous&#8230;<\/p>\n<p class=\"read-more\"><a class=\"btn btn-default\" href=\"http:\/\/projetscitoyens.francas71.org\/?p=3208\" onclick=\"return TrackClick('http%3A%2F%2Fprojetscitoyens.francas71.org%2F%3Fp%3D3208','Lire+la+suite+Lire+la+suite')\">Lire la suite<span class=\"screen-reader-text\"> Lire la suite<\/span><\/a><\/p>\n","protected":false},"author":1,"featured_media":3210,"comment_status":"open","ping_status":"open","sticky":false,"template":"","format":"standard","meta":{"jetpack_post_was_ever_published":false,"_jetpack_newsletter_access":"","_jetpack_dont_email_post_to_subs":false,"_jetpack_newsletter_tier_id":0,"_jetpack_memberships_contains_paywalled_content":false,"_jetpack_memberships_contains_paid_content":false,"footnotes":"","jetpack_publicize_message":"","jetpack_publicize_feature_enabled":true,"jetpack_social_post_already_shared":true,"jetpack_social_options":{"image_generator_settings":{"template":"highway","enabled":false},"version":2}},"categories":[119],"tags":[150,263,260,261,262,211],"class_list":["post-3208","post","type-post","status-publish","format-standard","has-post-thumbnail","hentry","category-agis-pour-tes-droits-2","tag-citoyennete","tag-discriminations","tag-droit-enfant","tag-interculturel","tag-racisme","tag-vivre-ensemble"],"jetpack_publicize_connections":[],"jetpack_featured_media_url":"https:\/\/i0.wp.com\/projetscitoyens.francas71.org\/wp-content\/uploads\/2021\/01\/logo-Place-a-nos-droits_RVB-bdf.jpg?fit=300%2C451","jetpack_sharing_enabled":true,"jetpack_shortlink":"https:\/\/wp.me\/p6M0zG-PK","jetpack-related-posts":[],"jetpack_likes_enabled":true,"_links":{"self":[{"href":"http:\/\/projetscitoyens.francas71.org\/index.php?rest_route=\/wp\/v2\/posts\/3208"}],"collection":[{"href":"http:\/\/projetscitoyens.francas71.org\/index.php?rest_route=\/wp\/v2\/posts"}],"about":[{"href":"http:\/\/projetscitoyens.francas71.org\/index.php?rest_route=\/wp\/v2\/types\/post"}],"author":[{"embeddable":true,"href":"http:\/\/projetscitoyens.francas71.org\/index.php?rest_route=\/wp\/v2\/users\/1"}],"replies":[{"embeddable":true,"href":"http:\/\/projetscitoyens.francas71.org\/index.php?rest_route=%2Fwp%2Fv2%2Fcomments&post=3208"}],"version-history":[{"count":3,"href":"http:\/\/projetscitoyens.francas71.org\/index.php?rest_route=\/wp\/v2\/posts\/3208\/revisions"}],"predecessor-version":[{"id":3212,"href":"http:\/\/projetscitoyens.francas71.org\/index.php?rest_route=\/wp\/v2\/posts\/3208\/revisions\/3212"}],"wp:featuredmedia":[{"embeddable":true,"href":"http:\/\/projetscitoyens.francas71.org\/index.php?rest_route=\/wp\/v2\/media\/3210"}],"wp:attachment":[{"href":"http:\/\/projetscitoyens.francas71.org\/index.php?rest_route=%2Fwp%2Fv2%2Fmedia&parent=3208"}],"wp:term":[{"taxonomy":"category","embeddable":true,"href":"http:\/\/projetscitoyens.francas71.org\/index.php?rest_route=%2Fwp%2Fv2%2Fcategories&post=3208"},{"taxonomy":"post_tag","embeddable":true,"href":"http:\/\/projetscitoyens.francas71.org\/index.php?rest_route=%2Fwp%2Fv2%2Ftags&post=3208"}],"curies":[{"name":"wp","href":"https:\/\/api.w.org\/{rel}","templated":true}]}}