{"id":3216,"date":"2021-01-29T11:46:30","date_gmt":"2021-01-29T10:46:30","guid":{"rendered":"http:\/\/projetscitoyens.francas71.org\/?p=3216"},"modified":"2021-01-29T11:46:30","modified_gmt":"2021-01-29T10:46:30","slug":"la-radio-un-outil-pour-lexpression-des-enfants-et-des-jeunes","status":"publish","type":"post","link":"http:\/\/projetscitoyens.francas71.org\/?p=3216","title":{"rendered":"La radio, un outil pour l&rsquo;expression des enfants et des jeunes"},"content":{"rendered":"\n<h4 class=\"has-very-dark-gray-color has-text-color wp-block-heading\">Les Francas de Sa\u00f4ne-et-Loire proposent une diversit\u00e9 de formes d&rsquo;actions d&rsquo;expression en utilisant l&rsquo;outil radio. Un outil favorisant l&rsquo;expression orale et \u00e9crite des enfants et des jeunes et de tous les publics.<\/h4>\n\n\n\n<p>Nous d\u00e9veloppons cet outil radio depuis plus de 4 ans sur le d\u00e9partement. Nous avons pu animer plusieurs formes d&rsquo;ateliers que vous pouvez retrouver sur ce site.<\/p>\n\n\n\n<p>Pour cette ann\u00e9e 2021, 4 modules sont propos\u00e9s :<br>M1 \/ enregistrer des podcasts<br>M2 \/ recueillir la parole d&rsquo;un public<br>M3 \/ concevoir une \u00e9mission de radio collective<br>M4 \/ devenir journaliste num\u00e9rique<\/p>\n\n\n\n<p>Ces quatre formes d&rsquo;ateliers doivent \u00e9videmment \u00eatre adapt\u00e9es aux ambitions \u00e9ducatives, aux fonctionnements et aux contraintes des structures int\u00e9ress\u00e9es.<\/p>\n\n\n\n<p><a href=\"http:\/\/projetscitoyens.francas71.org\/wp-content\/uploads\/2021\/01\/Francas-71-radio-catalogue-2021.pdf\" onclick=\"return TrackClick('http%3A%2F%2Fprojetscitoyens.francas71.org%2Fwp-content%2Fuploads%2F2021%2F01%2FFrancas-71-radio-catalogue-2021.pdf','Le+lien+pour+ouvrir+le+document')\">Le lien pour ouvrir le document<\/a><\/p>\n","protected":false},"excerpt":{"rendered":"<p>Les Francas de Sa\u00f4ne-et-Loire proposent une diversit\u00e9 de formes d&rsquo;actions d&rsquo;expression en utilisant l&rsquo;outil radio. Un outil favorisant l&rsquo;expression orale et \u00e9crite des enfants et des jeunes et de tous les publics. Nous d\u00e9veloppons cet outil radio depuis plus de 4 ans sur le d\u00e9partement. Nous avons pu animer plusieurs formes d&rsquo;ateliers que vous pouvez retrouver sur ce site. Pour cette ann\u00e9e 2021, 4 modules sont propos\u00e9s :M1 \/ enregistrer des podcastsM2 \/ recueillir la parole d&rsquo;un publicM3 \/ concevoir&#8230;<\/p>\n<p class=\"read-more\"><a class=\"btn btn-default\" href=\"http:\/\/projetscitoyens.francas71.org\/?p=3216\" onclick=\"return TrackClick('http%3A%2F%2Fprojetscitoyens.francas71.org%2F%3Fp%3D3216','Lire+la+suite+Lire+la+suite')\">Lire la suite<span class=\"screen-reader-text\"> Lire la suite<\/span><\/a><\/p>\n","protected":false},"author":1,"featured_media":3215,"comment_status":"open","ping_status":"open","sticky":false,"template":"","format":"standard","meta":{"jetpack_post_was_ever_published":false,"_jetpack_newsletter_access":"","_jetpack_dont_email_post_to_subs":false,"_jetpack_newsletter_tier_id":0,"_jetpack_memberships_contains_paywalled_content":false,"_jetpack_memberships_contains_paid_content":false,"footnotes":"","jetpack_publicize_message":"","jetpack_publicize_feature_enabled":true,"jetpack_social_post_already_shared":true,"jetpack_social_options":{"image_generator_settings":{"template":"highway","enabled":false},"version":2}},"categories":[214],"tags":[264,254,192,265,207,194],"class_list":["post-3216","post","type-post","status-publish","format-standard","has-post-thumbnail","hentry","category-la-radio","tag-education-aux-medias","tag-emi","tag-expression","tag-information","tag-medias","tag-numerique"],"jetpack_publicize_connections":[],"jetpack_featured_media_url":"https:\/\/i0.wp.com\/projetscitoyens.francas71.org\/wp-content\/uploads\/2021\/01\/image-radio.jpg?fit=488%2C311","jetpack_sharing_enabled":true,"jetpack_shortlink":"https:\/\/wp.me\/p6M0zG-PS","jetpack-related-posts":[],"jetpack_likes_enabled":true,"_links":{"self":[{"href":"http:\/\/projetscitoyens.francas71.org\/index.php?rest_route=\/wp\/v2\/posts\/3216"}],"collection":[{"href":"http:\/\/projetscitoyens.francas71.org\/index.php?rest_route=\/wp\/v2\/posts"}],"about":[{"href":"http:\/\/projetscitoyens.francas71.org\/index.php?rest_route=\/wp\/v2\/types\/post"}],"author":[{"embeddable":true,"href":"http:\/\/projetscitoyens.francas71.org\/index.php?rest_route=\/wp\/v2\/users\/1"}],"replies":[{"embeddable":true,"href":"http:\/\/projetscitoyens.francas71.org\/index.php?rest_route=%2Fwp%2Fv2%2Fcomments&post=3216"}],"version-history":[{"count":1,"href":"http:\/\/projetscitoyens.francas71.org\/index.php?rest_route=\/wp\/v2\/posts\/3216\/revisions"}],"predecessor-version":[{"id":3217,"href":"http:\/\/projetscitoyens.francas71.org\/index.php?rest_route=\/wp\/v2\/posts\/3216\/revisions\/3217"}],"wp:featuredmedia":[{"embeddable":true,"href":"http:\/\/projetscitoyens.francas71.org\/index.php?rest_route=\/wp\/v2\/media\/3215"}],"wp:attachment":[{"href":"http:\/\/projetscitoyens.francas71.org\/index.php?rest_route=%2Fwp%2Fv2%2Fmedia&parent=3216"}],"wp:term":[{"taxonomy":"category","embeddable":true,"href":"http:\/\/projetscitoyens.francas71.org\/index.php?rest_route=%2Fwp%2Fv2%2Fcategories&post=3216"},{"taxonomy":"post_tag","embeddable":true,"href":"http:\/\/projetscitoyens.francas71.org\/index.php?rest_route=%2Fwp%2Fv2%2Ftags&post=3216"}],"curies":[{"name":"wp","href":"https:\/\/api.w.org\/{rel}","templated":true}]}}